{"id":7414,"date":"2014-01-24T16:01:30","date_gmt":"2014-01-24T15:01:30","guid":{"rendered":"https:\/\/wp.muchomaas.com\/le-quepa-sur-la-vilni-road-movie7414\/"},"modified":"2023-06-23T23:16:25","modified_gmt":"2023-06-23T21:16:25","slug":"le-quepa-sur-la-vilni-road-movie7414","status":"publish","type":"post","link":"https:\/\/archives.regards.fr\/?p=7414","title":{"rendered":"Le Quepa sur la Vilni, road movie cycliste et dr\u00f4le"},"content":{"rendered":"<p class=\"post_excerpt\">Pr\u00e9sent\u00e9s ensemble, les deux premiers films de Yann Le Quellec emportent le spectateur dans le joyeux m\u00e9lange d&#8217;un cin\u00e9ma audacieux, color\u00e9 et d\u00e9j\u00e0 ma\u00eetris\u00e9. <\/p>\n<p>Bernard Menez, Christophe, Bernard Hinault\u00a0: si ce casting \u00e9trange \u00e9moustille le spectateur nostalgique des ann\u00e9es 1970 et 1980 et attire l\u2019amateur de carpes, de lapins et de cultures populaires, il peut aussi \u00e9veiller l\u2019inqui\u00e9tude du critique sourcilleux. Oui, mais pour faire quoi\u00a0? <em>Le Quepa sur la Vilni,<\/em> r\u00e9alis\u00e9 par Yann Le Quellec, r\u00e9pond avec humour\u00a0: du cin\u00e9ma. Du cin\u00e9ma qui rend hommage \u00e0 la cin\u00e9philie et au v\u00e9lo, \u00e0 la musique et \u00e0 la danse &#8211; et accessoirement \u00e0 la litt\u00e9rature. <\/p>\n<p><iframe loading=\"lazy\" width=\"460\" height=\"259\" src=\"\/\/www.youtube.com\/embed\/-Yo5nnjItXw?rel=0\" frameborder=\"0\" allowfullscreen><\/iframe><\/p>\n<p>Soit le maire de No\u00e8re (Christophe) qui, pour annoncer l\u2019inauguration d\u2019un cin\u00e9ma dans son village des Corbi\u00e8res, envoie une \u00e9quipe de jeunes cyclistes men\u00e9e par Bernard M\u00e9nez (facteur \u00e0 la retraite) parcourir les routes de montagne. Chaque cycliste est affubl\u00e9 d\u2019une lettre du film annonc\u00e9 (<em>Panique sur la ville\u00a0!<\/em>, film d\u2019\u00e9pouvante datant de 1957). Cela rend peu ais\u00e9e la locomotion par grand vent. Pendant ce temps, Christophe, juch\u00e9 sur un \u00e2ne, devise en totale improvisation \u2013 quand il ne joue pas de l\u2019harmonica \u2013 avec son fid\u00e8le Pancho (Yves Pauc, vigneron dans le civil). Sur la route, l\u2019\u00e9quipe cycliste croisera un dieu vivant (Bernard Hinault) et une bourgade d\u00e9lirante \u2013 le village de Folk men\u00e9 par son maire dyonisiaque (le danseur Romeu Runa). Lors de ce voyage initiatique, une sorte de road movie revenant \u00e0 son point de d\u00e9part, une double exp\u00e9rience sera profitable \u00e0 presque tous\u00a0: l\u2019alliance de l\u2019\u00e9veil aux sens et du sens du devoir. <\/p>\n<h2>Presque une com\u00e9die musicale<\/h2>\n<p>Si, par son go\u00fbt de l\u2019absurde et certains de ses th\u00e8mes, <em>La Quepa sur la Vilni<\/em> fait bien s\u00fbr songer \u00e0 Tati et Jacques Rozier \u2013 et aux premiers Guiraudie \u2013, ce moyen m\u00e9trage trouve \u00e9galement sa place dans un certain renouveau du comique fran\u00e7ais. Quelque part, peut-\u00eatre, entre le dr\u00f4lissime <em>La Fille du Quatorze Juillet<\/em> d\u2019Antonin Peretjatko (2013) et les films, plus d\u00e9cal\u00e9s, de Beno\u00eet Forgeard ou de Thierry Jousse. Un go\u00fbt pour le kitsch et la citation sans p\u00e9danterie ni cynisme\u00a0; une douce tension entre la nostalgie des paradis perdus et un besoin d\u2019utopie. La r\u00e9ussite de <em>Quepa sur la Vilni<\/em>, prix Jean Vigo 2013, est aussi due \u00e0 son remarquable travail sur le son, \u00e0 la pr\u00e9cision de ses cadres (le film est tourn\u00e9 en scope) et \u00e0 la beaut\u00e9 de sa gamme chromatique, digne d\u2019une com\u00e9die musicale \u2013 ce qu\u2019il est presque. Le blanc du costume du maire de No\u00e8re, le jaune de celui de Bernard Hinault, le bleu du groupe de cycliste, se d\u00e9tachent au sein d\u2019un paysage somptueux parfois nimb\u00e9 de rose et violet, autant de couleurs qui n\u2019auraient pas d\u00e9plu \u00e0 Jacques Demy. <\/p>\n<p>Le premier film de Yann Le Quellec,<em> Je sens le Beat qui monte en moi<\/em>, est aussi programm\u00e9, en premi\u00e8re partie, avec <em>Le Quepa sur la Vilni<\/em> (qui est son second film). Cette fois interpr\u00e9t\u00e9e par la danseuse Rosalba Torres Guerrero et le critique, acteur et r\u00e9alisateur Serge Bozon, cette rencontre amoureuse rend encore hommage au d\u00e9mon de la musique. Serge Bozon \u2013 amateur de northern soul \u2013 est en parfaite osmose avec l\u2019univers burlesque de Yann Le Quellec (aussi influenc\u00e9, dans ce film, par Luc Moullet et Buster Keaton). Et les piliers de la cath\u00e9drale de Poitiers se souviendront longtemps encore, sans doute, de la robe rouge de Rosalba Torres Guerrero et de ses pas poss\u00e9d\u00e9s. Voici donc un auteur qui assume sa cin\u00e9philie et ses influences, m\u00e9lange les acteurs, les ic\u00f4nes et \u00ab\u00a0les vraies gens\u00a0\u00bb, tout en r\u00e9ussissant \u00e0 cr\u00e9er son propre univers, univers donnant envie de rire et de danser. On ne va pas s\u2019en plaindre. <\/p>\n<div id='gallery-1' class='gallery galleryid-7414 gallery-columns-3 gallery-size-thumbnail'><figure class='gallery-item'>\n\t\t\t<div class='gallery-icon portrait'>\n\t\t\t\t<a href='https:\/\/archives.regards.fr\/wp-content\/uploads\/2014\/01\/318616-400.jpg-r_160_240-b_1_d6d6d6-f_jpg-q_x-xxyxx.jpg'><img loading=\"lazy\" decoding=\"async\" width=\"150\" height=\"150\" src=\"https:\/\/archives.regards.fr\/wp-content\/uploads\/2014\/01\/318616-400.jpg-r_160_240-b_1_d6d6d6-f_jpg-q_x-xxyxx-150x150.jpg\" class=\"attachment-thumbnail size-thumbnail\" alt=\"318616.jpg-r_160_240-b_1_d6d6d6-f_jpg-q_x-xxyxx.jpg\" \/><\/a>\n\t\t\t<\/div><\/figure><figure class='gallery-item'>\n\t\t\t<div class='gallery-icon landscape'>\n\t\t\t\t<a href='https:\/\/archives.regards.fr\/wp-content\/uploads\/2014\/01\/film-8-da5.jpg'><img loading=\"lazy\" decoding=\"async\" width=\"150\" height=\"150\" src=\"https:\/\/archives.regards.fr\/wp-content\/uploads\/2014\/01\/film-8-da5-150x150.jpg\" class=\"attachment-thumbnail size-thumbnail\" alt=\"film-8.jpg\" \/><\/a>\n\t\t\t<\/div><\/figure>\n\t\t<\/div>\n\n","protected":false},"excerpt":{"rendered":"<p>Pr\u00e9sent\u00e9s ensemble, les deux premiers films de Yann Le Quellec emportent le spectateur dans le joyeux m\u00e9lange d&#8217;un cin\u00e9ma audacieux, color\u00e9 et d\u00e9j\u00e0 ma\u00eetris\u00e9. <\/p>\n","protected":false},"author":1,"featured_media":19697,"comment_status":"open","ping_status":"open","sticky":false,"template":"","format":"standard","meta":{"_themeisle_gutenberg_block_has_review":false,"footnotes":""},"categories":[157],"tags":[299],"class_list":["post-7414","post","type-post","status-publish","format-standard","has-post-thumbnail","hentry","category-web","tag-cinema"],"_links":{"self":[{"href":"https:\/\/archives.regards.fr\/index.php?rest_route=\/wp\/v2\/posts\/7414","targetHints":{"allow":["GET"]}}],"collection":[{"href":"https:\/\/archives.regards.fr\/index.php?rest_route=\/wp\/v2\/posts"}],"about":[{"href":"https:\/\/archives.regards.fr\/index.php?rest_route=\/wp\/v2\/types\/post"}],"author":[{"embeddable":true,"href":"https:\/\/archives.regards.fr\/index.php?rest_route=\/wp\/v2\/users\/1"}],"replies":[{"embeddable":true,"href":"https:\/\/archives.regards.fr\/index.php?rest_route=%2Fwp%2Fv2%2Fcomments&post=7414"}],"version-history":[{"count":0,"href":"https:\/\/archives.regards.fr\/index.php?rest_route=\/wp\/v2\/posts\/7414\/revisions"}],"wp:featuredmedia":[{"embeddable":true,"href":"https:\/\/archives.regards.fr\/index.php?rest_route=\/wp\/v2\/media\/19697"}],"wp:attachment":[{"href":"https:\/\/archives.regards.fr\/index.php?rest_route=%2Fwp%2Fv2%2Fmedia&parent=7414"}],"wp:term":[{"taxonomy":"category","embeddable":true,"href":"https:\/\/archives.regards.fr\/index.php?rest_route=%2Fwp%2Fv2%2Fcategories&post=7414"},{"taxonomy":"post_tag","embeddable":true,"href":"https:\/\/archives.regards.fr\/index.php?rest_route=%2Fwp%2Fv2%2Ftags&post=7414"}],"curies":[{"name":"wp","href":"https:\/\/api.w.org\/{rel}","templated":true}]}}