{"id":7398,"date":"2014-01-20T17:06:27","date_gmt":"2014-01-20T16:06:27","guid":{"rendered":"https:\/\/wp.muchomaas.com\/pcf-et-parti-de-gauche-et7398\/"},"modified":"2023-06-23T23:16:22","modified_gmt":"2023-06-23T21:16:22","slug":"pcf-et-parti-de-gauche-et7398","status":"publish","type":"post","link":"https:\/\/archives.regards.fr\/?p=7398","title":{"rendered":"PCF et Parti de gauche : et maintenant\u00a0?"},"content":{"rendered":"<p class=\"post_excerpt\">Le tout r\u00e9cent apaisement entre les deux principales composantes du Front de gauche ne doit pas donner l&#8217;impression d&#8217;un simple calcul politique, mais ouvrir de r\u00e9elles possibilit\u00e9s de r\u00e9pondre \u00e0 la crise politique et sociale. Avec une d\u00e9marche plus coh\u00e9rente que celle du PCF, et moins clivante que celle du PG&#8230;<\/p>\n<p>\u00ab\u00a0Ni union sans combat, ni combat sans union\u00a0\u00bb<\/p>\n<p>Vendredi 17 Janvier, des d\u00e9l\u00e9gations du Parti communiste et du Parti de gauche, emmen\u00e9es respectivement par Pierre Laurent et Jean-Luc M\u00e9lenchon se sont r\u00e9unies \u00e0 Paris. La rencontre marque le retour \u00e0 un climat plus apais\u00e9 au sein du Front de gauche, apr\u00e8s des mois de vives tensions et d&#8217;\u00e9change aigres-doux. Ce n&#8217;est un secret pour personne, depuis le vote des communistes \u00e0 Paris et le choix de rejoindre les listes d&#8217;Anne Hidalgo au premier tour, les relations entre ces deux partis s&#8217;\u00e9taient pour le moins refroidies. Le retour \u00e0 des relations normales entre partenaires est donc une bonne nouvelle, m\u00eame si le titre de l&#8217;article paru dans <em>L&#8217;Humanit\u00e9<\/em>, <a href=\"http:\/\/www.humanite.fr\/politique\/municipales-le-pcf-et-le-pg-depassent-leurs-desacc-557311\">\u00ab Municipales, le PCF et le PG d\u00e9passent leurs d\u00e9saccords \u00bb<\/a>, para\u00eet bien imprudent.<\/p>\n<h2>Confusion aux municipales<\/h2>\n<p>Au-del\u00e0 du cas embl\u00e9matique de Paris, le PCF a trouv\u00e9 utile de s&#8217;allier d\u00e8s le premier tour avec le Parti socialiste dans plus de la moiti\u00e9 des 408 villes de plus de 20.000 habitants. Cette situation est le signe que le Parti communiste n&#8217;a pas de strat\u00e9gie pour ces \u00e9lections municipales. Une orientation peut conna\u00eetre des exceptions \u2013 c&#8217;est bien naturel car toutes les situations ne se valent pas, et les enjeux politiques ne sont pas n\u00e9cessairement les m\u00eames dans une ville moyenne de banlieue et dans une m\u00e9tropole r\u00e9gionale. Mais dans le cas pr\u00e9sent, il s&#8217;agit bien de deux orientations diff\u00e9rentes, contradictoires m\u00eame. <\/p>\n<p>Difficile, pour le Front de gauche, d&#8217;incarner dans ces conditions une alternative politique \u00e0 la gauche de gouvernement quand la principale force qui le compose se retrouve avec le PS \u2013 et en r\u00e9alit\u00e9 derri\u00e8re lui \u2013 dans tant de municipalit\u00e9s. Le parti dirig\u00e9 par Pierre Laurent s\u00e8me ainsi la confusion quand il faudrait clart\u00e9 et coh\u00e9rence. Au moment o\u00f9 la politique de Fran\u00e7ois Hollande fait ses adieux \u00e0 la gauche, l&#8217;absence de position nationale du PCF pour les prochaines \u00e9lections est un probl\u00e8me majeur.<\/p>\n<p><strong><em>M\u00e9lenchon : cliver n&#8217;est pas jouer<br \/>\n<\/strong><\/em><\/p>\n<p>Pourtant, si l&#8217;ind\u00e9pendance envers le PS est un pr\u00e9alable, elle ne fait pas une politique, ne d\u00e9finit pas une orientation, ne construit pas de propositions alternatives. La strat\u00e9gie d\u00e9velopp\u00e9e par Jean-Luc M\u00e9lenchon semble consid\u00e9rer qu&#8217;il suffit de d\u00e9noncer, de cliver pour <em>ipso facto<\/em> \u00eatre le creuset des d\u00e9\u00e7us de Fran\u00e7ois Hollande. \u00c0 cette \u00e9tape, au moins, ce n&#8217;est pas le cas. L&#8217;effondrement du Parti socialiste demeure une possibilit\u00e9 inscrite dans les coordonn\u00e9es politiques de la situation, mais entre le d\u00e9go\u00fbt de la politique qui nourrira l&#8217;abstention, le FN en embuscade et la gauche radicale, plusieurs options sont possibles. <\/p>\n<p>Il est ainsi permis de s&#8217;interroger sur les fins et l&#8217;efficacit\u00e9 des multiples sorties m\u00e9diatiques \u00e9manant du PG depuis quatre mois. Le 11 janvier, Jean-Luc M\u00e9lenchon \u00e9crivait encore dans son blog, \u00e0 propos du PCF : <em>\u00ab\u00a0La pr\u00e9sence ou non du Parti communiste n\u2019est pas l\u2019horizon ultime de l\u2019autonomie\u00a0\u00bb<\/em>, semblant accr\u00e9diter ainsi que la p\u00e9rennit\u00e9 m\u00eame du Front de gauche n&#8217;\u00e9tait pas assur\u00e9e. La r\u00e9conciliation des fr\u00e8res ennemis d&#8217;hier risque ainsi d&#8217;appara\u00eetre comme une pure man\u0153uvre politicienne, aux antipodes de ce qu&#8217;exigerait la situation. Face \u00e0 l&#8217;ampleur du d\u00e9saccord, la confrontation \u00e9tait indispensable, mais d&#8217;o\u00f9 vient cette d\u00e9sagr\u00e9able impression qu&#8217;il s&#8217;agissait plus de tendre le d\u00e9bat que d&#8217;essayer de convaincre\u00a0?<\/p>\n<h2>D\u00e9passer le t\u00eate-\u00e0-t\u00eate PCF-PG<\/h2>\n<p>Le spectacle offert \u00e0 tous depuis des mois a affaibli le Front de gauche dans un contexte social et politique d\u00e9j\u00e0 difficile. Les multiples accords du PCF avec le PS ne conduisent pas seulement \u00e0 une division du Front de gauche. Dans nombre de villes, les diff\u00e9rentes organisations qui composent le FdG vont figurer sur des listes s\u00e9par\u00e9es, c&#8217;est-\u00e0-dire concurrentes, ce qui va accentuer le passif existant. Dans ces conditions, nul besoin d&#8217;hyst\u00e9riser le d\u00e9bat, il faut au contraire mettre l&#8217;accent sur les villes o\u00f9 l&#8217;unit\u00e9 a pu \u00eatre r\u00e9alis\u00e9e. Samedi 18 Janvier, Pierre Laurent, Jean-Luc M\u00e9lenchon et Myriam Martin (porte-parole d&#8217;Ensemble) se sont retrouv\u00e9s \u00e0 Marseille dans une manifestation contre les licenciements organis\u00e9e \u00e0 l&#8217;appel des organisations syndicales. C&#8217;est une excellente nouvelle. <\/p>\n<p>Le Front de gauche, renforc\u00e9, r\u00e9nov\u00e9, \u00e9largi doit pouvoir offrir une perspective \u00e0 la crise sociale et politique que conna\u00eet le pays. Cela passe sans doute par la fin du seul t\u00eate-\u00e0-t\u00eate PCF-PG, souvent d\u00e9l\u00e9t\u00e8re en son sein. Le mouvement Ensemble, constitu\u00e9 \u00e0 l&#8217;automne et issu du regroupement de cinq organisations, peut contribuer \u00e0 un r\u00e9\u00e9quilibrage \u2013 lui qui s&#8217;est positionn\u00e9 tout \u00e0 la fois pour la clart\u00e9 politique et l&#8217;unit\u00e9 du FdG. Au pr\u00e9alable, il lui faudra, pour cela, acqu\u00e9rir une masse critique et \u00eatre capable de se tourner vers l&#8217;ext\u00e9rieur.<\/p>\n<div id='gallery-1' class='gallery galleryid-7398 gallery-columns-3 gallery-size-thumbnail'><figure class='gallery-item'>\n\t\t\t<div class='gallery-icon landscape'>\n\t\t\t\t<a href='https:\/\/archives.regards.fr\/wp-content\/uploads\/2014\/01\/fdg-4-59b.png'><img loading=\"lazy\" decoding=\"async\" width=\"150\" height=\"150\" src=\"https:\/\/archives.regards.fr\/wp-content\/uploads\/2014\/01\/fdg-4-59b-150x150.png\" class=\"attachment-thumbnail size-thumbnail\" alt=\"fdg-4.png\" \/><\/a>\n\t\t\t<\/div><\/figure>\n\t\t<\/div>\n\n","protected":false},"excerpt":{"rendered":"<p>Le tout r\u00e9cent apaisement entre les deux principales composantes du Front de gauche ne doit pas donner l&#8217;impression d&#8217;un simple calcul politique, mais ouvrir de r\u00e9elles possibilit\u00e9s de r\u00e9pondre \u00e0 la crise politique et sociale. Avec une d\u00e9marche plus coh\u00e9rente que celle du PCF, et moins clivante que celle du PG&#8230;<\/p>\n","protected":false},"author":1,"featured_media":19664,"comment_status":"open","ping_status":"open","sticky":false,"template":"","format":"standard","meta":{"_themeisle_gutenberg_block_has_review":false,"footnotes":""},"categories":[157],"tags":[452,406],"class_list":["post-7398","post","type-post","status-publish","format-standard","has-post-thumbnail","hentry","category-web","tag-front-de-gauche","tag-pcf"],"_links":{"self":[{"href":"https:\/\/archives.regards.fr\/index.php?rest_route=\/wp\/v2\/posts\/7398","targetHints":{"allow":["GET"]}}],"collection":[{"href":"https:\/\/archives.regards.fr\/index.php?rest_route=\/wp\/v2\/posts"}],"about":[{"href":"https:\/\/archives.regards.fr\/index.php?rest_route=\/wp\/v2\/types\/post"}],"author":[{"embeddable":true,"href":"https:\/\/archives.regards.fr\/index.php?rest_route=\/wp\/v2\/users\/1"}],"replies":[{"embeddable":true,"href":"https:\/\/archives.regards.fr\/index.php?rest_route=%2Fwp%2Fv2%2Fcomments&post=7398"}],"version-history":[{"count":0,"href":"https:\/\/archives.regards.fr\/index.php?rest_route=\/wp\/v2\/posts\/7398\/revisions"}],"wp:featuredmedia":[{"embeddable":true,"href":"https:\/\/archives.regards.fr\/index.php?rest_route=\/wp\/v2\/media\/19664"}],"wp:attachment":[{"href":"https:\/\/archives.regards.fr\/index.php?rest_route=%2Fwp%2Fv2%2Fmedia&parent=7398"}],"wp:term":[{"taxonomy":"category","embeddable":true,"href":"https:\/\/archives.regards.fr\/index.php?rest_route=%2Fwp%2Fv2%2Fcategories&post=7398"},{"taxonomy":"post_tag","embeddable":true,"href":"https:\/\/archives.regards.fr\/index.php?rest_route=%2Fwp%2Fv2%2Ftags&post=7398"}],"curies":[{"name":"wp","href":"https:\/\/api.w.org\/{rel}","templated":true}]}}