{"id":7381,"date":"2014-01-15T11:27:22","date_gmt":"2014-01-15T10:27:22","guid":{"rendered":"https:\/\/wp.muchomaas.com\/pour-le-medef-c-est-noel-tous-les7381\/"},"modified":"2014-01-15T11:27:22","modified_gmt":"2014-01-15T10:27:22","slug":"pour-le-medef-c-est-noel-tous-les7381","status":"publish","type":"post","link":"https:\/\/archives.regards.fr\/?p=7381","title":{"rendered":"Pour le Medef, c&#8217;est No\u00ebl tous les jours"},"content":{"rendered":"<p class=\"post_excerpt\">Les annonces de Fran\u00e7ois Hollande exaucent les v\u0153ux du patronat, qui se retient \u00e0 peine de crier sa joie, et emballent dans ces cadeaux une &#8220;politique de l&#8217;offre&#8221; qui a pourtant fait la preuve de sa totale inad\u00e9quation \u00e0 la situation \u00e9conomique. <\/p>\n<p>Qui a parl\u00e9 de d\u00e9prime des Fran\u00e7ais, quand la magie de No\u00ebl a encore produit tous ces effets enchanteurs\u00a0? Les petits yeux illumin\u00e9s de bonheur de Pierre Gattaz, apr\u00e8s la conf\u00e9rence de presse de Fran\u00e7ois Hollande, sont l\u00e0 pour en attester. Bien s\u00fbr, comme tout enfant trop g\u00e2t\u00e9, il ne sera jamais compl\u00e8tement rassasi\u00e9 et il continuera \u00e0 r\u00e9clamer toujours plus, toujours plus vite. Mais les d\u00e9clarations du pr\u00e9sident de la R\u00e9publique exaucent presque int\u00e9gralement la longue liste au p\u00e8re No\u00ebl que le Medef avait adress\u00e9e au gouvernement au mois de novembre sous l&#8217;appellation <a href=\"http:\/\/www.lesechos.fr\/economie-politique\/france\/actu\/0203136125388-le-patronat-propose-un-pacte-de-confiance-a-francois-hollande-630711.php\"><em>&#8220;pacte de confiance&#8221;<\/em><\/a>. Le paquet cadeau a certes chang\u00e9 puisque la d\u00e9nomination retenue est celle de <em>&#8220;pacte de responsabilit\u00e9&#8221;<\/em> mais le contenu, lui, est une copie conforme.<\/p>\n<h2>&#8220;Acc\u00e9l\u00e9ration&#8221;&#8230; de la politique lib\u00e9rale<\/h2>\n<p>Le\u00a0Cr\u00e9dit d&#8217;imp\u00f4t pour la comp\u00e9titivit\u00e9 et l&#8217;emploi\u00a0(ou\u00a0CICE) avait \u00e9t\u00e9 le cadeau phare de l&#8217;ann\u00e9e derni\u00e8re. En 2013, celui-ci a \u00e9t\u00e9 \u00e9quivalent \u00e0 4% de la masse salariale de l&#8217;entreprise hors salaires sup\u00e9rieurs \u00e0 2,5 fois le smic. En 2014, le taux est port\u00e9 \u00e0 6%. Le gouvernement, lui m\u00eame, a \u00e9valu\u00e9 \u00e0 13 milliards d&#8217;euros le co\u00fbt du cr\u00e9dit d&#8217;imp\u00f4t pour 2013 et \u00e0 20 milliards pour 2014. Et pour \u00eatre bien s\u00fbr que cet all\u00e8gement de charges soit sans contrepartie, le gouvernement avait annonc\u00e9, par anticipation, que l&#8217;utilisation du CICE ne serait pas contr\u00f4l\u00e9 par l&#8217;administration fiscale.<\/p>\n<p>Les annonces faites par Fran\u00e7ois Hollande, mardi 14 janvier, indiquent une seule &#8220;acc\u00e9l\u00e9ration&#8221;, celle de la politique lib\u00e9rale. Il s&#8217;agit d&#8217;abord de la fin programm\u00e9e des cotisations familiales pay\u00e9es par les entreprises d&#8217;ici \u00e0 2017, qui repr\u00e9sentent 5,4% des salaires. C&#8217;est une tr\u00e8s ancienne revendication du patronat qui est ainsi satisfaite pour la bagatelle de 35 milliards d&#8217;euros. On ose \u00e0 peine rappeler que ces allocations vers\u00e9es, pour l&#8217;essentiel, sous conditions de ressources, ont une fonction de redistribution sociale et de solidarit\u00e9 au b\u00e9n\u00e9fice des familles les plus d\u00e9munies. Ce cadeau sera financ\u00e9 par une baisse de 50 milliards d&#8217;euros des d\u00e9penses publiques&#8230; Cela tombe bien, c&#8217;\u00e9tait aussi une exigence du patronat. Cet engagement aura des incidences fortes sur les d\u00e9penses de l&#8217;\u00c9tat, c&#8217;est-\u00e0-dire sur le nombre des fonctionnaires et les moyens financiers des collectivit\u00e9s territoriales. C&#8217;est clairement dit : parmi celles-ci seront privil\u00e9gi\u00e9es, par des incitations financi\u00e8res, les m\u00e9tropoles, qui absorberont les d\u00e9partements dans leur aire g\u00e9ographique, et les r\u00e9gions sont invit\u00e9es \u00e0 se regrouper.<\/p>\n<h2>\u00ab\u00a0Keynes tu\u00e9 d&#8217;une balle dans la nuque ! \u00bb<\/h2>\n<p>Pour la protection sociale, si les objectifs sont renvoy\u00e9s \u00e0 la comp\u00e9tence d&#8217;un Haut conseil du financement de la protection sociale, c&#8217;est la r\u00e9duction des actes m\u00e9dicaux et des prescriptions de m\u00e9dicaments, entre autres, qui sont vis\u00e9es. Pourtant, en France, d\u00e9j\u00e0 un citoyen sur cinq renonce \u00e0 se soigner pour des raisons financi\u00e8res. Une situation qui va donc in\u00e9vitablement s&#8217;aggraver.<\/p>\n<p>Une telle orientation a un nom, c&#8217;est une politique lib\u00e9rale. <em>\u00ab\u00a0Soutien tous azimuts aux entreprises par la r\u00e9duction des co\u00fbts, la simplification des normes, la pr\u00e9visibilit\u00e9 des r\u00e8gles. Le tout en vertu de ce vieux principale lib\u00e9ral repris par le Pr\u00e9sident\u00a0:\u00a0\u00abL\u2019offre cr\u00e9e la demande\u00a0\u00bb<\/em>, \u00e9crit <a href=\"http:\/\/www.liberation.fr\/economie\/2014\/01\/14\/le-pacte-de-responsabilite-nouveau-choc-pro-entreprise_972787\"><em>Lib\u00e9ration<\/em><\/a>. \u00ab\u00a0Tout pour l&#8217;entreprise, rien pour les m\u00e9nages ! Il fallait oser\u00a0\u00bb, reconna\u00eet, admiratif, <a href=\"http:\/\/fressoz.blog.lemonde.fr\/2014\/01\/14\/la-revolution-de-francois-hollande\/\"><em>Le Monde<\/em><\/a>. Mais c&#8217;est au Medef que la satisfaction est la plus \u00e9vidente. Dans un tweet envoy\u00e9 d\u00e8s la fin de la conf\u00e9rence de presse, Geoffroy Roux de B\u00e9zieux d\u00e9clare ainsi tranquillement\u00a0: <em>\u00ab\u00a0La phrase la + importante de cette conf.de presse: &#8221; c&#8217;est sur l&#8217;offre qu&#8217;il faut agir&#8221; ! Keynes tu\u00e9 d&#8217;une balle dans la nuque !\u00a0\u00bb<\/em>. L\u00e9ger et d\u00e9licat.<\/p>\n<p>Cette politique est pourtant contest\u00e9e par des \u00e9conomistes, pas particuli\u00e8rement radicaux <a href=\"http:\/\/tempsreel.nouvelobs.com\/politique\/20140113.OBS2191\/pacte-de-responsabilite-deux-effets-positifs-un-effet-negatif.html \">comme \u00c9ric Heyer<\/a>, directeur adjoint au d\u00e9partement analyse et pr\u00e9visions de l&#8217;OFCE\u00a0: <em>\u00ab\u00a0C&#8217;est une politique de l&#8217;offre mais qui est financ\u00e9e par une politique de la demande n\u00e9gative. Pour le dire plus simplement,\u00a0on transf\u00e8re les charges qui p\u00e8sent sur les entreprises sur les m\u00e9nages.\u00a0Ce n&#8217;est pas une bonne id\u00e9e, car le vrai probl\u00e8me des entreprises aujourd&#8217;hui ce n&#8217;est pas l&#8217;offre mais bien la demande. Les carnets de commande sont vides. Et comme on fait une politique de demande n\u00e9gative, on va encore diminuer la demande. Les carnets de commande vont donc\u00a0se vider encore davantage.\u00a0\u00bb<\/em><\/p>\n<p>Les mesures d&#8217;aust\u00e9rit\u00e9 budg\u00e9taire annonc\u00e9es sont celles qui ont \u00e9chou\u00e9 partout en Europe. Le r\u00e9sultat est connu d&#8217;avance : l&#8217;aust\u00e9rit\u00e9 conduit \u00e0 la contraction de l&#8217;\u00e9conomie qui g\u00e9n\u00e8re l&#8217;augmentation m\u00e9canique des d\u00e9ficits et du ch\u00f4mage. Du grand art. <\/p>\n","protected":false},"excerpt":{"rendered":"<p>Les annonces de Fran\u00e7ois Hollande exaucent les v\u0153ux du patronat, qui se retient \u00e0 peine de crier sa joie, et emballent dans ces cadeaux une &#8220;politique de l&#8217;offre&#8221; qui a pourtant fait la preuve de sa totale inad\u00e9quation \u00e0 la situation \u00e9conomique. <\/p>\n","protected":false},"author":1097,"featured_media":0,"comment_status":"open","ping_status":"open","sticky":false,"template":"","format":"standard","meta":{"_themeisle_gutenberg_block_has_review":false,"footnotes":""},"categories":[157],"tags":[440,472],"class_list":["post-7381","post","type-post","status-publish","format-standard","hentry","category-web","tag-francois-hollande","tag-medef"],"_links":{"self":[{"href":"https:\/\/archives.regards.fr\/index.php?rest_route=\/wp\/v2\/posts\/7381","targetHints":{"allow":["GET"]}}],"collection":[{"href":"https:\/\/archives.regards.fr\/index.php?rest_route=\/wp\/v2\/posts"}],"about":[{"href":"https:\/\/archives.regards.fr\/index.php?rest_route=\/wp\/v2\/types\/post"}],"author":[{"embeddable":true,"href":"https:\/\/archives.regards.fr\/index.php?rest_route=\/wp\/v2\/users\/1097"}],"replies":[{"embeddable":true,"href":"https:\/\/archives.regards.fr\/index.php?rest_route=%2Fwp%2Fv2%2Fcomments&post=7381"}],"version-history":[{"count":0,"href":"https:\/\/archives.regards.fr\/index.php?rest_route=\/wp\/v2\/posts\/7381\/revisions"}],"wp:attachment":[{"href":"https:\/\/archives.regards.fr\/index.php?rest_route=%2Fwp%2Fv2%2Fmedia&parent=7381"}],"wp:term":[{"taxonomy":"category","embeddable":true,"href":"https:\/\/archives.regards.fr\/index.php?rest_route=%2Fwp%2Fv2%2Fcategories&post=7381"},{"taxonomy":"post_tag","embeddable":true,"href":"https:\/\/archives.regards.fr\/index.php?rest_route=%2Fwp%2Fv2%2Ftags&post=7381"}],"curies":[{"name":"wp","href":"https:\/\/api.w.org\/{rel}","templated":true}]}}