{"id":7353,"date":"2014-01-10T08:00:00","date_gmt":"2014-01-10T07:00:00","guid":{"rendered":"https:\/\/wp.muchomaas.com\/avortement-l-espagne-a-l-avant7353\/"},"modified":"2023-06-23T23:16:17","modified_gmt":"2023-06-23T21:16:17","slug":"avortement-l-espagne-a-l-avant7353","status":"publish","type":"post","link":"https:\/\/archives.regards.fr\/?p=7353","title":{"rendered":"Avortement : l&#8217;Espagne \u00e0 l&#8217;avant-garde d&#8217;une r\u00e9gression europ\u00e9enne ?"},"content":{"rendered":"<p class=\"post_excerpt\">Un projet de loi du gouvernement de Mariano Rajoy pr\u00e9voit de limiter le recours \u00e0 l&#8217;avortement aux cas de viols ou de \u00ab\u00a0grave danger\u00a0\u00bb pour la femme enceinte. La d\u00e9cision suscite l&#8217;indignation, dans un contexte europ\u00e9en qui se d\u00e9grade pour l&#8217;IVG.<\/p>\n<p>Rien n&#8217;est jamais acquis, surtout pas les droits des femmes. Alors que depuis 2010 l&#8217;Espagne \u00e9tait, avec l&#8217;Angleterre et les Pays-Bas, l&#8217;un des pays les plus progressistes en mati\u00e8re d&#8217;avortement \u2013 selon le Planning familial, on estime d&#8217;ailleurs entre 3\u00a0000 et 5\u00a0000 le nombre de Fran\u00e7aises qui se rendent chaque ann\u00e9e en Espagne pour avorter, en raisons de d\u00e9lais plus longs \u2013, elle r\u00e9gresse aujourd&#8217;hui au rang de la Pologne, pays dont la l\u00e9gislation est extr\u00eamement s\u00e9v\u00e8re et restrictive sur le droit \u00e0 l&#8217;IVG. <\/p>\n<p>De fait, le 20 d\u00e9cembre dernier, le Conseil des ministres a adopt\u00e9 une proposition de loi visant \u00e0 restreindre drastiquement l&#8217;acc\u00e8s \u00e0 l&#8217;avortement. L&#8217;IVG sera d\u00e9sormais uniquement autoris\u00e9 en cas de <em>\u00ab\u00a0grave danger pour la vie ou la sant\u00e9 physique ou psychologique de la femme enceinte\u00a0\u00bb<\/em>, et en cas de viol. <\/p>\n<h2>\u00ab Attentat contre la d\u00e9mocratie \u00bb<\/h2>\n<p>Mariano Rajoy, l&#8217;actuel Premier ministre, avait fait des promesses en ce sens dans son programme de campagne, mais la nouvelle sonne comme une gifle \u00e0 la face des f\u00e9ministes espagnoles, contraintes de ressortir des placards les banderoles qu&#8217;elles pensaient avoir rang\u00e9es pour de bon. \u00ab\u00a0Mi bombo es mio\u00a0\u00bb (\u00ab\u00a0Mon ventre m&#8217;appartient\u00a0\u00bb). XXIe si\u00e8cle oblige, le vieux slogan d\u00e9file d\u00e9sormais sur les r\u00e9seaux sociaux. Et si du nord au sud du pays, les mobilisations se multiplient, le PSOE (Parti socialiste) souhaite quant \u00e0 lui convoquer une assembl\u00e9e extraordinaire d&#8217;ici la fin du mois de janvier, soit avant la r\u00e9ouverture du parlement pr\u00e9vue le 11 f\u00e9vrier, pour r\u00e9clamer le retrait imm\u00e9diat de ce projet de loi qualifi\u00e9 par le porte-parole du parti d&#8217;<em>\u00ab\u00a0attentat contre la d\u00e9mocratie\u00a0\u00bb<\/em>. <\/p>\n<p>La contestation chemine jusque dans les rangs du Parti populaire (PP), parti de la majorit\u00e9. <em>\u00ab\u00a0La nouvelle d&#8217;une malformation est un drame pour le couple, l&#8217;\u00c9tat ne doit pas rendre les choses encore plus difficiles\u00a0\u00bb<\/em>, d\u00e9clare Javier Dorado, secr\u00e9taire g\u00e9n\u00e9ral de Nouvelles g\u00e9n\u00e9rations (les jeunesses du PP), faisant ainsi r\u00e9f\u00e9rence \u00e0 la suppression dans la nouvelle loi du droit \u00e0 l&#8217;avortement en cas de malformation du f\u0153tus. Cristina Cifuentes, la d\u00e9l\u00e9gu\u00e9e du gouvernement \u00e0 Madrid, s&#8217;est dit davantage <em>\u00ab\u00a0partisane d&#8217;une r\u00e9gulation des d\u00e9lais\u00a0\u00bb<\/em>. Cette division sur la question des \u00e9lus du PP n&#8217;a d&#8217;ailleurs pas \u00e9chapp\u00e9 \u00e0 l&#8217;opposition, qui r\u00e9clame d&#8217;ores et d\u00e9j\u00e0 un vote \u00e0 bulletin secret.<\/p>\n<p>Difficile aujourd&#8217;hui de pr\u00e9voir quelle sera la strat\u00e9gie du gouvernement Rajoy. En fera-t-il une question d&#8217;autorit\u00e9 en maintenant le projet de loi tel quel, ou amendera-t-il quelques points, notamment dans les situations de malformation du f\u0153tus\u00a0? Quoi qu&#8217;il en soit, l&#8217;acc\u00e8s \u00e0 l&#8217;avortement sera s\u00e9rieusement entrav\u00e9 et le droit des femmes \u00e0 disposer de leur corps totalement bafou\u00e9.<\/p>\n<h2>Une indispensable mobilisation<\/h2>\n<p><em>\u00ab\u00a0Ce projet de loi est totalement hypocrite et irresponsable. Les avortements clandestins vont \u00e0 nouveau se multiplier et un tourisme abortif va se mettre en place\u00a0\u00bb<\/em>, s&#8217;inqui\u00e8te Marie-Pierre Martinet, secr\u00e9taire g\u00e9n\u00e9rale du Planning familial. Et de raconter l&#8217;histoire de cette femme en Pologne \u00e0 qui on a refus\u00e9 une IVG malgr\u00e9 le risque de c\u00e9cit\u00e9 pr\u00e9dit par son m\u00e9decin en cas de grossesse men\u00e9e \u00e0 terme. Certes, la Pologne a \u00e9t\u00e9 condamn\u00e9e par la Cour europ\u00e9enne des droits de l&#8217;homme, mais la femme est devenue aveugle. <\/p>\n<p>Ce qui se passe en Espagne s&#8217;inscrit dans un contexte europ\u00e9en peu enclin \u00e0 promouvoir l&#8217;acc\u00e8s \u00e0 l&#8217;avortement. Pour preuve, le rejet en d\u00e9cembre dernier du rapport Estrella sur <em>\u00ab\u00a0la sant\u00e9, les droits sexuels et g\u00e9n\u00e9siques\u00a0\u00bb<\/em> qui sollicitait une homog\u00e9n\u00e9isation des droits en Europe \u2013 notamment pour l&#8217;acc\u00e8s \u00e0 la contraception, \u00e0 l&#8217;avortement et \u00e0 l&#8217;\u00e9ducation \u00e0 la sexualit\u00e9. <em>\u00ab\u00a0Il y a eu une grosse mobilisation europ\u00e9enne d&#8217;opposants, avec pas moins de deux millions de signataires dont 400.000 en France,<\/em> rapporte Marie-Pierre Martinet. <em>Les arguments \u00e9taient tr\u00e8s proches de ceux de la Manif pour tous, r\u00e9clamant une souverainet\u00e9 des \u00c9tats sur ces questions. C&#8217;est d&#8217;autant plus inqui\u00e9tant qu&#8217;en 2008, l&#8217;assembl\u00e9e parlementaire du Conseil de l&#8217;Europe avait act\u00e9 une r\u00e9solution qui incitait les \u00c9tats \u00e0 permettre l&#8217;acc\u00e8s \u00e0 l&#8217;avortement.\u00a0\u00bb<\/em><\/p>\n<p><em>\u00ab\u00a0On l&#8217;a d\u00e9j\u00e0 exp\u00e9riment\u00e9 il y a quarante ans : la force de conviction et de mobilisation va \u00eatre essentielle sur ces questions\u00a0\u00bb<\/em>, pr\u00e9dit la secr\u00e9taire g\u00e9n\u00e9rale du Planning. De fait, en Espagne, les f\u00e9ministes et opposants au projet de loi se pr\u00e9parent \u00e0 monter dans le train de la libert\u00e9 qui partira le 31 janvier des Asturies pour rejoindre Madrid le 1er f\u00e9vrier. Des d\u00e9l\u00e9gations f\u00e9ministes fran\u00e7aises seront \u00e9galement du voyage. Aujourd&#8217;hui, \u00e0 Paris, se d\u00e9roule une grande r\u00e9union unitaire des associations f\u00e9ministes afin d&#8217;organiser des actions de solidarit\u00e9 pour les semaines \u00e0 venir. Selon nos informations, une grande manifestation devrait avoir lieu \u00e0 Paris le 19 janvier prochain [\u00e9dition du 10 janvier: la date du 1er f\u00e9vrier a finalement \u00e9t\u00e9 retenue]. Ce qui nous laisse tout juste le temps d&#8217;inscrire sur nos vieilles banderoles, la version espagnole du fameux \u00ab\u00a0Mon corps m&#8217;appartient\u00a0\u00bb :  \u00ab\u00a0Mi bombo es mio\u00a0\u00bb.<\/p>\n<div id='gallery-1' class='gallery galleryid-7353 gallery-columns-3 gallery-size-thumbnail'><figure class='gallery-item'>\n\t\t\t<div class='gallery-icon landscape'>\n\t\t\t\t<a href='https:\/\/archives.regards.fr\/wp-content\/uploads\/2014\/01\/ab-53c.jpg'><img loading=\"lazy\" decoding=\"async\" width=\"150\" height=\"150\" src=\"https:\/\/archives.regards.fr\/wp-content\/uploads\/2014\/01\/ab-53c-150x150.jpg\" class=\"attachment-thumbnail size-thumbnail\" alt=\"ab.jpg\" \/><\/a>\n\t\t\t<\/div><\/figure>\n\t\t<\/div>\n\n","protected":false},"excerpt":{"rendered":"<p>Un projet de loi du gouvernement de Mariano Rajoy pr\u00e9voit de limiter le recours \u00e0 l&#8217;avortement aux cas de viols ou de \u00ab\u00a0grave danger\u00a0\u00bb pour la femme enceinte. La d\u00e9cision suscite l&#8217;indignation, dans un contexte europ\u00e9en qui se d\u00e9grade pour l&#8217;IVG.<\/p>\n","protected":false},"author":777,"featured_media":19608,"comment_status":"open","ping_status":"open","sticky":false,"template":"","format":"standard","meta":{"_themeisle_gutenberg_block_has_review":false,"footnotes":""},"categories":[157],"tags":[419],"class_list":["post-7353","post","type-post","status-publish","format-standard","has-post-thumbnail","hentry","category-web","tag-espagne"],"_links":{"self":[{"href":"https:\/\/archives.regards.fr\/index.php?rest_route=\/wp\/v2\/posts\/7353","targetHints":{"allow":["GET"]}}],"collection":[{"href":"https:\/\/archives.regards.fr\/index.php?rest_route=\/wp\/v2\/posts"}],"about":[{"href":"https:\/\/archives.regards.fr\/index.php?rest_route=\/wp\/v2\/types\/post"}],"author":[{"embeddable":true,"href":"https:\/\/archives.regards.fr\/index.php?rest_route=\/wp\/v2\/users\/777"}],"replies":[{"embeddable":true,"href":"https:\/\/archives.regards.fr\/index.php?rest_route=%2Fwp%2Fv2%2Fcomments&post=7353"}],"version-history":[{"count":0,"href":"https:\/\/archives.regards.fr\/index.php?rest_route=\/wp\/v2\/posts\/7353\/revisions"}],"wp:featuredmedia":[{"embeddable":true,"href":"https:\/\/archives.regards.fr\/index.php?rest_route=\/wp\/v2\/media\/19608"}],"wp:attachment":[{"href":"https:\/\/archives.regards.fr\/index.php?rest_route=%2Fwp%2Fv2%2Fmedia&parent=7353"}],"wp:term":[{"taxonomy":"category","embeddable":true,"href":"https:\/\/archives.regards.fr\/index.php?rest_route=%2Fwp%2Fv2%2Fcategories&post=7353"},{"taxonomy":"post_tag","embeddable":true,"href":"https:\/\/archives.regards.fr\/index.php?rest_route=%2Fwp%2Fv2%2Ftags&post=7353"}],"curies":[{"name":"wp","href":"https:\/\/api.w.org\/{rel}","templated":true}]}}