{"id":7347,"date":"2014-01-08T15:39:40","date_gmt":"2014-01-08T14:39:40","guid":{"rendered":"https:\/\/wp.muchomaas.com\/eric-coquerel-il-faut-ouvrir-les7347\/"},"modified":"2023-06-23T23:16:17","modified_gmt":"2023-06-23T21:16:17","slug":"eric-coquerel-il-faut-ouvrir-les7347","status":"publish","type":"post","link":"https:\/\/archives.regards.fr\/?p=7347","title":{"rendered":"\u00c9ric Coquerel : \u00ab\u00a0Marquer le coup sur un sujet d\u00e9cisif pour l\u2019avenir de l\u2019autre gauche\u00a0: sa strat\u00e9gie\u00a0\u00bb"},"content":{"rendered":"<p class=\"post_excerpt\">Entretien \u2013 \u00c9ric Coquerel, secr\u00e9taire national aux relations unitaires du Parti de gauche, \u00e9voque les tensions avec le PCF au sein du Parti de la gauche europ\u00e9enne et la strat\u00e9gie de lutte contre une social-d\u00e9mocratie devenue le <em>\u00ab\u00a0pilier du n\u00e9olib\u00e9ralisme\u00a0\u00bb<\/em>.<\/p>\n<p><strong>Regards.fr.<\/strong> <em> <strong>Lors du r\u00e9cent Congr\u00e8s de Parti de la gauche europ\u00e9enne, le Parti de gauche (PG) a d\u00e9cid\u00e9 de <em>\u00ab\u00a0suspendre\u00a0\u00bb<\/em> sa participation \u00e0 cette instance internationale. Pourquoi cette d\u00e9cision\u00a0?<\/strong> <\/em><\/p>\n<p><strong>\u00c9ric Coquerel. <\/strong> Nous avons abord\u00e9 ce congr\u00e8s avec l\u2019ambition d\u2019influer sur trois axes\u00a0: la rupture plus claire avec l\u2019UE, l\u2019\u00e9cosocialisme et la confrontation assum\u00e9e avec la social-d\u00e9mocratie. Nous avons bien avanc\u00e9 sur les deux premiers, tant dans la r\u00e9solution finale que par l\u2019adoption de la motion sur l\u2019\u00e9cosocialisme. L\u2019\u00e9lection d\u2019Alexis Tsipras comme candidat \u00e0 la pr\u00e9sidence de la Commission europ\u00e9enne face \u00e0 Martin Schultz marque aussi, \u00e9videmment, une volont\u00e9 d\u2019affronter le lib\u00e9ralisme de droite comme de gauche. Il restait la question de la pr\u00e9sidence. Nous avions pr\u00e9venu que la candidature de Pierre Laurent posait probl\u00e8me en raison justement de sa d\u00e9cision, pour les municipales, de mettre sur le m\u00eame plan listes autonomes et alliance avec le PS. Il ne s\u2019agit en rien d\u2019un probl\u00e8me de personne. Nous avons propos\u00e9 un compromis : une copr\u00e9sidence paritaire qui aurait permis d\u2019\u00e9lire \u00e0 c\u00f4t\u00e9 de Pierre une responsable assumant nettement la confrontation avec la social-d\u00e9mocratie. La pr\u00e9sentation de cet amendement nous a \u00e9t\u00e9 refus\u00e9e. En cons\u00e9quence, notre d\u00e9l\u00e9gation a choisi cette suspension jusqu\u2019aux municipales. Cette mesure est provisoire et symbolique. Elle a pour objet de marquer le coup sur un sujet qui est en revanche d\u00e9cisif pour l\u2019avenir de l\u2019autre gauche\u00a0: sa strat\u00e9gie.<\/p>\n<p><em> <strong>L\u2019inflexion actuelle du pouvoir socialiste pose des probl\u00e8mes redoutables \u00e0 la gauche. Comment voyez-vous les lignes strat\u00e9giques qui en d\u00e9coulent pour la gauche de gauche\u00a0?<\/strong> <\/em><\/p>\n<p>La sociale-d\u00e9mocratie europ\u00e9enne ach\u00e8ve sa mue. Pour la premi\u00e8re fois, un gouvernement &#8220;de gauche&#8221; en France d\u00e9fend la politique de l\u2019offre, comme la droite\u00a0; le SPD choisit de soutenir Merkel et la droite plut\u00f4t que de tenter de rassembler la majorit\u00e9 de gauche et \u00e9cologiste que lui offrait math\u00e9matiquement la composition du Bundestag. La social-d\u00e9mocratie est devenue l\u2019un des piliers du n\u00e9olib\u00e9ralisme. D\u00e8s lors, si l&#8217;on veut que la solution vienne de la gauche, nous n\u2019avons pas d\u2019autre chemin que de lui contester la supr\u00e9matie \u00e0 gauche. C\u2019est le seul moyen pour esp\u00e9rer impulser une majorit\u00e9 alternative. Tout autre choix, compte tenu du rapport de force actuel \u00e0 gauche, nous assimilera \u00e0 sa d\u00e9rive lib\u00e9rale et, en France, ouvrira la voie au retour de la droite au pouvoir \u2013 voire l\u2019arriv\u00e9e de l\u2019extr\u00eame droite.<\/p>\n<p><em> <strong>L\u2019ann\u00e9e 2014 sera marqu\u00e9e par deux \u00e9lections importantes, les municipales et les europ\u00e9ennes. Sur les premi\u00e8res, des d\u00e9saccords sensibles se sont exprim\u00e9s entre le PCF et plusieurs des autres composantes du Front de gauche, dont le PG. En durcissant les termes du conflit, ne craignez-vous pas d\u2019affecter la dynamique globale qui avait marqu\u00e9 les \u00e9lections de 2012\u00a0?<\/strong> <\/em><\/p>\n<p>Je n\u2019esp\u00e8re pas. Mais n\u2019inversons pas la causalit\u00e9. Le probl\u00e8me : pour la premi\u00e8re fois depuis sa cr\u00e9ation, les partis du FdG abordent une \u00e9lection nationale sans strat\u00e9gie commune. Depuis 2009, parfois avec un vocabulaire diff\u00e9rent, nous avons toujours \u00e9t\u00e9 capables de proposer une ligne nationale\u00a0: l\u2019autonomie au premier tour vis-\u00e0-vis du PS, afin que les \u00e9lecteurs puissent choisir entre les lignes qui fracturent la gauche. Cette fois, le PCF, par la voix de son secr\u00e9taire g\u00e9n\u00e9ral \u2013 raison pour laquelle nous l\u2019interpellons nomm\u00e9ment \u2013 assume une strat\u00e9gie \u00e0 g\u00e9om\u00e9trie variable\u00a0: une fois avec ses partenaires du FdG, une fois derri\u00e8re les socialistes. Et ce dans le premier scrutin suivant l\u2019\u00e9lection de Fran\u00e7ois Hollande, ce qui le &#8220;nationalise&#8221; \u00e9videmment. D\u2019ailleurs, tant dans le texte strat\u00e9gique du FdG de janvier 2013 que dans le discours final de Pierre au PGE, les \u00e9lections municipales et europ\u00e9ennes sont reli\u00e9es. Si l&#8217;on suivait cette strat\u00e9gie, et quoi qu\u2019en pensent les int\u00e9ress\u00e9s, le FdG serait ramen\u00e9 dans l\u2019orbite du PS. Un cousin critique, bien s\u00fbr, mais un cousin quand m\u00eame. Et s\u2019il fallait se convaincre de l\u2019utilisation que le PS va faire de ces alliances, il suffit d\u2019\u00e9couter Luc Carvounas d\u00e9clarant apr\u00e8s le ralliement du PC \u00e0 sa liste \u00e0 Alfortville\u00a0: \u00ab\u00a0Que les communistes acceptent de soutenir le maire sortant, un proche de Manuel Valls, c\u2019est un symbole\u00a0\u00bb. Tout est dit. <\/p>\n<p><strong>Comment, dans ce contexte et dans la perspective des prochaines \u00e9ch\u00e9ances \u00e9lectorales, concevoir la vocation du Front de gauche\u00a0?<br \/>\n<\/strong><\/p>\n<p>Le Front de gauche reste notre espoir. Il ne faut pas le dilapider. Mais il ne s\u2019agit pas seulement d\u2019un cartel dans lequel tous les partis de l\u2019autre gauche se tiendraient chaud. C\u2019est une strat\u00e9gie. On ne peut balayer les divergences sous le meuble dans l\u2019espoir que les faire dispara\u00eetre. Nous n\u2019ignorons pas qu\u2019apr\u00e8s les europ\u00e9ennes, il y aura les \u00e9lections r\u00e9gionales et cantonales le m\u00eame jour, et que le probl\u00e8me se reposera. Pour l\u2019heure, nous demandons a minima qu\u2019il ne puisse pas y avoir l\u2019utilisation du sigle Front de gauche lorsqu\u2019une de nos composantes choisit de partir au premier tour derri\u00e8re le PS. C\u2019est un compromis qui ne r\u00e9soudra pas tous les probl\u00e8mes pos\u00e9s, mais au moins sortirons-nous de la pol\u00e9mique pour avancer de nouveau. Par la suite, il faudra compter sur la force d\u2019entra\u00eenement et l\u2019intelligence collective du FdG pour en finir avec cette \u00e9vidente contradiction\u00a0: au moment o\u00f9 nous nous opposons de plus en plus nettement au gouvernement, y compris en votant contre son budget, comment se rallier \u00e9lectoralement au parti qui le supporte\u00a0?<\/p>\n<p><em> <strong>Ne pensez-vous pas que la tension actuelle au sein de Front de gauche pose \u00e0 plus long terme la question de son fonctionnement\u00a0? Avez-vous sur ce point une analyse et des propositions\u00a0?<\/strong> <\/em><\/p>\n<p>Et si nous utilisions cette crise pour relancer une v\u00e9ritable implication citoyenne ? Profitions des campagnes derri\u00e8re les listes autonomes aux municipales \u2013 de la campagne de masse que, j\u2019esp\u00e8re, nous allons favoriser sur la TVA et, enfin je le souhaite, de notre bataille commune aux Europ\u00e9ennes \u2013 pour relancer les assembl\u00e9es citoyennes et l\u2019adh\u00e9sion directe. Il faut de nouveau ouvrir les fen\u00eatres de nos partis en grand. Personnellement je me demande m\u00eame si le moment n\u2019est justement pas venu de relancer l\u2019id\u00e9e d\u2019un grand parti commun.<\/p>\n<p><strong>LIRE AUSSI : <\/strong>  <a href=\"7349\">Marie-Pierre Vieu\u00a0: \u00ab\u00a0Nous avons d\u00e9cid\u00e9 de nous constituer en front. Pas en parti\u00a0\u00bb<\/a><\/p>\n<div id='gallery-1' class='gallery galleryid-7347 gallery-columns-3 gallery-size-thumbnail'><figure class='gallery-item'>\n\t\t\t<div class='gallery-icon landscape'>\n\t\t\t\t<a href='https:\/\/archives.regards.fr\/wp-content\/uploads\/2014\/01\/coq-4d8.jpg'><img loading=\"lazy\" decoding=\"async\" width=\"150\" height=\"150\" src=\"https:\/\/archives.regards.fr\/wp-content\/uploads\/2014\/01\/coq-4d8-150x150.jpg\" class=\"attachment-thumbnail size-thumbnail\" alt=\"coq.jpg\" \/><\/a>\n\t\t\t<\/div><\/figure>\n\t\t<\/div>\n\n","protected":false},"excerpt":{"rendered":"<p>Entretien \u2013 \u00c9ric Coquerel, secr\u00e9taire national aux relations unitaires du Parti de gauche, \u00e9voque les tensions avec le PCF au sein du Parti de la gauche europ\u00e9enne et la strat\u00e9gie de lutte contre une social-d\u00e9mocratie devenue le <em>\u00ab\u00a0pilier du n\u00e9olib\u00e9ralisme\u00a0\u00bb<\/em>.<\/p>\n","protected":false},"author":643,"featured_media":19599,"comment_status":"open","ping_status":"open","sticky":false,"template":"","format":"standard","meta":{"_themeisle_gutenberg_block_has_review":false,"footnotes":""},"categories":[157],"tags":[293,452],"class_list":["post-7347","post","type-post","status-publish","format-standard","has-post-thumbnail","hentry","category-web","tag-entretien","tag-front-de-gauche"],"_links":{"self":[{"href":"https:\/\/archives.regards.fr\/index.php?rest_route=\/wp\/v2\/posts\/7347","targetHints":{"allow":["GET"]}}],"collection":[{"href":"https:\/\/archives.regards.fr\/index.php?rest_route=\/wp\/v2\/posts"}],"about":[{"href":"https:\/\/archives.regards.fr\/index.php?rest_route=\/wp\/v2\/types\/post"}],"author":[{"embeddable":true,"href":"https:\/\/archives.regards.fr\/index.php?rest_route=\/wp\/v2\/users\/643"}],"replies":[{"embeddable":true,"href":"https:\/\/archives.regards.fr\/index.php?rest_route=%2Fwp%2Fv2%2Fcomments&post=7347"}],"version-history":[{"count":0,"href":"https:\/\/archives.regards.fr\/index.php?rest_route=\/wp\/v2\/posts\/7347\/revisions"}],"wp:featuredmedia":[{"embeddable":true,"href":"https:\/\/archives.regards.fr\/index.php?rest_route=\/wp\/v2\/media\/19599"}],"wp:attachment":[{"href":"https:\/\/archives.regards.fr\/index.php?rest_route=%2Fwp%2Fv2%2Fmedia&parent=7347"}],"wp:term":[{"taxonomy":"category","embeddable":true,"href":"https:\/\/archives.regards.fr\/index.php?rest_route=%2Fwp%2Fv2%2Fcategories&post=7347"},{"taxonomy":"post_tag","embeddable":true,"href":"https:\/\/archives.regards.fr\/index.php?rest_route=%2Fwp%2Fv2%2Ftags&post=7347"}],"curies":[{"name":"wp","href":"https:\/\/api.w.org\/{rel}","templated":true}]}}