{"id":7341,"date":"2014-01-07T16:40:10","date_gmt":"2014-01-07T15:40:10","guid":{"rendered":"https:\/\/wp.muchomaas.com\/2014-annee-jaures7341\/"},"modified":"2014-01-07T16:40:10","modified_gmt":"2014-01-07T15:40:10","slug":"2014-annee-jaures7341","status":"publish","type":"post","link":"https:\/\/archives.regards.fr\/?p=7341","title":{"rendered":"2014 : ann\u00e9e Jaur\u00e8s"},"content":{"rendered":"<p>Chapeau haut-de-forme, barbe hirsute, fleur d\u2019\u00e9glantine riv\u00e9e \u00e0 la boutonni\u00e8re: d\u00e9mod\u00e9, Jean Jaur\u00e8s ? Que nenni, ses id\u00e9es vivent ! Cent ans apr\u00e8s son assassinat par Raoul Villain, le 31 juillet 1914, l\u2019intellectuel qui a d\u00e9fendu Dreyfus et les anarchistes victimes des &#8220;lois sc\u00e9l\u00e9rates&#8221;, qui a unifi\u00e9 les socialistes dans la SFIO en 1905, le journaliste qui a milit\u00e9 pour la s\u00e9paration des \u00c9glises et de l\u2019\u00c9tat et pour l\u2019abolition de la peine de mort en 1908, le tribun enfin qui incarna la lutte contre la guerre continue de nous inspirer. Et pour cause, <em>\u00ab Jaur\u00e8s n\u2019est pas uniquement un mod\u00e8le d\u2019homme de gauche, intellectuel et multiforme, mais l\u2019un des p\u00e8res fondateurs de la politique moderne \u2013 celle qui, se d\u00e9gageant des seules logiques de pouvoir et de domination, d\u00e9fend une souverainet\u00e9 des id\u00e9es, du courage, des combats n\u00e9cessaires, de la transmission et de l\u2019\u00e9ducation, du spirituel et de la morale \u00bb<\/em>, \u00e9crit son biographe Vincent Duclert. <\/p>\n<p>Alors qu\u2019en 2014 la pompe comm\u00e9morative promet ses lots de c\u00e9r\u00e9monies officielles et de r\u00e9cup\u00e9rations politiques, il nous revient de rendre Jaur\u00e8s \u00e0 Jaur\u00e8s, car il n\u2019y aurait rien de pire que d\u2019 <em>\u00ab entretenir la cendre et d\u00e9laisser la flamme \u00bb<\/em>, selon sa propre image. <\/p>\n<p><em> <strong>Jaur\u00e8s, 1859-1914. La politique et la l\u00e9gende<\/strong> <\/em>, de Vincent Duclert, \u00e9d. Autrement, 283 p., 21 euros. <\/p>\n","protected":false},"excerpt":{"rendered":"<p>Chapeau haut-de-forme, barbe hirsute, fleur d\u2019\u00e9glantine riv\u00e9e \u00e0 la boutonni\u00e8re: d\u00e9mod\u00e9, Jean Jaur\u00e8s ? Que nenni, ses id\u00e9es vivent ! Cent ans apr\u00e8s son assassinat par Raoul Villain, le 31 juillet 1914, l\u2019intellectuel qui a d\u00e9fendu Dreyfus et les anarchistes victimes des &#8220;lois sc\u00e9l\u00e9rates&#8221;, qui a unifi\u00e9 les socialistes dans la SFIO en 1905, le [&hellip;]<\/p>\n","protected":false},"author":1,"featured_media":0,"comment_status":"open","ping_status":"open","sticky":false,"template":"","format":"standard","meta":{"_themeisle_gutenberg_block_has_review":false,"footnotes":""},"categories":[111],"tags":[346],"class_list":["post-7341","post","type-post","status-publish","format-standard","hentry","category-nos-selections","tag-histoire"],"_links":{"self":[{"href":"https:\/\/archives.regards.fr\/index.php?rest_route=\/wp\/v2\/posts\/7341","targetHints":{"allow":["GET"]}}],"collection":[{"href":"https:\/\/archives.regards.fr\/index.php?rest_route=\/wp\/v2\/posts"}],"about":[{"href":"https:\/\/archives.regards.fr\/index.php?rest_route=\/wp\/v2\/types\/post"}],"author":[{"embeddable":true,"href":"https:\/\/archives.regards.fr\/index.php?rest_route=\/wp\/v2\/users\/1"}],"replies":[{"embeddable":true,"href":"https:\/\/archives.regards.fr\/index.php?rest_route=%2Fwp%2Fv2%2Fcomments&post=7341"}],"version-history":[{"count":0,"href":"https:\/\/archives.regards.fr\/index.php?rest_route=\/wp\/v2\/posts\/7341\/revisions"}],"wp:attachment":[{"href":"https:\/\/archives.regards.fr\/index.php?rest_route=%2Fwp%2Fv2%2Fmedia&parent=7341"}],"wp:term":[{"taxonomy":"category","embeddable":true,"href":"https:\/\/archives.regards.fr\/index.php?rest_route=%2Fwp%2Fv2%2Fcategories&post=7341"},{"taxonomy":"post_tag","embeddable":true,"href":"https:\/\/archives.regards.fr\/index.php?rest_route=%2Fwp%2Fv2%2Ftags&post=7341"}],"curies":[{"name":"wp","href":"https:\/\/api.w.org\/{rel}","templated":true}]}}