{"id":7318,"date":"2014-01-01T09:00:00","date_gmt":"2014-01-01T08:00:00","guid":{"rendered":"https:\/\/wp.muchomaas.com\/portrait-d-une-generation-150-0007318\/"},"modified":"2023-06-23T23:16:13","modified_gmt":"2023-06-23T21:16:13","slug":"portrait-d-une-generation-150-0007318","status":"publish","type":"post","link":"https:\/\/archives.regards.fr\/?p=7318","title":{"rendered":"Portrait d\u2019une g\u00e9n\u00e9ration, 150 000 jeunes r\u00e9pondent \u00e0 143 questions"},"content":{"rendered":"<p class=\"post_excerpt\"><em>G\u00e9n\u00e9ration quoi ?<\/em>, l\u2019enqu\u00eate r\u00e9alis\u00e9e<br \/>\npar France 2, passe les 15-35 ans<br \/>\nau scanner. D\u00e9cryptage.<\/p>\n<p>Sur plusieurs mois,<br \/>\nFrance 2 a organis\u00e9<br \/>\nune exceptionnelle<br \/>\nenqu\u00eate sur<br \/>\nles jeunes de 15 \u00e0<br \/>\n35 ans. <em>G\u00e9n\u00e9ration<br \/>\nquoi ?<\/em> se compose de<br \/>\n143 questions mises en ligne sur le site<br \/>\nde France 2. \u00c9labor\u00e9e par des sociologues,<br \/>\nl\u2019enqu\u00eate est mise en sc\u00e8ne de<br \/>\nfa\u00e7on extr\u00eamement interactive : chacun<br \/>\npeut voir la totalit\u00e9 des r\u00e9ponses ou<br \/>\ncelles du segment qui l\u2019int\u00e9resse. Pr\u00e8s<br \/>\nde 150 000 jeunes ont pris le temps de<br \/>\nr\u00e9pondre \u00e0 cette enqu\u00eate (82 500 filles<br \/>\net 52 500 gar\u00e7ons). Avec une telle participation,<br \/>\non ne peut plus parler d\u2019\u00e9chantillon<br \/>\net on poss\u00e8de une photographie<br \/>\ntr\u00e8s affin\u00e9e de cette g\u00e9n\u00e9ration. Ces<br \/>\ndonn\u00e9es sont enrichies de formidables<br \/>\npetits films qui recueillent les paroles<br \/>\nde jeunes remplissant l\u2019enqu\u00eate, jeune<br \/>\nseul, en couple ou en groupe. Un<br \/>\ncommentaire qui donne sa chaire \u00e0<br \/>\nl\u2019esquisse au fusain.<\/p>\n<p>Parmi les nombreuses vid\u00e9os, l\u2019une<br \/>\nd\u2019elle rassemble les r\u00e9ponses ouvertes<br \/>\npour \u00ab d\u00e9finir sa g\u00e9n\u00e9ration \u00bb. Un bon<br \/>\ncoup de d\u00e9capage aux simplifications<br \/>\nde la g\u00e9n\u00e9ration Y. Sans surprise, les<br \/>\njeunes h\u00e9sitent et cherchent leurs mots.<br \/>\nParmi les d\u00e9finitions qu\u2019ils proposent<br \/>\non retiendra : perdue, fun, Internet,<br \/>\nPeter Pan, blas\u00e9e, Digital native, argent,<br \/>\noptimiste, positive.<\/p>\n<p>Argumentant sa r\u00e9flexion l\u2019un d\u2019entre<br \/>\neux dira <em>\u00ab on ne vit pas dans un village<br \/>\nmondial mais dans des huttes connect\u00e9es<br \/>\n\u00bb<\/em>. Un autre insistera sur le fait que<br \/>\nsa <em>\u00ab g\u00e9n\u00e9ration n\u2019est plus d\u00e9finie par<br \/>\nun but commun, contrairement aux<br \/>\ng\u00e9n\u00e9rations pr\u00e9c\u00e9dentes \u00bb<\/em>. L\u2019ouverture<br \/>\nd\u2019esprit revient dans la bouche de plusieurs<br \/>\n: <em>\u00ab On se moque de conna\u00eetre<br \/>\nles origines, la sexualit\u00e9, le m\u00e9tier. \u00bb<\/em> Un<br \/>\nautre parle de la connexion des crises.<br \/>\nLe contexte appara\u00eet comme moins heureux<br \/>\nmais l\u2019optimisme pr\u00e9vaut.<\/p>\n<p><img loading=\"lazy\" decoding=\"async\" class=\" aligncenter size-full wp-image-19544\" src=\"https:\/\/wp.muchomaas.com\/wp-content\/uploads\/2014\/01\/etudex-5a1.gif\" alt=\"etudex.gif\" align=\"center\" width=\"460\" height=\"855\" \/><\/p>\n<h2>Demain sera pire<\/h2>\n<p>Le sondage va fouiller. Ainsi \u00e0 la question<br \/>\n<strong>\u00ab Tu penses que par rapport \u00e0 la<br \/>\nvie qu\u2019ont men\u00e9e tes parents, ton<br \/>\navenir sera : Plut\u00f4t meilleur, plut\u00f4t<br \/>\npire ou pareil ? \u00bb<\/strong>, les r\u00e9sultats sont<br \/>\n25 % plut\u00f4t meilleur, 47 % plut\u00f4t pire et 27 % pareil. Les filles ont syst\u00e9matiquement<br \/>\nune vision plus pessimiste<br \/>\nde l\u2019avenir. Et les jeunes actifs aussi.<br \/>\nAinsi 55 % des filles qui travaillent pensent<br \/>\nque leur avenir sera pire que celui<br \/>\nde leurs parents.<\/p>\n<p>La question des repr\u00e9sentations de<br \/>\ngenre a fortement \u00e9volu\u00e9. Seuls 3 % des<br \/>\njeunes pensent qu\u2019en temps de crise<br \/>\nles hommes devraient \u00eatre privil\u00e9gi\u00e9s<br \/>\ndans l\u2019emploi. Que la question m\u00eame se<br \/>\npose rend dubitatif la plupart d\u2019entre eux<br \/>\nqui ne la comprend m\u00eame pas. Elle en<br \/>\nfait rire beaucoup. En 1980, pr\u00e8s d\u2019un<br \/>\nquart des Fran\u00e7ais le pensait. De quoi<br \/>\nsurprendre la nouvelle g\u00e9n\u00e9ration. \u00c0 ce<br \/>\ntitre la situation ne leur convient pas.<br \/>\n86 % des filles et 64 % des gar\u00e7ons<br \/>\npensent qu\u2019on est encore loin de l\u2019\u00e9galit\u00e9<br \/>\nhomme\/femme dans notre pays.<\/p>\n<h2>Trop de pauvres<\/h2>\n<p>Par contre la perc\u00e9e des id\u00e9es x\u00e9nophobes<br \/>\nne s\u2019exprime pas dans un racisme<br \/>\nde base mais se retrouve dans<br \/>\nla r\u00e9ponse \u00e0 la question : <strong>\u00ab En p\u00e9riode<br \/>\nde fort ch\u00f4mage, les emplois devraient-<br \/>\nils \u00eatre r\u00e9serv\u00e9s en priorit\u00e9<br \/>\naux Fran\u00e7ais ? \u00bb<\/strong> 37 % des 15-35 ans<br \/>\nsont d\u2019accord. L\u2019enqu\u00eate r\u00e9v\u00e8le que les<br \/>\njeunes Fran\u00e7ais sont les moins influenc\u00e9s<br \/>\npar ces id\u00e9es en Europe. S\u2019en r\u00e9jouir<br \/>\net\/ou s\u2019en inqui\u00e9ter ?<\/p>\n<p>49 % des jeunes pensent qu\u2019un jour<br \/>\npeut-\u00eatre ils partiront vivre \u00e0 l\u2019\u00e9tranger.<br \/>\nEt 85 % pensent qu\u2019ils pourraient \u00eatre<br \/>\nheureux sans vivre en France.<\/p>\n<p>Le couple reste une valeur forte<br \/>\net 75 % pensent que la fid\u00e9lit\u00e9 lui<br \/>\nest indispensable.<\/p>\n<p>Pour r\u00e9ussir dans la vie, on ne peut<br \/>\ncompter que sur soi-m\u00eame est la question<br \/>\nqui a re\u00e7u le plus de r\u00e9ponses. Avec<br \/>\nun partage exact \u00e0 50\/50.<\/p>\n<p>37 % des jeunes pensent \u00eatre ma\u00eetres<br \/>\nde leur destin, aux commandes de leur<br \/>\nvie. Pas si mal.<\/p>\n<p>La question sociale est pr\u00e9sente dans<br \/>\nle questionnaire. 92 % des jeunes<br \/>\nr\u00e9pondent qu\u2019<em> \u00ab aujourd\u2019hui, l\u2019argent<br \/>\ntient une place trop importante dans<br \/>\nnotre soci\u00e9t\u00e9 \u00bb<\/em>.<\/p>\n<p>85 % pensent qu\u2019il y a de plus en plus<br \/>\nd\u2019in\u00e9galit\u00e9 dans notre soci\u00e9t\u00e9. Le chiffre<br \/>\nmonte \u00e0 87 % chez les jeunes actifs.<br \/>\nTrop de pauvres (93 %) mais seulement<br \/>\n55 % pensent qu\u2019il y a trop de<br \/>\nriches. On notera que plus on est jeune<br \/>\nplus on pense qu\u2019il y a trop de riches<br \/>\n(les 15\/20 ans qui sont d\u00e9j\u00e0 au travail<br \/>\nle pensent \u00e0 63 %).<\/p>\n<p>Tous \u00e2ges, tous sexes, toutes situations<br \/>\nsociales (\u00e9tudiants ou actifs), 61 % des<br \/>\njeunes se disent pr\u00eats \u00e0 participer \u00e0 un<br \/>\nmouvement de r\u00e9volte de l\u2019ampleur de<br \/>\nmai 68. Et 58 % d\u00e9clarent s\u2019\u00eatre d\u00e9j\u00e0<br \/>\ninvestis dans un projet extraprofessionnel<br \/>\nou extrascolaire\u2026 et aimer \u00e7a.<\/p>\n<p>Motiv\u00e9s les jeunes !<\/p>\n<p>Sans surprise chez les 15\/35 ans les<br \/>\ntrois priorit\u00e9s sont l\u2019emploi (51 %),<br \/>\nl\u2019environnement (31 %), et l\u2019\u00e9cole (29).<br \/>\nChez les filles la question de l\u2019emploi requiert<br \/>\nm\u00eame 56 % des votes. Parmi les<br \/>\nactifs, l\u2019\u00e9cole sort du trio et le pouvoir<br \/>\nd\u2019achat prend la seconde place.<\/p>\n<p><strong>Pourrais-tu \u00eatre heureux<\/strong><br \/>\nSans drogue : oui \u00e0 93 %<br \/>\nSans fast food : oui \u00e0 90 %<br \/>\nSans alcool : oui \u00e0 76 %<br \/>\nSans t\u00e9l\u00e9 : oui \u00e0 73 %<br \/>\nSans voiture : oui \u00e0 66 %<br \/>\nSans t\u00e9l\u00e9phone portable : oui \u00e0 59 %<br \/>\nSans Internet : oui \u00e0 50 %<br \/>\nSans pratiquer un sport : oui \u00e0 46 %<br \/>\nSans s\u00e9rie t\u00e9l\u00e9 : oui \u00e0 41 %<br \/>\nSans contraceptif : oui \u00e0 37 %<br \/>\nSans livre : oui \u00e0 22 %<br \/>\nSans musique : oui \u00e0 13 %<br \/>\nSans amis : oui \u00e0 7 %.<br \/>\nCette enqu\u00eate est un puits sans fond.<br \/>\nUne mine.<div id='gallery-1' class='gallery galleryid-7318 gallery-columns-3 gallery-size-thumbnail'><figure class='gallery-item'>\n\t\t\t<div class='gallery-icon portrait'>\n\t\t\t\t<a href='https:\/\/archives.regards.fr\/wp-content\/uploads\/2013\/12\/etudex-da6.gif'><img loading=\"lazy\" decoding=\"async\" width=\"150\" height=\"150\" src=\"https:\/\/archives.regards.fr\/wp-content\/uploads\/2013\/12\/etudex-da6-150x150.gif\" class=\"attachment-thumbnail size-thumbnail\" alt=\"etudex.gif\" \/><\/a>\n\t\t\t<\/div><\/figure><figure class='gallery-item'>\n\t\t\t<div class='gallery-icon landscape'>\n\t\t\t\t<a href='https:\/\/archives.regards.fr\/wp-content\/uploads\/2013\/12\/etude-c1e.png'><img loading=\"lazy\" decoding=\"async\" width=\"150\" height=\"150\" src=\"https:\/\/archives.regards.fr\/wp-content\/uploads\/2013\/12\/etude-c1e-150x150.png\" class=\"attachment-thumbnail size-thumbnail\" alt=\"etude.png\" \/><\/a>\n\t\t\t<\/div><\/figure>\n\t\t<\/div>\n<\/p>\n","protected":false},"excerpt":{"rendered":"<p><em>G\u00e9n\u00e9ration quoi ?<\/em>, l\u2019enqu\u00eate r\u00e9alis\u00e9e<br \/>\npar France 2, passe les 15-35 ans<br \/>\nau scanner. D\u00e9cryptage.<\/p>\n","protected":false},"author":464,"featured_media":19544,"comment_status":"open","ping_status":"open","sticky":false,"template":"","format":"standard","meta":{"_themeisle_gutenberg_block_has_review":false,"footnotes":""},"categories":[1],"tags":[],"class_list":["post-7318","post","type-post","status-publish","format-standard","has-post-thumbnail","hentry","category-non-classe"],"_links":{"self":[{"href":"https:\/\/archives.regards.fr\/index.php?rest_route=\/wp\/v2\/posts\/7318","targetHints":{"allow":["GET"]}}],"collection":[{"href":"https:\/\/archives.regards.fr\/index.php?rest_route=\/wp\/v2\/posts"}],"about":[{"href":"https:\/\/archives.regards.fr\/index.php?rest_route=\/wp\/v2\/types\/post"}],"author":[{"embeddable":true,"href":"https:\/\/archives.regards.fr\/index.php?rest_route=\/wp\/v2\/users\/464"}],"replies":[{"embeddable":true,"href":"https:\/\/archives.regards.fr\/index.php?rest_route=%2Fwp%2Fv2%2Fcomments&post=7318"}],"version-history":[{"count":0,"href":"https:\/\/archives.regards.fr\/index.php?rest_route=\/wp\/v2\/posts\/7318\/revisions"}],"wp:featuredmedia":[{"embeddable":true,"href":"https:\/\/archives.regards.fr\/index.php?rest_route=\/wp\/v2\/media\/19544"}],"wp:attachment":[{"href":"https:\/\/archives.regards.fr\/index.php?rest_route=%2Fwp%2Fv2%2Fmedia&parent=7318"}],"wp:term":[{"taxonomy":"category","embeddable":true,"href":"https:\/\/archives.regards.fr\/index.php?rest_route=%2Fwp%2Fv2%2Fcategories&post=7318"},{"taxonomy":"post_tag","embeddable":true,"href":"https:\/\/archives.regards.fr\/index.php?rest_route=%2Fwp%2Fv2%2Ftags&post=7318"}],"curies":[{"name":"wp","href":"https:\/\/api.w.org\/{rel}","templated":true}]}}