{"id":7317,"date":"2013-12-16T17:28:12","date_gmt":"2013-12-16T16:28:12","guid":{"rendered":"https:\/\/wp.muchomaas.com\/front-de-gauche-il-est-encore7317\/"},"modified":"2023-06-23T23:16:12","modified_gmt":"2023-06-23T21:16:12","slug":"front-de-gauche-il-est-encore7317","status":"publish","type":"post","link":"https:\/\/archives.regards.fr\/?p=7317","title":{"rendered":"Front de gauche\u00a0: il est encore temps"},"content":{"rendered":"<p><a href=\"https:\/\/wp.muchomaas.com\/web\/Melenchon-parti-de-la-Gauche,7308\">La tension interne<\/a> au Front de gauche vient de franchir un nouveau seuil ce week-end (<a href=\"https:\/\/wp.muchomaas.com\/web\/Melenchon-parti-de-la-Gauche,7308\">voir ici<\/a>). C\u2019est pr\u00e9occupant, mais il est encore temps de redresser la barre.<\/p>\n<p>Apr\u00e8s des ann\u00e9es de dispersion am\u00e8re \u00e0 la gauche du Parti socialiste, la cr\u00e9ation du Front de gauche, \u00e0 la fin de 2008, fut un salvateur ballon d\u2019oxyg\u00e8ne. L\u2019espoir \u00e9tait de retour et la dynamique de l\u2019\u00e9lection pr\u00e9sidentielle en a montr\u00e9 la f\u00e9condit\u00e9. Il n\u2019est pas question de revenir en arri\u00e8re. Une gauche de gauche a toute sa place dans le paysage politique fran\u00e7ais, mais cette place ne peut \u00eatre r\u00e9ellement occup\u00e9e sans une condition, non suffisante mais cardinale : l\u2019unit\u00e9.<\/p>\n<p>La d\u00e9cennie \u00e9coul\u00e9e l\u2019a amplement d\u00e9montr\u00e9. Chaque fois que la gauche de gauche est rassembl\u00e9e, autour d\u2019un objectif clair (par exemple le Non au Trait\u00e9 constitutionnel europ\u00e9en), elle change la donne. Chaque fois qu\u2019elle est divis\u00e9e (par exemple l\u2019\u00e9lection pr\u00e9sidentielle de 2007), elle laisse \u00e0 d\u2019autres forces le devant de la sc\u00e8ne. Pendant longtemps, la gauche de transformation sociale a trouv\u00e9 son expression politique la plus forte dans un vote communiste \u00e9largi. Ce n\u2019est plus le cas et ce ne sera plus le cas. Mais nul ne peut penser qu\u2019il va occuper \u00e0 lui seul l\u2019espace politique ainsi lib\u00e9r\u00e9. Si le PCF actuel pensait qu\u2019il n\u2019a qu\u2019\u00e0 attendre patiemment le retour du balancier, il se risquerait aux d\u00e9sillusions cuisantes de 2002 et 2007. Mais si, en revanche, telle ou telle force, tel ou tel courant se laissaient aller \u00e0 tourner le dos au Parti communiste, ils se voueraient \u00e0 l\u2019\u00e9chec et, avec lui, \u00e0 l\u2019\u00e9chec de toute la gauche transformatrice.<\/p>\n<p>Les \u00e9lections de 2014 ne peuvent pas se traduire par des scores du Front de gauche en-de\u00e7\u00e0 de ceux de 2012. \u00ab\u00a0Les\u00a0\u00bb \u00e9lections\u2026 Les municipales comme les europ\u00e9ennes. Le choix du PCF dans plusieurs grandes villes complique la situation\u00a0? Sans nul doute. Mais il y a suffisamment de communes, grandes, moyennes ou petites, o\u00f9 le Front de gauche est en lice pour porter les couleurs d\u2019une politique locale ambitieuse, \u00e0 rebours des logiques d\u2019aust\u00e9rit\u00e9. Ces listes doivent recueillir en mars le score le plus \u00e9lev\u00e9 possible. Elles n\u2019y parviendront pas dans un climat national de ranc\u0153ur et de suspicion r\u00e9ciproque. Et, lors des europ\u00e9ennes du printemps, le Front de gauche doit porter une esp\u00e9rance plus large encore, \u00e0 l\u2019\u00e9chelle de tout le continent. Il ne le pourra pas si ses acteurs ne retrouvent pas l\u2019enthousiasme militant unitaire de 2012.<\/p>\n<p>Il n\u2019est pas trop tard. Le Front de gauche s\u2019est accord\u00e9 sur une vis\u00e9e strat\u00e9gique assur\u00e9e\u00a0: \u00e9noncer une critique radicale de l\u2019option sociale-lib\u00e9rale pour d\u00e9blayer la voie d\u2019une gauche rassembl\u00e9e autour de ses valeurs \u00e9mancipatrices, sociales et \u00e9cologiques. Critique et rassembleur, \u00e0 toutes les \u00e9chelles, de la commune \u00e0 l\u2019Europe\u00a0: c\u2019est notre marque de fabrique. Elle ne vivra, elle ne se verra que si nous sommes ensemble, r\u00e9solument ensemble, quelles que soient les difficult\u00e9s. La n\u00e9cessaire clart\u00e9 ne passe pas avant l\u2019unit\u00e9, tout simplement parce que, sur le fond strat\u00e9gique, nous avons d\u00e9j\u00e0 b\u00e2ti notre communaut\u00e9 essentielle.<\/p>\n<p>Retrouvons donc sans tarder l\u2019allant de notre unit\u00e9. Nous r\u00e9fl\u00e9chirons ensuite \u00e0 notre avenir. Sans doute nos tensions disent-elles aussi, malgr\u00e9 nous, une limite de ce que nous avons construit. Nous sommes un espace militant\u00a0: c\u2019est notre force. Mais nous n\u2019avons pas r\u00e9ussi \u00e0 fonctionner autrement que comme un cartel\u00a0: c\u2019est notre faiblesse. Ne plus \u00eatre un cartel, inclure \u2013\u00a0et pas seulement pour coller les affiches\u00a0\u2013 tous les militants et sympathisants qui, par dizaines de milliers, ont donn\u00e9 de la force \u00e0 notre candidat en 2012\u00a0: ce d\u00e9fi est devant nous. Il faudra scrupuleusement respecter le d\u00e9sir de ceux qui veulent conserver leur autonomie organisationnelle. Mais le Front de gauche a le devoir d\u2019ouvrir ses portes et ses fen\u00eatres s\u2019il veut \u00eatre \u00e0 la hauteur de la responsabilit\u00e9 qui est la sienne\u00a0: \u00eatre un outil au service du peuple pour construire une alternative politique.<\/p>\n<p>Ce sera notre t\u00e2che apr\u00e8s les \u00e9ch\u00e9ances \u00e9lectorales. D\u2019ici-l\u00e0, un imp\u00e9ratif unique\u00a0: le souffle irr\u00e9pressible de l\u2019unit\u00e9.<div id='gallery-1' class='gallery galleryid-7317 gallery-columns-3 gallery-size-thumbnail'><figure class='gallery-item'>\n\t\t\t<div class='gallery-icon landscape'>\n\t\t\t\t<a href='https:\/\/archives.regards.fr\/wp-content\/uploads\/2013\/12\/pp-3-77f.jpg'><img loading=\"lazy\" decoding=\"async\" width=\"150\" height=\"150\" src=\"https:\/\/archives.regards.fr\/wp-content\/uploads\/2013\/12\/pp-3-77f-150x150.jpg\" class=\"attachment-thumbnail size-thumbnail\" alt=\"pp-3.jpg\" \/><\/a>\n\t\t\t<\/div><\/figure>\n\t\t<\/div>\n<\/p>\n","protected":false},"excerpt":{"rendered":"<p>La tension interne au Front de gauche vient de franchir un nouveau seuil ce week-end (voir ici). C\u2019est pr\u00e9occupant, mais il est encore temps de redresser la barre. Apr\u00e8s des ann\u00e9es de dispersion am\u00e8re \u00e0 la gauche du Parti socialiste, la cr\u00e9ation du Front de gauche, \u00e0 la fin de 2008, fut un salvateur ballon [&hellip;]<\/p>\n","protected":false},"author":328,"featured_media":19542,"comment_status":"open","ping_status":"open","sticky":false,"template":"","format":"standard","meta":{"_themeisle_gutenberg_block_has_review":false,"footnotes":""},"categories":[157],"tags":[452],"class_list":["post-7317","post","type-post","status-publish","format-standard","has-post-thumbnail","hentry","category-web","tag-front-de-gauche"],"_links":{"self":[{"href":"https:\/\/archives.regards.fr\/index.php?rest_route=\/wp\/v2\/posts\/7317","targetHints":{"allow":["GET"]}}],"collection":[{"href":"https:\/\/archives.regards.fr\/index.php?rest_route=\/wp\/v2\/posts"}],"about":[{"href":"https:\/\/archives.regards.fr\/index.php?rest_route=\/wp\/v2\/types\/post"}],"author":[{"embeddable":true,"href":"https:\/\/archives.regards.fr\/index.php?rest_route=\/wp\/v2\/users\/328"}],"replies":[{"embeddable":true,"href":"https:\/\/archives.regards.fr\/index.php?rest_route=%2Fwp%2Fv2%2Fcomments&post=7317"}],"version-history":[{"count":0,"href":"https:\/\/archives.regards.fr\/index.php?rest_route=\/wp\/v2\/posts\/7317\/revisions"}],"wp:featuredmedia":[{"embeddable":true,"href":"https:\/\/archives.regards.fr\/index.php?rest_route=\/wp\/v2\/media\/19542"}],"wp:attachment":[{"href":"https:\/\/archives.regards.fr\/index.php?rest_route=%2Fwp%2Fv2%2Fmedia&parent=7317"}],"wp:term":[{"taxonomy":"category","embeddable":true,"href":"https:\/\/archives.regards.fr\/index.php?rest_route=%2Fwp%2Fv2%2Fcategories&post=7317"},{"taxonomy":"post_tag","embeddable":true,"href":"https:\/\/archives.regards.fr\/index.php?rest_route=%2Fwp%2Fv2%2Ftags&post=7317"}],"curies":[{"name":"wp","href":"https:\/\/api.w.org\/{rel}","templated":true}]}}