{"id":7316,"date":"2013-12-23T11:54:05","date_gmt":"2013-12-23T10:54:05","guid":{"rendered":"https:\/\/wp.muchomaas.com\/les-ambitions-europeennes-de7316\/"},"modified":"2023-06-23T23:16:12","modified_gmt":"2023-06-23T21:16:12","slug":"les-ambitions-europeennes-de7316","status":"publish","type":"post","link":"https:\/\/archives.regards.fr\/?p=7316","title":{"rendered":"Les ambitions europ\u00e9ennes de Marine Le Pen"},"content":{"rendered":"<p class=\"post_excerpt\">Le FN fait feu de tout bois et pr\u00e9pare d\u00e9j\u00e0 la<br \/>\nconsultation europ\u00e9enne en tentant<br \/>\nde mettre en place une alliance des partis<br \/>\nd\u2019extr\u00eame droite europ\u00e9ens. Comment ne<br \/>\npas alt\u00e9rer l\u2019image soft que Marine Le Pen<br \/>\nveut promouvoir ? C\u2019est le risque et l\u2019enjeu<br \/>\nde cette alliance.<\/p>\n<p>En cherchant \u00e0 construire<br \/>\nune alliance entre les<br \/>\npartis d\u2019extr\u00eame droite<br \/>\neurop\u00e9ens, Marine Le<br \/>\nPen joue gros. Elle<br \/>\nconduit cette op\u00e9ration<br \/>\ncontinentale alors<br \/>\nque le FN cherche \u00e0 couper les liens<br \/>\nvisibles avec l\u2019histoire r\u00e9prouv\u00e9e : le<br \/>\nracisme de base, la nostalgie nazie ne<br \/>\nsont plus tol\u00e9r\u00e9s dans les instances du<br \/>\nparti. Des t\u00eates de liste aux municipale<br \/>\nont \u00e9t\u00e9 radi\u00e9es des cadres tandis que<br \/>\nla direction du parti cherche \u00e0 \u00e9touffer<br \/>\nles t\u00e9moignages de cette r\u00e9alit\u00e9 ancr\u00e9e<br \/>\nau sein du FN.<\/p>\n<p>Et pourtant Marine Le Pen prend le<br \/>\nrisque de faire la tourn\u00e9e de partis<br \/>\npour construire une internationale<br \/>\neurop\u00e9enne qui ancrerait sa formation<br \/>\ndans une communaut\u00e9 d\u2019histoire,<br \/>\ncelle de l\u2019extr\u00eame droite dans<br \/>\ntoutes ses expressions.<\/p>\n<p>Malgr\u00e9 les risques de brouillage du<br \/>\nmessage, l\u2019objectif poursuivi est strat\u00e9gique<br \/>\n: il s\u2019agit de conforter le poids<br \/>\npolitique du FN et Marine Le Pen sait<br \/>\nque cela passe par une influence<br \/>\n\u00e0 l\u2019\u00e9chelle europ\u00e9enne.<\/p>\n<p>Ainsi, six partis politiques d\u2019extr\u00eame<br \/>\ndroite vont s\u2019unir pour les \u00e9lections europ\u00e9ennes<br \/>\nde mai 2014. Leur objectif<br \/>\ncommun : devenir la \u00ab troisi\u00e8me force \u00bb<br \/>\ndu Parlement. S\u2019ils y parvenaient nul<br \/>\ndoute que le retentissement dans les<br \/>\npolitiques de l\u2019UE serait sensible. L\u2019alliance<br \/>\na \u00e9t\u00e9 scell\u00e9e le 15 novembre \u00e0<br \/>\nVienne. \u00c0 l\u2019invitation du FPO autrichien,<br \/>\nse sont retrouv\u00e9s des repr\u00e9sentants du<br \/>\nFront national, emmen\u00e9s par Marion<br \/>\nMar\u00e9chal Le Pen, de la Ligue du Nord,<br \/>\nen Italie, des D\u00e9mocrates su\u00e9dois,<br \/>\ndu Vlaams Belang, en Belgique et<br \/>\ndu SNS slovaque.<\/p>\n<h2>Plus de voix<\/h2>\n<p>Leur accord politique se fait sur une<br \/>\nr\u00e9orientation de l\u2019Europe. Ils plaident<br \/>\npour <em>\u00ab le maintien de la souverainet\u00e9<br \/>\nnationale contre le centralisme de<br \/>\nBruxelles \u00bb<\/em> et une <em>\u00ab conservation des<br \/>\nidentit\u00e9s culturelles des peuples europ\u00e9ens,<br \/>\ncontre une immigration massive<br \/>\net une islamisation de l\u2019Europe \u00bb.<\/em><br \/>\nLes <em>\u00ab racines chr\u00e9tiennes \u00bb<\/em> du continent<br \/>\neurop\u00e9en constituent un socle du<br \/>\ndiscours. Ces partis ont en commun de<br \/>\ntourner le dos \u00e0 l\u2019antis\u00e9mitisme pour<br \/>\nprivil\u00e9gier la d\u00e9fense de l\u2019Occident<br \/>\ncontre la menace islamiste.<\/p>\n<p>Tous esp\u00e8rent un surcro\u00eet de l\u00e9gitimit\u00e9<br \/>\ndans leur propre pays. Le FN se<br \/>\nmontre particuli\u00e8rement actif dans la<br \/>\nconstitution de cette alliance ; Les leaders<br \/>\nFN sont de toutes les r\u00e9unions et<br \/>\nmultiplient les bilat\u00e9rales. En octobre,<br \/>\nMarion Mar\u00e9chal-Le Pen intervenait \u00e0<br \/>\nune r\u00e9union du Vlaams Belang belge.<br \/>\nLe 8 novembre, Marine Le Pen rencontrait<br \/>\n\u00e0 Stockholm les responsables des D\u00e9mocrates su\u00e9dois, cr\u00e9dit\u00e9s de 10 %<br \/>\ndes intentions de vote.<\/p>\n<p>Marine Le Pen fait de ce p\u00f4le un filtre<br \/>\npour \u00e9liminer les petits groupuscules.<br \/>\nEn ce sens aussi il s\u2019agit d\u2019un jalon<br \/>\ndans la d\u00e9diabolisation de son parti.<br \/>\nElle le dit sans d\u00e9tour : <em>\u00ab Je veux tourner<br \/>\nle dos \u00e0 l\u2019ensemble des mouvements<br \/>\nqui ne sont pas sur les m\u00eames<br \/>\ngrandes lignes que nous ou qui n\u2019ont<br \/>\npas le s\u00e9rieux n\u00e9cessaire pour r\u00e9fl\u00e9chir<br \/>\navec nous. Je veux travailler avec<br \/>\ndes partis cr\u00e9dibles et de tout premier<br \/>\nplan. \u00bb<\/em> Ainsi, elle a exig\u00e9 et obtenu de<br \/>\nJean-Marie Le Pen et Bruno Gollnisch<br \/>\nqu\u2019ils quittent l\u2019Alliance europ\u00e9enne<br \/>\ndes mouvements nationaux qui regroupait<br \/>\ndes formations radicales.<\/p>\n<p>La conqu\u00eate d\u2019un groupe au Parlement<br \/>\nleur ouvrirait une nouvelle visibilit\u00e9 et<br \/>\nleur donnerait des moyens accrus.<br \/>\nPour cela, il leur faut atteindre vingtcinq<br \/>\n\u00e9lus r\u00e9partis dans au moins sept<br \/>\npays de l\u2019Union europ\u00e9enne. Concr\u00e8tement<br \/>\ncela signifie gagner des \u00e9lus en<br \/>\nprovenance de deux nouveaux pays.<br \/>\nSi l\u2019extr\u00eame droite parvient \u00e0 former<br \/>\nun groupe au Parlement europ\u00e9en, elle<br \/>\naura plus de moyens (collaborateurs,<br \/>\nbureaux, secr\u00e9tariat, communication,<br \/>\netc.) mais aussi un temps de parole<br \/>\nproportionnel \u00e0 sa taille. Occasion de<br \/>\nse faire entendre dans une enceinte o\u00f9<br \/>\nelle est, pour l\u2019instant, marginalis\u00e9e.<div id='gallery-1' class='gallery galleryid-7316 gallery-columns-3 gallery-size-thumbnail'><figure class='gallery-item'>\n\t\t\t<div class='gallery-icon landscape'>\n\t\t\t\t<a href='https:\/\/archives.regards.fr\/wp-content\/uploads\/2013\/12\/lepen-3-c49.jpg'><img loading=\"lazy\" decoding=\"async\" width=\"150\" height=\"150\" src=\"https:\/\/archives.regards.fr\/wp-content\/uploads\/2013\/12\/lepen-3-c49-150x150.jpg\" class=\"attachment-thumbnail size-thumbnail\" alt=\"lepen-3.jpg\" \/><\/a>\n\t\t\t<\/div><\/figure>\n\t\t<\/div>\n<\/p>\n","protected":false},"excerpt":{"rendered":"<p>Le FN fait feu de tout bois et pr\u00e9pare d\u00e9j\u00e0 la<br \/>\nconsultation europ\u00e9enne en tentant<br \/>\nde mettre en place une alliance des partis<br \/>\nd\u2019extr\u00eame droite europ\u00e9ens. Comment ne<br \/>\npas alt\u00e9rer l\u2019image soft que Marine Le Pen<br \/>\nveut promouvoir ? C\u2019est le risque et l\u2019enjeu<br \/>\nde cette alliance.<\/p>\n","protected":false},"author":464,"featured_media":19540,"comment_status":"open","ping_status":"open","sticky":false,"template":"","format":"standard","meta":{"_themeisle_gutenberg_block_has_review":false,"footnotes":""},"categories":[1],"tags":[352,355],"class_list":["post-7316","post","type-post","status-publish","format-standard","has-post-thumbnail","hentry","category-non-classe","tag-europe","tag-extreme-droite"],"_links":{"self":[{"href":"https:\/\/archives.regards.fr\/index.php?rest_route=\/wp\/v2\/posts\/7316","targetHints":{"allow":["GET"]}}],"collection":[{"href":"https:\/\/archives.regards.fr\/index.php?rest_route=\/wp\/v2\/posts"}],"about":[{"href":"https:\/\/archives.regards.fr\/index.php?rest_route=\/wp\/v2\/types\/post"}],"author":[{"embeddable":true,"href":"https:\/\/archives.regards.fr\/index.php?rest_route=\/wp\/v2\/users\/464"}],"replies":[{"embeddable":true,"href":"https:\/\/archives.regards.fr\/index.php?rest_route=%2Fwp%2Fv2%2Fcomments&post=7316"}],"version-history":[{"count":0,"href":"https:\/\/archives.regards.fr\/index.php?rest_route=\/wp\/v2\/posts\/7316\/revisions"}],"wp:featuredmedia":[{"embeddable":true,"href":"https:\/\/archives.regards.fr\/index.php?rest_route=\/wp\/v2\/media\/19540"}],"wp:attachment":[{"href":"https:\/\/archives.regards.fr\/index.php?rest_route=%2Fwp%2Fv2%2Fmedia&parent=7316"}],"wp:term":[{"taxonomy":"category","embeddable":true,"href":"https:\/\/archives.regards.fr\/index.php?rest_route=%2Fwp%2Fv2%2Fcategories&post=7316"},{"taxonomy":"post_tag","embeddable":true,"href":"https:\/\/archives.regards.fr\/index.php?rest_route=%2Fwp%2Fv2%2Ftags&post=7316"}],"curies":[{"name":"wp","href":"https:\/\/api.w.org\/{rel}","templated":true}]}}