{"id":7314,"date":"2013-12-26T09:00:00","date_gmt":"2013-12-26T08:00:00","guid":{"rendered":"https:\/\/wp.muchomaas.com\/quand-le-parti-socialiste-exaspere7314\/"},"modified":"2013-12-26T09:00:00","modified_gmt":"2013-12-26T08:00:00","slug":"quand-le-parti-socialiste-exaspere7314","status":"publish","type":"post","link":"https:\/\/archives.regards.fr\/?p=7314","title":{"rendered":"Quand le Parti Socialiste exasp\u00e8re"},"content":{"rendered":"<p class=\"post_excerpt\">Le Parti socialiste a le don\u2026 d\u2019agacer<br \/>\nle monde et ce, jusque dans ses rangs !<br \/>\nLa preuve.<\/p>\n<p>Le Parti socialiste \u00e9nerve c\u2019est<br \/>\nle moins qu\u2019on puisse dire. Sa<br \/>\ncapacit\u00e9 \u00e0 se revendiquer de la<br \/>\ngauche, voire \u00e0 s\u2019autoproclamer<br \/>\ncomme la seule gauche possible<br \/>\nsuscite de nombreuses r\u00e9actions de<br \/>\nrejet. Les expressions assassines qui<br \/>\nfleurissent sont loin d\u2019\u00eatre l\u2019apanage<br \/>\nde militants ou d\u2019intellectuels fortement<br \/>\nancr\u00e9s dans la gauche radicale.<br \/>\nDerni\u00e8re sortie en date qui traduit bien<br \/>\nle sentiment diffus qui existe tr\u00e8s largement<br \/>\nau sein de la gauche, le propos<br \/>\nde Bruno Gaccio :<em> \u00ab Il faudrait un<br \/>\nParti socialiste mais de gauche ! \u00bb<\/em> Il y<br \/>\na quelques mois et en \u00e9cho au slogan<br \/>\n\u00ab la droite d\u00e9complex\u00e9e \u00bb cher \u00e0 Jean-<br \/>\nFran\u00e7ois Cop\u00e9, la formule utilis\u00e9e par<br \/>\nFr\u00e9d\u00e9ric Lordon au sujet du PS avait<br \/>\nfait mouche : <em>\u00ab la droite complex\u00e9e \u00bb<\/em>.<br \/>\nLe m\u00eame affirmait que <em>\u00ab le socialisme<br \/>\nde collaboration \u2013 vrai nom du \u201csocialisme<br \/>\nde l\u2019offre\u201d \u2013 aura l\u2019\u00e9chec en<br \/>\nplus de la honte \u00bb<\/em>. Quant \u00e0 Emmanuel<br \/>\nTodd qui se d\u00e9finit lui-m\u00eame comme un<br \/>\nr\u00e9formiste raisonnable et a soutenu la<br \/>\ncandidature de Fran\u00e7ois Hollande d\u00e8s<br \/>\nle premier tour, il a d\u00e9clar\u00e9 r\u00e9cemment<br \/>\n[dans <em>Fakir<\/em>->http : www.fakirpresse.info\/Emmanuel-Todd-<br \/>\nCe-qui-mine-c-est-le-622.html] : <em>\u00ab Les mecs que je m\u00e9prise,<br \/>\nce sont les \u00e9narques de l\u2019Inspection<br \/>\ndes Finances, de la Cour des comptes<br \/>\net du Conseil d\u2019\u00c9tat, qui se croient<br \/>\nintelligents, alors que ce sont en g\u00e9n\u00e9ral<br \/>\ndes super-glands intellectuels. \u00bb<\/em><\/p>\n<p>Quand on sait que Fran\u00e7ois Hollande<br \/>\nsorti huiti\u00e8me de l\u2019ENA a choisi d\u2019int\u00e9grer<br \/>\nla Cour des comptes et qu\u2019il aurait pu rejoindre l\u2019Inspection des finances,<br \/>\nle propos est brutal.<\/p>\n<p>Juste apr\u00e8s la victoire de Nicolas Sarkozy,<br \/>\ndans son livre <em>Apr\u00e8s la d\u00e9mocratie<\/em>,<br \/>\nEmmanuel Todd analysait d\u00e9j\u00e0 les<br \/>\ncons\u00e9quences politiques de l\u2019ouverture<br \/>\n\u00e0 gauche par le pr\u00e9sident alors nouvellement<br \/>\n\u00e9lu. \u00c9ric Besson, Jean-Pierre<br \/>\nJouyet, Bernard Kouchner, Jean-Marie<br \/>\nBockel sans compter Fadela Amara et<br \/>\nMartin Hirsch cela faisait quand m\u00eame<br \/>\nbeaucoup. Pour qui s\u2019int\u00e9resse \u00e0 l\u2019\u00e9volution<br \/>\ndu Parti socialiste, la facilit\u00e9<br \/>\nd\u00e9concertante avec laquelle Nicolas<br \/>\nSarkozy a r\u00e9ussi son entreprise de d\u00e9bauchage<br \/>\nne peut qu\u2019interroger. M\u00eame<br \/>\nsi la plupart d\u2019entre eux n\u2019avaient obtenu<br \/>\nque des postes symboliques dans le<br \/>\ngouvernement Fillon, <em>\u00ab la symbolique<br \/>\nest d\u00e9vastatrice parce qu\u2019elle met en<br \/>\nsc\u00e8ne la d\u00e9sint\u00e9gration de l\u2019identit\u00e9<br \/>\nsocialiste, ou plus g\u00e9n\u00e9ralement de<br \/>\nl\u2019identit\u00e9 de la gauche \u00bb<\/em>. En 2008 S\u00e9gol\u00e8ne<br \/>\nRoyal pouvait faire campagne<br \/>\nsous la banni\u00e8re de <em>\u00ab l\u2019ordre juste \u00bb<\/em> qui<br \/>\nfleurait bon le sabre et le goupillon mais<br \/>\n\u00e9tait \u00e9tranger \u00e0 l\u2019histoire de la gauche.<br \/>\nAujourd\u2019hui, le pr\u00e9sident Hollande n\u2019a<br \/>\nde cesse de devancer les exigences<br \/>\npatronales nourrissant un vide id\u00e9ologique<br \/>\nqui laisse toute la place \u00e0 la<br \/>\nmont\u00e9e de forces r\u00e9gressives tant sur<br \/>\nle terrain social que d\u00e9mocratique. Le<br \/>\nmalaise traverse toute la gauche. Au<br \/>\nsein m\u00eame du giron socialiste circule la<br \/>\nblague suivante :<br \/>\n<em>\u00ab &#8211; Comment reconna\u00eet-on un ancien<br \/>\nministre socialiste ?<br \/>\n&#8211; C\u2019est celui qui s\u2019assoit \u00e0 l\u2019arri\u00e8re de sa<br \/>\nvoiture et qui attend qu\u2019elle d\u00e9marre ! \u00bb<\/em><\/p>\n<p>L\u2019autod\u00e9rision a bien des vertus, mais<br \/>\nsi la situation devait rester inchang\u00e9e,<br \/>\nil ne resterait que le cynisme<br \/>\net l\u2019impuissance.<\/p>\n","protected":false},"excerpt":{"rendered":"<p>Le Parti socialiste a le don\u2026 d\u2019agacer<br \/>\nle monde et ce, jusque dans ses rangs !<br \/>\nLa preuve.<\/p>\n","protected":false},"author":1097,"featured_media":0,"comment_status":"open","ping_status":"open","sticky":false,"template":"","format":"standard","meta":{"_themeisle_gutenberg_block_has_review":false,"footnotes":""},"categories":[1],"tags":[390],"class_list":["post-7314","post","type-post","status-publish","format-standard","hentry","category-non-classe","tag-parti-socialiste"],"_links":{"self":[{"href":"https:\/\/archives.regards.fr\/index.php?rest_route=\/wp\/v2\/posts\/7314","targetHints":{"allow":["GET"]}}],"collection":[{"href":"https:\/\/archives.regards.fr\/index.php?rest_route=\/wp\/v2\/posts"}],"about":[{"href":"https:\/\/archives.regards.fr\/index.php?rest_route=\/wp\/v2\/types\/post"}],"author":[{"embeddable":true,"href":"https:\/\/archives.regards.fr\/index.php?rest_route=\/wp\/v2\/users\/1097"}],"replies":[{"embeddable":true,"href":"https:\/\/archives.regards.fr\/index.php?rest_route=%2Fwp%2Fv2%2Fcomments&post=7314"}],"version-history":[{"count":0,"href":"https:\/\/archives.regards.fr\/index.php?rest_route=\/wp\/v2\/posts\/7314\/revisions"}],"wp:attachment":[{"href":"https:\/\/archives.regards.fr\/index.php?rest_route=%2Fwp%2Fv2%2Fmedia&parent=7314"}],"wp:term":[{"taxonomy":"category","embeddable":true,"href":"https:\/\/archives.regards.fr\/index.php?rest_route=%2Fwp%2Fv2%2Fcategories&post=7314"},{"taxonomy":"post_tag","embeddable":true,"href":"https:\/\/archives.regards.fr\/index.php?rest_route=%2Fwp%2Fv2%2Ftags&post=7314"}],"curies":[{"name":"wp","href":"https:\/\/api.w.org\/{rel}","templated":true}]}}