{"id":7313,"date":"2014-01-04T09:00:00","date_gmt":"2014-01-04T08:00:00","guid":{"rendered":"https:\/\/wp.muchomaas.com\/parti-socialiste-etat-des-lieux7313\/"},"modified":"2023-06-23T23:16:12","modified_gmt":"2023-06-23T21:16:12","slug":"parti-socialiste-etat-des-lieux7313","status":"publish","type":"post","link":"https:\/\/archives.regards.fr\/?p=7313","title":{"rendered":"Parti Socialiste, \u00e9tat des lieux"},"content":{"rendered":"<p class=\"post_excerpt\">Tiraill\u00e9 entre sa gauche et sa droite,<br \/>\nle Parti socialiste p\u00e9dale dans la semoule.<br \/>\nDe l\u2019appel \u00e0 une \u00ab union nationale \u00bb<br \/>\naux espoirs d\u2019un changement de cap<br \/>\ngouvernemental, les dirigeants socialistes<br \/>\ntergiversent. Explication.<\/p>\n<p>Fin novembre et d\u00e9but<br \/>\nd\u00e9cembre, deux \u00e9v\u00e9nements<br \/>\nont marqu\u00e9 l\u2019espace<br \/>\npolitique du socialisme<br \/>\nfran\u00e7ais. Dans Le<br \/>\n<em>Figaro<\/em> du 27 novembre,<br \/>\nle d\u00e9put\u00e9 socialiste du<br \/>\nGard, Pascal Terrasse, appelle \u00e0 une<br \/>\nunion nationale sur le mod\u00e8le allemand.<br \/>\nOfficiellement, parce qu\u2019il faut <em>\u00ab passer<br \/>\nde l\u2019aust\u00e9rit\u00e9 \u00e0 la sobri\u00e9t\u00e9 \u00bb<\/em>, ce<br \/>\nqui suppose un <em>\u00ab assouplissement du<br \/>\nmarch\u00e9 du travail \u00bb<\/em> et une <em>\u00ab discipline<br \/>\nsociale \u00bb<\/em> reposant sur le consentement.<br \/>\nIl faut donc trouver une base politique<br \/>\nmajoritaire pour fonder ce consentement<br \/>\n: cela passe par un recoupement<br \/>\nde la droite et de la gauche. C\u2019est ce<br \/>\nr\u00e9ajustement, qui transcende les fronti\u00e8res<br \/>\npartisanes de la droite et de la<br \/>\ngauche, qui est ici appel\u00e9 \u00ab union nationale<br \/>\n\u00bb. Comble de l\u2019ironie : pour justifier<br \/>\nl\u2019abandon complet de la logique<br \/>\nr\u00e9gulatrice de l\u2019\u00c9tat-providence, le<br \/>\nd\u00e9put\u00e9 se r\u00e9clame\u2026 du Conseil national<br \/>\nde la R\u00e9sistance qui avait l\u00e9gitim\u00e9<br \/>\nla logique en question.<\/p>\n<p>Au m\u00eame moment, Pierre Larroutourou<br \/>\nd\u00e9cide de quitter une nouvelle fois le<br \/>\nParti socialiste pour cr\u00e9er une nouvelle formation politique, baptis\u00e9e \u00ab Nouvelle<br \/>\nDonne \u00bb, o\u00f9 il se retrouve avec Bruno<br \/>\nGaccio, l\u2019urgentiste Bruno Pelloux, le<br \/>\nphilosophe Edgar Morin et avec Isabelle<br \/>\nAttard, d\u00e9put\u00e9e du Calvados qui<br \/>\nvient de quitter Europe-\u00c9cologie-Les-<br \/>\nVerts. La \u00ab Nouvelle Donne \u00bb \u00e9voque<br \/>\nexplicitement le New Deal de Franklin<br \/>\nD. Roosevelt. L\u2019\u00e9conomiste et conseiller<br \/>\nr\u00e9gional francilien, qui se fit conna\u00eetre<br \/>\nen plaidant pour la \u00ab semaine de quatre<br \/>\njours \u00bb, a \u00e9t\u00e9 proche de Michel Rocard<br \/>\net a rejoint bri\u00e8vement les rangs d\u2019Europe-<br \/>\n\u00c9cologie. Il plaide ouvertement<br \/>\npour une politique volontariste, de filiation<br \/>\nkeyn\u00e9sienne, centr\u00e9e sur la lutte<br \/>\ncontre le ch\u00f4mage.<\/p>\n<h2>Trois lignes de d\u00e9bat<\/h2>\n<p>En fait, les deux informations sont \u00e0<br \/>\nl\u2019image du maelstr\u00f6m qui affecte l\u2019ensemble<br \/>\ndu parti. Comme \u00e0 l\u2019accoutum\u00e9e,<br \/>\nl\u2019exercice du pouvoir perturbe la r\u00e9partition<br \/>\ndes forces entre la droite et la gauche.<br \/>\nLa motion majoritaire au Congr\u00e8s de<br \/>\nToulouse (octobre 2012) regroupe \u00e0 la<br \/>\nfois Manuel Valls, Beno\u00eet Hamon, Arnaud<br \/>\nMontebourg et Henri Emmanuelli. La<br \/>\ngauche socialiste est ainsi officiellement<br \/>\nminor\u00e9e. Les motions d\u00e9pos\u00e9es par Emmanuel<br \/>\nMaurel et St\u00e9phane Hessel (avec<br \/>\nPierre Larroutourrou) se sont partag\u00e9 un<br \/>\nquart des votes et Emmanuel Maurel luim\u00eame<br \/>\na recueilli un peu plus de 27 %<br \/>\nquand il s\u2019est agi de d\u00e9signer le premier<br \/>\nsecr\u00e9taire du parti.<\/p>\n<p>En fait, le parti majoritaire voit les attitudes<br \/>\ninternes se r\u00e9partir autour de trois<br \/>\nlignes de d\u00e9bat. Les deux premi\u00e8res<br \/>\nsont classiques et portent sur la gestion<br \/>\ngouvernementale et sur les alliances<br \/>\npolitiques. La logique institutionnelle<br \/>\nenglue pour l\u2019essentiel les socialistes,<br \/>\ncomme tout parti majoritaire, dans un<br \/>\nsoutien plus ou moins enthousiaste<br \/>\nau gouvernement en place. Les amis<br \/>\nd\u2019Emmanuel Maurel ont certes r\u00e9clam\u00e9<br \/>\nd\u00e8s le printemps un <em>\u00ab changement de<br \/>\ncap \u00bb<\/em> vers une \u00ab relance \u00e9conomique<br \/>\net sociale \u00bb, mais la discipline parlementaire<br \/>\nest l\u00e0 pour temp\u00e9rer les ardeurs.<br \/>\nLe 17 septembre, dans les colonnes du<br \/>\n<em>Figaro<\/em>, le bouillant Laurent Baumel, le<br \/>\nleader de la \u00ab Gauche populaire \u00bb, r\u00e9cusait<br \/>\nl\u2019abstention sur le vote du budget au nom de la discipline majoritaire, la rupture<br \/>\n\u00e9tant <em>\u00ab un acte extr\u00eamement grave<br \/>\nque nul n\u2019envisage aujourd\u2019hui \u00bb<\/em>. Quant<br \/>\nau jeu des alliances, il oppose, dans<br \/>\nun continuum classique de la droite \u00e0<br \/>\nla gauche, ceux qui souhaitent approfondir<br \/>\nla logique du recentrage (Pascal<br \/>\nTerrasse en \u00e9nonce la variante extr\u00eame)<br \/>\net ceux qui plaident pour une union de<br \/>\nla gauche traditionnelle, sous leadership<br \/>\nsocialiste, \u00e0 l\u2019image de Marie-No\u00eblle Lienemann<br \/>\nou de Paul Quil\u00e8s.<\/p>\n<p>Le troisi\u00e8me d\u00e9bat, le moins reconnu,<br \/>\nn\u2019est pas le moins d\u00e9cisif. Il porte sur<br \/>\nl\u2019arri\u00e8re-plan sociologique du dispositif<br \/>\npolitique et il a \u00e9t\u00e9 r\u00e9cemment mis sur<br \/>\nle devant de la sc\u00e8ne par le think tank<br \/>\nsocialiste Terra Nova. On se souvient<br \/>\nque, en mai 2011, \u00e0 la veille de l\u2019\u00e9lection<br \/>\npr\u00e9sidentielle, un rapport du tr\u00e8s<br \/>\nm\u00e9diatique laboratoire d\u2019id\u00e9es a mis le<br \/>\nfeu aux poudres. Il partait d\u2019un double<br \/>\nconstat, dans la continuit\u00e9 du \u00ab postmat\u00e9rialisme<br \/>\n\u00bb de Ronald Inglehart<br \/>\n(1977) : l\u2019\u00e9clatement des cat\u00e9gories<br \/>\npopulaires entre int\u00e9gration et pr\u00e9carisation<br \/>\n; le recul des <em>\u00ab d\u00e9terminants<br \/>\n\u00e9conomiques \u00bb<\/em> du vote ouvrier, au profit<br \/>\ndes <em>\u00ab d\u00e9terminants culturels \u00bb<\/em>, <em>\u00ab hyst\u00e9ris\u00e9s<br \/>\npar l\u2019extr\u00eame droite \u00bb<\/em>. Le rapport<br \/>\npr\u00e9conise alors une strat\u00e9gie \u00e9lectorale<br \/>\nrassemblant, autour du <em>\u00ab lib\u00e9ralisme<br \/>\nculturel \u00bb<\/em>, les couches moyennes et les<br \/>\ncat\u00e9gories populaires fragilis\u00e9es. Le<br \/>\ndocument a provoqu\u00e9 le malaise voire la<br \/>\nr\u00e9probation dans les rangs socialistes.<br \/>\nLe politiste Fr\u00e9d\u00e9ric Sawicki s\u2019est ainsi<br \/>\ninsurg\u00e9 dans le quotidien <em>Lib\u00e9ration<\/em><br \/>\n(10 juin 2011) contre ce qu\u2019il consid\u00e8re<br \/>\ncomme un <em>\u00ab m\u00e9pris de classe \u00bb<\/em>. R\u00e9cusant<br \/>\nla tendance \u00e0 l\u2019utilisation de <em>\u00ab cat\u00e9gories<br \/>\nfourre-tout \u00bb<\/em> (insiders-outsiders,<br \/>\nminorit\u00e9s, quartiers\u2026), il reproche<br \/>\nvivement \u00e0 Terra Nova d\u2019ignorer que le<br \/>\nd\u00e9sarroi des cat\u00e9gories populaires <em>\u00ab a<br \/>\nd\u2019abord des causes socio-\u00e9conomiques<br \/>\net politiques et non pas culturelles \u00bb<\/em>,<br \/>\nce qui, selon lui, renvoie aux politiques<br \/>\npubliques davantage qu\u2019aux translations<br \/>\ndes mentalit\u00e9s. En novembre 2011, autour<br \/>\ndu d\u00e9put\u00e9 d\u2019Indre-et-Loire Laurent<br \/>\nBaumel, un Plaidoyer pour une gauche<br \/>\npopulaire propose aux socialistes de<br \/>\n<em>\u00ab renouer avec la vocation identitaire de<br \/>\nla gauche \u00bb<\/em>, en retrouvant la base sociale<br \/>\npour laquelle elle est cens\u00e9e agir.<\/p>\n<p>Les animateurs de ce nouveau courant<br \/>\nplaident ainsi, \u00e0 rebours de Terra Nova,<br \/>\npour r\u00e9tablir la pr\u00e9\u00e9minence du social<br \/>\nsur le soci\u00e9tal. La distance \u00e0 l\u2019\u00e9gard du<br \/>\n<em>\u00ab lib\u00e9ralisme culturel \u00bb <\/em> pousse m\u00eame<br \/>\ncertains d\u2019entre eux \u00e0 revaloriser fortement<br \/>\nla demande de s\u00e9curit\u00e9 exprim\u00e9e<br \/>\ndans les milieux populaires. Le 22 ao\u00fbt<br \/>\n2011, le cofondateur de la Gauche<br \/>\npopulaire, Fran\u00e7ois Kalfon, d\u00e9clare ainsi au <em>Figaro<\/em> que si Manuel Valls est populaire,<br \/>\n<em>\u00ab c\u2019est parce qu\u2019il est clair sur la<br \/>\ns\u00e9curit\u00e9 \u00bb<\/em>. Pour le conseiller r\u00e9gional<br \/>\nd\u2019Ile-de-France, le pire pour la gauche<br \/>\nserait de revenir \u00e0 <em>\u00ab l\u2019ang\u00e9lisme \u00bb<\/em><br \/>\nqui, \u00e0 ses yeux, p\u00e9nalisa la gauche<br \/>\njusqu\u2019\u00e0 Lionel Jospin.<\/p>\n<h2>Un nouveau bloc jacobin<\/h2>\n<p>C\u2019est la jonction des trois d\u00e9bats<br \/>\nqui d\u00e9limite le champ des possibles<br \/>\n\u00e0 l\u2019int\u00e9rieur du Parti socialiste. \u00c0 ce<br \/>\njour, la seule coh\u00e9rence v\u00e9ritablement<br \/>\nd\u00e9velopp\u00e9e est celle qu\u2019exprime Terra<br \/>\nNova, qui recoupe les formulations<br \/>\nplus ou moins affirm\u00e9es du \u00ab social-lib\u00e9ralisme<br \/>\n\u00bb, th\u00e9oris\u00e9es par Ulrick Beck<br \/>\net Anthony Giddens, port\u00e9es par le<br \/>\nBritannique Tony Blair et que Manuel<br \/>\nValls avait \u00e9t\u00e9 un des rares \u00e0 proposer<br \/>\ndirectement lors de la primaire qui<br \/>\navait d\u00e9sign\u00e9 le candidat socialiste \u00e0<br \/>\nla pr\u00e9sidentielle. Le point de d\u00e9part<br \/>\nest clairement \u00e9nonc\u00e9 dans le rapport<br \/>\nde mai 2011 : <em>\u00ab Le mod\u00e8le de soci\u00e9t\u00e9<br \/>\nport\u00e9 par la social-d\u00e9mocratie \u2013 l\u2019\u00e9conomie<br \/>\nsociale de march\u00e9 autour de<br \/>\nl\u2019\u00c9tat-providence \u2013 n\u2019est plus compatible<br \/>\navec le nouveau monde globalis\u00e9.<br \/>\n\u00bb<\/em> D\u00e8s lors, il n\u2019y a pas d\u2019autre<br \/>\nvoie que celle qui consiste \u00e0 int\u00e9rioriser<br \/>\nles normes financi\u00e8res et marchandes<br \/>\nde ladite \u00ab mondialisation \u00bb, en les<br \/>\nr\u00e9gulant \u00e0 la marge par la mise au travail<br \/>\n(r\u00e9duction de \u00ab l\u2019assistanat \u00bb) et par<br \/>\nun \u00ab ordre juste \u00bb garant de la s\u00e9curit\u00e9<br \/>\npublique. Dans une soci\u00e9t\u00e9 politique<br \/>\ntoujours bipolaris\u00e9e, il convient donc<br \/>\nde cultiver une ligne de partage d\u00e9passant<br \/>\nl\u2019antique clivage du public et<br \/>\ndu priv\u00e9, de l\u2019\u00e9galit\u00e9 et de l\u2019autorit\u00e9.<br \/>\nAutour d\u2019un \u00ab lib\u00e9ralisme culturel \u00bb qui<br \/>\ns\u2019accommode volontiers du recours \u00e0<br \/>\nl\u2019ordre et \u00e0 la s\u00e9curit\u00e9, il s\u2019agit de d\u00e9finir<br \/>\nles contours d\u2019un nouveau \u00ab bloc<br \/>\njacobin \u00bb, culturellement d\u00e9port\u00e9 vers la droite et pilot\u00e9 par les groupes experts<br \/>\net stabilis\u00e9s, garantes par excellence<br \/>\nde la \u00ab bonne gouvernance \u00bb<br \/>\ndont se r\u00e9clame l\u2019Union europ\u00e9enne.<br \/>\nUn bloc, en tout cas, dans lequel les<br \/>\ncat\u00e9gories populaires sont \u00e9parpill\u00e9es<br \/>\nen agr\u00e9gats statistiques (quartiers,<br \/>\nminorit\u00e9s, jeunes ch\u00f4meurs, femmes<br \/>\nsans emploi\u2026) que nulle \u00ab classe \u00bb<br \/>\nne peut plus rassembler.<\/p>\n<p>Telle est, qu\u2019elle soit ou non encore<br \/>\nbien formalis\u00e9e, la logique vers laquelle<br \/>\ntend le recentrage en cours \u00e0 la t\u00eate de<br \/>\nl\u2019\u00c9tat et \u00e0 celle du parti dominant. Elle<br \/>\na pour elle d\u2019\u00eatre devenue un pivot des<br \/>\nsocial-d\u00e9mocraties europ\u00e9ennes. Elle a<br \/>\ncontre elle de heurter encore une part<br \/>\nde la mouvance socialiste fran\u00e7aise, qui<br \/>\ns\u2019est toujours refus\u00e9e \u00e0 l\u2019importation<br \/>\ndoctrinale d\u2019un mod\u00e8le de type \u00ab Bad-<br \/>\nGodesberg \u00bb. Mais, pour l\u2019instant, son<br \/>\nprincipal atout est dans la coh\u00e9rence<br \/>\nincertaine d\u2019un p\u00f4le de gauche. Entre la<br \/>\nsocial-d\u00e9mocratie classique d\u2019un Henri<br \/>\nEmmanuelli, le n\u00e9ovolontarisme d\u2019un<br \/>\nEmmanuel Maurel et la tentation plus<br \/>\nou moins \u00ab populiste \u00bb des proches de<br \/>\nLaurent Baumel, la synth\u00e8se n\u2019est pas<br \/>\nsi ais\u00e9ment discernable. Que Pierre<br \/>\nLarroutourrou se soit r\u00e9solu \u00e0 quitter<br \/>\nle navire en dit long sur les blocages<br \/>\nstructurels de la vieille organisation.<br \/>\nUne synth\u00e8se n\u00e9okeyn\u00e9sienne ouvrant<br \/>\nla voie \u00e0 une relance social-d\u00e9mocrate<br \/>\nn\u2019est pas impensable. Elle est p\u00e9nalis\u00e9e<br \/>\npar l\u2019image qui est la sienne d\u2019une<br \/>\nnostalgie des \u00e9quilibres d\u2019antan. Elle<br \/>\nest encore incertaine sur ses substrats<br \/>\nsociologiques : \u00e0 quel \u00ab peuple \u00bb<br \/>\nentend-elle s\u2019adresser ? Elle reste classique<br \/>\ndans ses conceptions de l\u2019union<br \/>\nde la gauche, peu ouverte aux interrogations<br \/>\nn\u00e9cessaires sur la crise profonde<br \/>\nde la politique institu\u00e9e.<\/p>\n<p>Pour tout dire, elle n\u2019\u00e9chappe pas au<br \/>\nflou de son projet et \u00e0 l\u2019incertitude de<br \/>\nses d\u00e9finitions proprement politiques.<br \/>\nUne nouvelle synth\u00e8se peut-elle encore<br \/>\nse construire au sein d\u2019un socialisme si<br \/>\nprofond\u00e9ment engag\u00e9 dans sa restructuration<br \/>\nsociale-lib\u00e9rale ? Si ce n\u2019est<br \/>\npas le cas, dans quel cadre peut-elle<br \/>\nenvisager son avenir.<\/p>\n<p>De toutes les mani\u00e8res, la gauche de<br \/>\ngauche a plus int\u00e9r\u00eat que jamais \u00e0 observer<br \/>\nattentivement ce qui se passe<br \/>\nde ce c\u00f4t\u00e9 de l\u2019\u00e9chiquier politique.<br \/>\nDe sa capacit\u00e9 \u00e0 renouveler et \u00e0 rassembler<br \/>\ntout \u00e0 la fois d\u00e9pendront une<br \/>\nbonne part des dynamiques politiques<br \/>\npossibles et, partant, des visages de la<br \/>\ngauche \u00e0 venir.<div id='gallery-1' class='gallery galleryid-7313 gallery-columns-3 gallery-size-thumbnail'><figure class='gallery-item'>\n\t\t\t<div class='gallery-icon landscape'>\n\t\t\t\t<a href='https:\/\/archives.regards.fr\/wp-content\/uploads\/2013\/12\/ps2-70f.jpg'><img loading=\"lazy\" decoding=\"async\" width=\"150\" height=\"150\" src=\"https:\/\/archives.regards.fr\/wp-content\/uploads\/2013\/12\/ps2-70f-150x150.jpg\" class=\"attachment-thumbnail size-thumbnail\" alt=\"ps2.jpg\" \/><\/a>\n\t\t\t<\/div><\/figure>\n\t\t<\/div>\n<\/p>\n","protected":false},"excerpt":{"rendered":"<p>Tiraill\u00e9 entre sa gauche et sa droite,<br \/>\nle Parti socialiste p\u00e9dale dans la semoule.<br \/>\nDe l\u2019appel \u00e0 une \u00ab union nationale \u00bb<br \/>\naux espoirs d\u2019un changement de cap<br \/>\ngouvernemental, les dirigeants socialistes<br \/>\ntergiversent. Explication.<\/p>\n","protected":false},"author":328,"featured_media":19535,"comment_status":"open","ping_status":"open","sticky":false,"template":"","format":"standard","meta":{"_themeisle_gutenberg_block_has_review":false,"footnotes":""},"categories":[1],"tags":[390],"class_list":["post-7313","post","type-post","status-publish","format-standard","has-post-thumbnail","hentry","category-non-classe","tag-parti-socialiste"],"_links":{"self":[{"href":"https:\/\/archives.regards.fr\/index.php?rest_route=\/wp\/v2\/posts\/7313","targetHints":{"allow":["GET"]}}],"collection":[{"href":"https:\/\/archives.regards.fr\/index.php?rest_route=\/wp\/v2\/posts"}],"about":[{"href":"https:\/\/archives.regards.fr\/index.php?rest_route=\/wp\/v2\/types\/post"}],"author":[{"embeddable":true,"href":"https:\/\/archives.regards.fr\/index.php?rest_route=\/wp\/v2\/users\/328"}],"replies":[{"embeddable":true,"href":"https:\/\/archives.regards.fr\/index.php?rest_route=%2Fwp%2Fv2%2Fcomments&post=7313"}],"version-history":[{"count":0,"href":"https:\/\/archives.regards.fr\/index.php?rest_route=\/wp\/v2\/posts\/7313\/revisions"}],"wp:featuredmedia":[{"embeddable":true,"href":"https:\/\/archives.regards.fr\/index.php?rest_route=\/wp\/v2\/media\/19535"}],"wp:attachment":[{"href":"https:\/\/archives.regards.fr\/index.php?rest_route=%2Fwp%2Fv2%2Fmedia&parent=7313"}],"wp:term":[{"taxonomy":"category","embeddable":true,"href":"https:\/\/archives.regards.fr\/index.php?rest_route=%2Fwp%2Fv2%2Fcategories&post=7313"},{"taxonomy":"post_tag","embeddable":true,"href":"https:\/\/archives.regards.fr\/index.php?rest_route=%2Fwp%2Fv2%2Ftags&post=7313"}],"curies":[{"name":"wp","href":"https:\/\/api.w.org\/{rel}","templated":true}]}}