{"id":7312,"date":"2014-01-05T09:00:00","date_gmt":"2014-01-05T08:00:00","guid":{"rendered":"https:\/\/wp.muchomaas.com\/marie-pierre-vieu-repond-a-notre7312\/"},"modified":"2023-06-23T23:16:12","modified_gmt":"2023-06-23T21:16:12","slug":"marie-pierre-vieu-repond-a-notre7312","status":"publish","type":"post","link":"https:\/\/archives.regards.fr\/?p=7312","title":{"rendered":"Marie-Pierre Vieu r\u00e9pond \u00e0 notre questionnaire de Proust"},"content":{"rendered":"<p class=\"post_excerpt\">N\u00e9e le 1er f\u00e9vrier 1967. issue d\u2019une famille de cheminots, fille d\u2019un maire-adjoint communiste de Tarbes, Marie-Pierre Vieu est ancienne pr\u00e9sidente de l\u2019UNEF, membre du comit\u00e9 national du Parti communiste et de la coordination nationale du Front de gauche, conseill\u00e8re R\u00e9gionale Midi-Pyr\u00e9n\u00e9es et t\u00eate de liste Front de gauche aux municipales \u00e0 Tarbes.<\/p>\n<p><strong>Ma vertu pr\u00e9f\u00e9r\u00e9e<\/strong><br \/>\nNe pas avoir peur du conflit.<\/p>\n<p><strong>Ce que j\u2019appr\u00e9cie le plus chez mes ami-e-s<\/strong><br \/>\nL\u2019\u00e9coute.<\/p>\n<p><strong>Mon principal d\u00e9faut<\/strong><br \/>\nL\u2019impatience.<\/p>\n<p><strong>Mon occupation pr\u00e9f\u00e9r\u00e9e<\/strong><br \/>\nR\u00eaver\u2026 et manifester aussi \ud83d\ude42<\/p>\n<p><strong>Mon r\u00eave de bonheur<\/strong><br \/>\nRester amoureuse, tr\u00e8s tr\u00e8s longtemps\u2026<\/p>\n<p><strong>Ce que je voudrais \u00eatre<\/strong><br \/>\n\u00c0 six ans, je voulais \u00eatre clodette,<br \/>\n\u00e0 quarante je me suis retrouv\u00e9e<br \/>\nM\u00e9lenchonette. Disons qu\u2019\u00e0 soixante<br \/>\nj\u2019esp\u00e8re \u00eatre autonome\u2026<\/p>\n<p><strong>Le pays o\u00f9 je d\u00e9sirerais vivre<\/strong><br \/>\nLe mien, avec la VIe R\u00e9publique en plus.<\/p>\n<p><strong>Ma couleur pr\u00e9f\u00e9r\u00e9e<\/strong><br \/>\nLe rouge coquelicot, le blanc du muguet du 1er mai.<\/p>\n<p><strong>La fleur que j\u2019aime<\/strong><br \/>\nLa fleur du tournesol, solaire et estivale.<\/p>\n<p><strong>Mes auteurs favoris en prose<\/strong><br \/>\nDumas des <em>45<\/em>, Kessel du <em>Tour du<br \/>\nmalheur<\/em>, Cohen de <em>Belle du seigneur<\/em>,<br \/>\nAragon du <em>cycle du monde r\u00e9el<\/em>, Duras<br \/>\ndu <em>Ravissement<\/em>, plus Modiano, Ernaux<br \/>\net depuis peu, Colum Mc Cann.<\/p>\n<p><strong>Mes h\u00e9ros dans la fiction<\/strong><br \/>\nJean Valjean. On n\u2019a jamais trouv\u00e9 plus<br \/>\nhumain !<\/p>\n<p><strong>Mes h\u00e9ro\u00efnes favorites dans la fiction<\/strong><br \/>\n<em>La Princesse de Cl\u00e8ves<\/em>, une int\u00e9grit\u00e9<br \/>\nqui a m\u00eame r\u00e9ussi \u00e0 \u00e9branler la<br \/>\nSarkozie\u2026<\/p>\n<p><strong>Mes h\u00e9ros dans la vie r\u00e9elle<\/strong><br \/>\nTous ceux qui continuent \u00e0 r\u00e9sister, lutter<br \/>\net esp\u00e9rer. Sans hi\u00e9rarchie aucune !<\/p>\n<p><strong>Mes h\u00e9ro\u00efnes de l\u2019histoire<\/strong><br \/>\nLes m\u00eames qu\u2019au masculin. Avec<br \/>\nles visages de Marie Claude Vaillant<br \/>\nCourturier, Dani\u00e8le Casanova,<br \/>\nMadeleine Riffaud. \u00c9ternelles rebelles\u2026<\/p>\n<p><strong>Ce que je d\u00e9teste par-dessus tout<\/strong><br \/>\nL\u2019impuissance.<\/p>\n<p><strong>Personnages historiques que<br \/>\nje m\u00e9prise le plus<\/strong><br \/>\nJe pense que Margaret Thatcher<br \/>\na une place particuli\u00e8re dans mon<br \/>\n\u00ab panth\u00e9on \u00bb personnel. Remember<br \/>\nBobby Sand\u2026<\/p>\n<p><strong>La r\u00e9forme que j\u2019estime le plus<\/strong><br \/>\nIl y a toutes celles du Front Pop. Mais<br \/>\npour moi la s\u00e9paration de l\u2019\u00c9glise et de<br \/>\nl\u2019\u00c9tat ou l\u2019abolition de la peine de mort<br \/>\nsont essentielles.<\/p>\n<p><strong>Les fautes qui m\u2019inspirent le<br \/>\nplus d\u2019indulgence<\/strong><br \/>\nCelles qui sont commises par souci de<br \/>\nne pas blesser l\u2019autre.<\/p>\n<p><strong>Ma devise<\/strong><br \/>\nCelle universelle du po\u00e8te Mahmoud<br \/>\nDarwicht : <em>\u00ab Nous souffrons d\u2019un mal<br \/>\nincurable : l\u2019espoir. \u00bb<\/em><\/p>\n<p><strong>Mon \u00e9tat d\u2019esprit actuel<\/strong><br \/>\nCombatif !<div id='gallery-1' class='gallery galleryid-7312 gallery-columns-3 gallery-size-thumbnail'><figure class='gallery-item'>\n\t\t\t<div class='gallery-icon landscape'>\n\t\t\t\t<a href='https:\/\/archives.regards.fr\/wp-content\/uploads\/2013\/12\/mpv-5d1.jpg'><img loading=\"lazy\" decoding=\"async\" width=\"150\" height=\"150\" src=\"https:\/\/archives.regards.fr\/wp-content\/uploads\/2013\/12\/mpv-5d1-150x150.jpg\" class=\"attachment-thumbnail size-thumbnail\" alt=\"mpv.jpg\" \/><\/a>\n\t\t\t<\/div><\/figure>\n\t\t<\/div>\n<\/p>\n","protected":false},"excerpt":{"rendered":"<p>N\u00e9e le 1er f\u00e9vrier 1967. issue d\u2019une famille de cheminots, fille d\u2019un maire-adjoint communiste de Tarbes, Marie-Pierre Vieu est ancienne pr\u00e9sidente de l\u2019UNEF, membre du comit\u00e9 national du Parti communiste et de la coordination nationale du Front de gauche, conseill\u00e8re R\u00e9gionale Midi-Pyr\u00e9n\u00e9es et t\u00eate de liste Front de gauche aux municipales \u00e0 Tarbes.<\/p>\n","protected":false},"author":1,"featured_media":19533,"comment_status":"open","ping_status":"open","sticky":false,"template":"","format":"standard","meta":{"_themeisle_gutenberg_block_has_review":false,"footnotes":""},"categories":[1],"tags":[],"class_list":["post-7312","post","type-post","status-publish","format-standard","has-post-thumbnail","hentry","category-non-classe"],"_links":{"self":[{"href":"https:\/\/archives.regards.fr\/index.php?rest_route=\/wp\/v2\/posts\/7312","targetHints":{"allow":["GET"]}}],"collection":[{"href":"https:\/\/archives.regards.fr\/index.php?rest_route=\/wp\/v2\/posts"}],"about":[{"href":"https:\/\/archives.regards.fr\/index.php?rest_route=\/wp\/v2\/types\/post"}],"author":[{"embeddable":true,"href":"https:\/\/archives.regards.fr\/index.php?rest_route=\/wp\/v2\/users\/1"}],"replies":[{"embeddable":true,"href":"https:\/\/archives.regards.fr\/index.php?rest_route=%2Fwp%2Fv2%2Fcomments&post=7312"}],"version-history":[{"count":0,"href":"https:\/\/archives.regards.fr\/index.php?rest_route=\/wp\/v2\/posts\/7312\/revisions"}],"wp:featuredmedia":[{"embeddable":true,"href":"https:\/\/archives.regards.fr\/index.php?rest_route=\/wp\/v2\/media\/19533"}],"wp:attachment":[{"href":"https:\/\/archives.regards.fr\/index.php?rest_route=%2Fwp%2Fv2%2Fmedia&parent=7312"}],"wp:term":[{"taxonomy":"category","embeddable":true,"href":"https:\/\/archives.regards.fr\/index.php?rest_route=%2Fwp%2Fv2%2Fcategories&post=7312"},{"taxonomy":"post_tag","embeddable":true,"href":"https:\/\/archives.regards.fr\/index.php?rest_route=%2Fwp%2Fv2%2Ftags&post=7312"}],"curies":[{"name":"wp","href":"https:\/\/api.w.org\/{rel}","templated":true}]}}