{"id":7288,"date":"2013-12-11T23:04:19","date_gmt":"2013-12-11T22:04:19","guid":{"rendered":"https:\/\/wp.muchomaas.com\/intervention-en-centrafrique-la7288\/"},"modified":"2023-06-23T23:16:08","modified_gmt":"2023-06-23T21:16:08","slug":"intervention-en-centrafrique-la7288","status":"publish","type":"post","link":"https:\/\/archives.regards.fr\/?p=7288","title":{"rendered":"Intervention en Centrafrique: \u00abLa r\u00e9solution de l&#8217;Onu donne une l\u00e9gitimit\u00e9 de fa\u00e7ade\u00bb"},"content":{"rendered":"<p class=\"post_excerpt\">Depuis le 5 d\u00e9cembre, l&#8217;arm\u00e9e fran\u00e7aise op\u00e8re en Centrafrique aux c\u00f4t\u00e9s de forces panafricaines, sous mandat de l&#8217;Onu. C&#8217;est la deuxi\u00e8me fois en moins d&#8217;un an que la France intervient militairement dans un ancien pays du pr\u00e9 carr\u00e9.  Trois questions \u00e0 Yanis Thomas, membre du Conseil d&#8217;administration de l&#8217;association Survie.<\/p>\n<p><strong>Regards.fr: <em>L&#8217;op\u00e9ration militaire fran\u00e7aise en cours sur le territoire de la Centrafrique est-elle l\u00e9gitime?<\/em> <\/strong><\/p>\n<p><strong>Yanis Thomas:<\/strong> Le seul \u00e9l\u00e9ment qui lui donne r\u00e9ellement une l\u00e9gitimit\u00e9 est la r\u00e9solution de l&#8217;Onu adopt\u00e9e le 5 d\u00e9cembre. Mais en l&#8217;occurrence, il s&#8217;agit d&#8217;une l\u00e9gitimit\u00e9 de fa\u00e7ade. Comme souvent dans ce type de situation, c&#8217;est une r\u00e9solution initi\u00e9e par la France, et taill\u00e9e sur mesure pour mener l&#8217;op\u00e9ration qu&#8217;elle souhaite mener. Quant \u00e0 la Mission internationale de soutien \u00e0 la Centrafrique sous conduite africaine (MISCA) \u00e0 laquelle l&#8217;op\u00e9ration Sangaris est cens\u00e9e venir en appui, elle r\u00e9unit essentiellement des soldats venus de pays de la r\u00e9gion, tels le Tchad, pas tr\u00e8s r\u00e9put\u00e9s eux-m\u00eames pour leur respect des Droits de la personne&#8230;<br \/>\nCe qui interroge la l\u00e9gitimit\u00e9 de la France dans cette intervention, ce sont les responsabilit\u00e9s historiques de Paris dans la situation qui pr\u00e9vaut actuellement en Centrafrique.<\/p>\n<p><strong> <em>Pr\u00e9cis\u00e9ment, quels sont les param\u00e8tres de la relation entre la France et la Centrafrique?<\/em> <\/strong><\/p>\n<p>D&#8217;abord le fait que depuis l&#8217;ind\u00e9pendance, la France s&#8217;est toujours autoris\u00e9e \u00e0 soutenir ou \u00e0 ne pas soutenir les r\u00e9gimes en place \u00e0 Bangui, comme cela a \u00e9t\u00e9 le cas par exemple avec Bokassa, install\u00e9 puis destitu\u00e9 par Paris; ensuite le fait, av\u00e9r\u00e9, que Paris place au sein de l&#8217;appareil d&#8217;\u00e9tat centrafricain des &#8220;personnels techniques&#8221; qui en r\u00e9alit\u00e9 ont une mainmise importante sur la situation politique nationale. C&#8217;\u00e9tait le cas sous Boziz\u00e9 avec le g\u00e9n\u00e9ral P\u00e9rez et le g\u00e9n\u00e9ral Guillou. Une vingtaine de mercenaires encore r\u00e9cemment ont d\u00e9barqu\u00e9 en Centrafrique. Avec le temps, ces pratiques sont devenues difficiles \u00e0 identifier comme relevant directement de la politique fran\u00e7aise, car ce sont parfois des soci\u00e9t\u00e9s priv\u00e9s qui fournissent ces hommes. Mais la question des liens entre ces entreprises et l&#8217;Elys\u00e9e doit \u00e9videmment \u00eatre pos\u00e9e.<br \/>\nEnfin, rappelons que depuis 2003, au moins 200 soldats fran\u00e7ais se trouvent en permanence sur le sol de la Centrafrique dans le cadre de l&#8217;op\u00e9ration Boali (pour des missions logistiques mais aussi de renseignement et d&#8217;instruction, ndlr). <\/p>\n<p><strong> <em>En marge du d\u00e9bat hier \u00e0 l&#8217;Assembl\u00e9e nationale, il a \u00e9t\u00e9 dit, entre autre, que le<\/em> \u00abproc\u00e8s de la Fran\u00e7afrique\u00bb <em>appartient aux<\/em> \u00abvieux sch\u00e9mas\u00bb. <em>Que r\u00e9pondez-vous \u00e0 cela?<\/em> <\/strong><\/p>\n<p>C&#8217;est quelque chose que l&#8217;on entend de fa\u00e7on r\u00e9currente: la critique de la Fran\u00e7afrique serait une d\u00e9marche pass\u00e9iste. Nous r\u00e9pondons que la France est toujours dans le m\u00eame sch\u00e9ma de soutien \u00e0 des dictatures: Idriss D\u00e9by au Tchad, Denis Sassou Nguesso au Congo, etc. sont soutenus par Paris. Nous r\u00e9pondons que la France se pense toujours comme le gendarme de l&#8217;Afrique et y place toujours des conseillers officieux. En r\u00e9alit\u00e9, cela ne s&#8217;est jamais vraiment arr\u00eat\u00e9 et, apr\u00e8s la p\u00e9riode Sarkozy durant laquelle un tr\u00e8s timide d\u00e9but de retrait des troupes a pu \u00eatre observ\u00e9, on peut m\u00eame dire que l&#8217;on assiste \u00e0 un retour en force de la pr\u00e9sence militaire fran\u00e7aise en Afrique. Avec toujours cette m\u00eame vis\u00e9e qui pr\u00e9vaut, au moins aussi importante que la captation des ressources : s&#8217;affirmer sur le continent comme une puissance en rivalit\u00e9 avec d&#8217;autres. La Chine a remplac\u00e9 l&#8217;Angleterre dans le r\u00f4le du concurrent auquel il ne faut pas laisser la place mais l&#8217;approche est toujours la m\u00eame.<\/p>\n<p>Dans une telle situation, la communaut\u00e9 internationale devrait prendre ses responsabilit\u00e9s et proposer autre chose: tout d&#8217;abord \u0153uvrer \u00e0 une stabilisation de la situation politique int\u00e9rieure en d\u00e9ployant des troupes dans lesquelles ne devraient figurer aucun militaire issu de pays ayant une histoire et une relation d&#8217;ing\u00e9rence avec la Centrafrique. Concr\u00e8tement, cela signifie qu&#8217;\u00e0 la place de soldats fran\u00e7ais et tchadiens, et pour contrecarrer les d\u00e9sirs d&#8217;influence des uns et des autres, il faudrait d\u00e9ployer sur place des soldats uruguayens ou japonais, par exemple. Ensuite, se pencher sur l&#8217;aspect \u00e9conomique des choses: il importe de mettre d&#8217;urgence en place un syst\u00e8me permettant de redistribuer les dividendes des ressources naturelles du pays. Dividendes qui demeurent dans les mains de quelques uns et dont la majorit\u00e9 de la population est toujours priv\u00e9e.<\/p>\n<div id='gallery-1' class='gallery galleryid-7288 gallery-columns-3 gallery-size-thumbnail'><figure class='gallery-item'>\n\t\t\t<div class='gallery-icon landscape'>\n\t\t\t\t<a href='https:\/\/archives.regards.fr\/wp-content\/uploads\/2013\/12\/bang-cc9.jpg'><img loading=\"lazy\" decoding=\"async\" width=\"150\" height=\"150\" src=\"https:\/\/archives.regards.fr\/wp-content\/uploads\/2013\/12\/bang-cc9-150x150.jpg\" class=\"attachment-thumbnail size-thumbnail\" alt=\"bang.jpg\" \/><\/a>\n\t\t\t<\/div><\/figure>\n\t\t<\/div>\n\n","protected":false},"excerpt":{"rendered":"<p>Depuis le 5 d\u00e9cembre, l&#8217;arm\u00e9e fran\u00e7aise op\u00e8re en Centrafrique aux c\u00f4t\u00e9s de forces panafricaines, sous mandat de l&#8217;Onu. C&#8217;est la deuxi\u00e8me fois en moins d&#8217;un an que la France intervient militairement dans un ancien pays du pr\u00e9 carr\u00e9.  Trois questions \u00e0 Yanis Thomas, membre du Conseil d&#8217;administration de l&#8217;association Survie.<\/p>\n","protected":false},"author":558,"featured_media":19478,"comment_status":"open","ping_status":"open","sticky":false,"template":"","format":"standard","meta":{"_themeisle_gutenberg_block_has_review":false,"footnotes":""},"categories":[157],"tags":[303,402,293],"class_list":["post-7288","post","type-post","status-publish","format-standard","has-post-thumbnail","hentry","category-web","tag-afrique","tag-conflit","tag-entretien"],"_links":{"self":[{"href":"https:\/\/archives.regards.fr\/index.php?rest_route=\/wp\/v2\/posts\/7288","targetHints":{"allow":["GET"]}}],"collection":[{"href":"https:\/\/archives.regards.fr\/index.php?rest_route=\/wp\/v2\/posts"}],"about":[{"href":"https:\/\/archives.regards.fr\/index.php?rest_route=\/wp\/v2\/types\/post"}],"author":[{"embeddable":true,"href":"https:\/\/archives.regards.fr\/index.php?rest_route=\/wp\/v2\/users\/558"}],"replies":[{"embeddable":true,"href":"https:\/\/archives.regards.fr\/index.php?rest_route=%2Fwp%2Fv2%2Fcomments&post=7288"}],"version-history":[{"count":0,"href":"https:\/\/archives.regards.fr\/index.php?rest_route=\/wp\/v2\/posts\/7288\/revisions"}],"wp:featuredmedia":[{"embeddable":true,"href":"https:\/\/archives.regards.fr\/index.php?rest_route=\/wp\/v2\/media\/19478"}],"wp:attachment":[{"href":"https:\/\/archives.regards.fr\/index.php?rest_route=%2Fwp%2Fv2%2Fmedia&parent=7288"}],"wp:term":[{"taxonomy":"category","embeddable":true,"href":"https:\/\/archives.regards.fr\/index.php?rest_route=%2Fwp%2Fv2%2Fcategories&post=7288"},{"taxonomy":"post_tag","embeddable":true,"href":"https:\/\/archives.regards.fr\/index.php?rest_route=%2Fwp%2Fv2%2Ftags&post=7288"}],"curies":[{"name":"wp","href":"https:\/\/api.w.org\/{rel}","templated":true}]}}