{"id":7281,"date":"2013-12-09T11:18:49","date_gmt":"2013-12-09T10:18:49","guid":{"rendered":"https:\/\/wp.muchomaas.com\/intelligence-du-materialisme-de7281\/"},"modified":"2013-12-09T11:18:49","modified_gmt":"2013-12-09T10:18:49","slug":"intelligence-du-materialisme-de7281","status":"publish","type":"post","link":"https:\/\/archives.regards.fr\/?p=7281","title":{"rendered":"\u00ab Intelligence du mat\u00e9rialisme \u00bb de Beno\u00eet Schneckenburger"},"content":{"rendered":"<p><img decoding=\"async\" src=\"IMG\/jpg\/images-8.jpg\" alt=\"images-8.jpg\" align=\"left\" \/>Vous avez toutes les chances de rencontrer Beno\u00eet Schneckenburger, dans une manifestation du Front de gauche, l\u2019air concentr\u00e9, avec son oreillette, jamais tr\u00e8s loin de Jean-Luc M\u00e9lenchon (qui a pr\u00e9fac\u00e9 son travail). Il est en effet responsable du service d\u2019ordre du Parti de Gauche. Or ce militant et dirigeant est en m\u00eame temps un philosophe \u00e9rudit, un sp\u00e9cialiste reconnu des mat\u00e9rialistes de l\u2019Antiquit\u00e9 et du philosophe anglais du XVIe\u00a0si\u00e8cle, Thomas Hobbes.<\/p>\n<p>Il vient de publier un petit livre consacr\u00e9 \u00e0 cette <em>\u00ab\u00a0attitude de pens\u00e9e\u00a0\u00bb<\/em> que constitue la philosophie mat\u00e9rialiste. On le lira comme un bel ouvrage d\u2019\u00e9ducation populaire, une \u00e9l\u00e9gante vulgarisation, au sens noble du terme, de plusieurs si\u00e8cles de philosophie savante. Le philosophe ne cesse pas d\u2019\u00eatre militant. Son but est de donner \u00e0 voir et de d\u00e9fendre le parti pris mat\u00e9rialiste contre toutes les d\u00e9formations et caricatures de l\u2019autre \u00ab\u00a0camp\u00a0\u00bb, celui de l\u2019id\u00e9alisme. Beno\u00eet Schneckenburger a ainsi la dent aussi dure que le coup de poing. Soyez s\u00fbrs que le r\u00e9sultat m\u00e9rite le d\u00e9tour.<\/p>\n<p>Appr\u00e9cier n\u2019est pas tout accepter, mat\u00e9rialisme oblige. La th\u00e8se des deux camps pluris\u00e9culaires (le mat\u00e9rialisme et l\u2019id\u00e9alisme) est \u00e0 la fois vraie et trop simple. Le singulier (\u00ab\u00a0le\u00a0\u00bb mat\u00e9rialisme) peut ais\u00e9ment dissimuler qu\u2019il y a \u00ab\u00a0des\u00a0\u00bb mat\u00e9rialismes et \u00ab\u00a0des\u00a0\u00bb id\u00e9alismes. Tous les mat\u00e9rialismes ne se valent pas\u00a0: il est des mat\u00e9rialismes m\u00e9canistes et d\u2019autres plus ouverts \u00e0 la dialectique, des mat\u00e9rialismes scientistes et d\u2019autres plus sensibles \u00e0 la complexit\u00e9 historique des processus. \u00c0 la limite, qui veut briser l\u2019ordre \u00e9tabli pourra tr\u00e8s bien trouver plus de ressources dans un id\u00e9alisme subtil que dans un mat\u00e9rialisme <em>\u00ab\u00a0vulgaire\u00a0\u00bb<\/em>. \u00c0 bien y r\u00e9fl\u00e9chir, la propension id\u00e9aliste d\u2019un Jean Jaur\u00e8s est peut-\u00eatre plus proche de l\u2019esprit du mat\u00e9rialisme historique, que le mat\u00e9rialisme d\u00e9clar\u00e9 et parfois doctrinaire d\u2019un Jules Guesde\u2026<\/p>\n<p>Mais tout cela n\u2019est que d\u00e9bat suscit\u00e9 par un livre honn\u00eate. Pour d\u00e9battre utilement, il faut d\u2019abord lire. Dans ce cas pr\u00e9cis, nul ne se plaindra de l\u2019avoir fait.<\/p>\n<p><em>Intelligence du mat\u00e9rialisme<\/em> de Beno\u00eet Schneckenburger, pr\u00e9face de Jean-Luc M\u00e9lenchon, Les \u00c9ditions de l\u2019\u00c9pervier, 2013, 126 pages, 13\u00a0euros.<\/p>\n","protected":false},"excerpt":{"rendered":"<p>Vous avez toutes les chances de rencontrer Beno\u00eet Schneckenburger, dans une manifestation du Front de gauche, l\u2019air concentr\u00e9, avec son oreillette, jamais tr\u00e8s loin de Jean-Luc M\u00e9lenchon (qui a pr\u00e9fac\u00e9 son travail). Il est en effet responsable du service d\u2019ordre du Parti de Gauche. Or ce militant et dirigeant est en m\u00eame temps un philosophe [&hellip;]<\/p>\n","protected":false},"author":328,"featured_media":0,"comment_status":"open","ping_status":"open","sticky":false,"template":"","format":"standard","meta":{"_themeisle_gutenberg_block_has_review":false,"footnotes":""},"categories":[1],"tags":[],"class_list":["post-7281","post","type-post","status-publish","format-standard","hentry","category-non-classe"],"_links":{"self":[{"href":"https:\/\/archives.regards.fr\/index.php?rest_route=\/wp\/v2\/posts\/7281","targetHints":{"allow":["GET"]}}],"collection":[{"href":"https:\/\/archives.regards.fr\/index.php?rest_route=\/wp\/v2\/posts"}],"about":[{"href":"https:\/\/archives.regards.fr\/index.php?rest_route=\/wp\/v2\/types\/post"}],"author":[{"embeddable":true,"href":"https:\/\/archives.regards.fr\/index.php?rest_route=\/wp\/v2\/users\/328"}],"replies":[{"embeddable":true,"href":"https:\/\/archives.regards.fr\/index.php?rest_route=%2Fwp%2Fv2%2Fcomments&post=7281"}],"version-history":[{"count":0,"href":"https:\/\/archives.regards.fr\/index.php?rest_route=\/wp\/v2\/posts\/7281\/revisions"}],"wp:attachment":[{"href":"https:\/\/archives.regards.fr\/index.php?rest_route=%2Fwp%2Fv2%2Fmedia&parent=7281"}],"wp:term":[{"taxonomy":"category","embeddable":true,"href":"https:\/\/archives.regards.fr\/index.php?rest_route=%2Fwp%2Fv2%2Fcategories&post=7281"},{"taxonomy":"post_tag","embeddable":true,"href":"https:\/\/archives.regards.fr\/index.php?rest_route=%2Fwp%2Fv2%2Ftags&post=7281"}],"curies":[{"name":"wp","href":"https:\/\/api.w.org\/{rel}","templated":true}]}}