{"id":7276,"date":"2013-12-06T09:43:42","date_gmt":"2013-12-06T08:43:42","guid":{"rendered":"https:\/\/wp.muchomaas.com\/le-sourire-de-mandela-ne-s7276\/"},"modified":"2023-06-23T23:16:07","modified_gmt":"2023-06-23T21:16:07","slug":"le-sourire-de-mandela-ne-s7276","status":"publish","type":"post","link":"https:\/\/archives.regards.fr\/?p=7276","title":{"rendered":"Le sourire de Mandela ne s\u2019effacera pas"},"content":{"rendered":"<p class=\"post_excerpt\">Jacques Perreux \u00e9tait dans les ann\u00e9es 80 secr\u00e9taire g\u00e9n\u00e9ral de la JC. En France, l\u2019organisation de la jeunesse communiste \u00e9tait une pi\u00e8ce essentielle de la mobilisation en faveur de la lib\u00e9ration de Nelson Mandela. Il revient sur ce combat. <\/p>\n<p>Un g\u00e9ant de bont\u00e9 et de courage qui a fait grandir la plan\u00e8te vers plus d\u2019humanit\u00e9 nous quitte. Nous ressentons une immense peine. Mandela est celui qui a redonn\u00e9 sa libert\u00e9 et sa dignit\u00e9 au peuple d\u2019Afrique du Sud. Il a pass\u00e9 27 ans de sa vie au bagne et en prison, sans jamais c\u00e9der aux r\u00e9pressions, aux chantages et marchandages. Son courage incommensurable a guid\u00e9 les pas de ses fr\u00e8res combattants de l\u2019ANC contre la barbarie raciste.<\/p>\n<p>Dans les ann\u00e9es 80, au plus fort des campagnes men\u00e9es pour sa lib\u00e9ration, mais aussi au plus fort de la r\u00e9pression sanglante du r\u00e9gime de Pretoria, il nous a appris le sens de la r\u00e9sistance et le sens du rassemblement.<\/p>\n<p>Des centaines de millions de jeunes \u00e0 travers le monde, se sont donn\u00e9 la main dans les concerts, les manifestations\u2026<\/p>\n<p>En France des milliers de militants, notamment de la JC et de l\u2019UEC, ont pris gr\u00e2ce \u00e0 lui le chemin de la lutte et y ont pris go\u00fbt\u00a0: p\u00e9titions, manifestations, occupation s d\u2019ambassade, d\u00e9bat interdits, fresques, graffitis, bals et souvent la d\u00e9couverte des commissariats de police\u00a0\u2026. Pour obtenir la lib\u00e9ration de celui qui \u00e9tait consid\u00e9r\u00e9 \u00e0 l\u2019\u00e9poque comme un terroriste et pour imposer au gouvernement fran\u00e7ais, le boycott  \u00e0 100% de l\u2019apartheid.<\/p>\n<p>Nelson a donn\u00e9 un sens \u00e0 nos vies,  la joie de lutter qui a nou\u00e9 des liens de fraternit\u00e9  entre nous qui perdurent souvent aujourd\u2019hui. Il nous a appris \u00e0 mettre en accord nos paroles et nos actes et  \u00e0 ne jamais se soumettre<br \/>\nIl nous a appris \u00e0 s\u2019\u00e9lever, \u00e0 pardonner \u00e0  r\u00e9concilier, et \u00e0 mettre  l\u2019int\u00e9r\u00eat g\u00e9n\u00e9ral au dessus de tout. <\/p>\n<p>Je me souviens des images de  sa lib\u00e9ration en 1993 que nous avions retransmises  au pied de l\u2019ambassade de l\u2019Apartheid, de nos larmes, de nos \u00e9treintes. La plus belle r\u00e9compense pour cette \u00ab\u00a0g\u00e9n\u00e9ration Mandela\u00a0\u00bb fut son immense sourire \u00e0 sa sortie de prison. Ce sourire nous disait courage, go\u00fbt des autres, libert\u00e9.<br \/>\nPour moi qui eut le formidable  bonheur de le rencontrer  par la suite \u00e0 4 reprises  \u00e0 Wembley \u00e0 Johannesburg \u00e0 Paris et pour nous tous, la g\u00e9n\u00e9ration Mandela  son sourire, le sourire de Madiba ne s\u2019effacera pas.<br \/>\n<div id='gallery-1' class='gallery galleryid-7276 gallery-columns-3 gallery-size-thumbnail'><figure class='gallery-item'>\n\t\t\t<div class='gallery-icon landscape'>\n\t\t\t\t<a href='https:\/\/archives.regards.fr\/wp-content\/uploads\/2013\/12\/mandela-208.jpg'><img loading=\"lazy\" decoding=\"async\" width=\"150\" height=\"150\" src=\"https:\/\/archives.regards.fr\/wp-content\/uploads\/2013\/12\/mandela-208-150x150.jpg\" class=\"attachment-thumbnail size-thumbnail\" alt=\"mandela.jpg\" \/><\/a>\n\t\t\t<\/div><\/figure>\n\t\t<\/div>\n<\/p>\n","protected":false},"excerpt":{"rendered":"<p>Jacques Perreux \u00e9tait dans les ann\u00e9es 80 secr\u00e9taire g\u00e9n\u00e9ral de la JC. En France, l\u2019organisation de la jeunesse communiste \u00e9tait une pi\u00e8ce essentielle de la mobilisation en faveur de la lib\u00e9ration de Nelson Mandela. Il revient sur ce combat. <\/p>\n","protected":false},"author":1,"featured_media":19456,"comment_status":"open","ping_status":"open","sticky":false,"template":"","format":"standard","meta":{"_themeisle_gutenberg_block_has_review":false,"footnotes":""},"categories":[157],"tags":[303,285],"class_list":["post-7276","post","type-post","status-publish","format-standard","has-post-thumbnail","hentry","category-web","tag-afrique","tag-mandela"],"_links":{"self":[{"href":"https:\/\/archives.regards.fr\/index.php?rest_route=\/wp\/v2\/posts\/7276","targetHints":{"allow":["GET"]}}],"collection":[{"href":"https:\/\/archives.regards.fr\/index.php?rest_route=\/wp\/v2\/posts"}],"about":[{"href":"https:\/\/archives.regards.fr\/index.php?rest_route=\/wp\/v2\/types\/post"}],"author":[{"embeddable":true,"href":"https:\/\/archives.regards.fr\/index.php?rest_route=\/wp\/v2\/users\/1"}],"replies":[{"embeddable":true,"href":"https:\/\/archives.regards.fr\/index.php?rest_route=%2Fwp%2Fv2%2Fcomments&post=7276"}],"version-history":[{"count":0,"href":"https:\/\/archives.regards.fr\/index.php?rest_route=\/wp\/v2\/posts\/7276\/revisions"}],"wp:featuredmedia":[{"embeddable":true,"href":"https:\/\/archives.regards.fr\/index.php?rest_route=\/wp\/v2\/media\/19456"}],"wp:attachment":[{"href":"https:\/\/archives.regards.fr\/index.php?rest_route=%2Fwp%2Fv2%2Fmedia&parent=7276"}],"wp:term":[{"taxonomy":"category","embeddable":true,"href":"https:\/\/archives.regards.fr\/index.php?rest_route=%2Fwp%2Fv2%2Fcategories&post=7276"},{"taxonomy":"post_tag","embeddable":true,"href":"https:\/\/archives.regards.fr\/index.php?rest_route=%2Fwp%2Fv2%2Ftags&post=7276"}],"curies":[{"name":"wp","href":"https:\/\/api.w.org\/{rel}","templated":true}]}}