{"id":7272,"date":"2013-12-04T16:15:02","date_gmt":"2013-12-04T15:15:02","guid":{"rendered":"https:\/\/wp.muchomaas.com\/le-louvre-lens-a-un-an-pour-quel7272\/"},"modified":"2013-12-04T16:15:02","modified_gmt":"2013-12-04T15:15:02","slug":"le-louvre-lens-a-un-an-pour-quel7272","status":"publish","type":"post","link":"https:\/\/archives.regards.fr\/?p=7272","title":{"rendered":"Le Louvre-Lens a un an, pour quel bilan ?"},"content":{"rendered":"<p class=\"post_excerpt\">A <a href=\"http:\/\/www.nordpasdecalais.fr\/jcms\/c_103528\/\/le-louvre-lens-fete-son-premier-anniversaire?cid=c_5139\">en croire<\/a> la R\u00e9gion Nord-Pas de Calais, en un an, l&#8217;antenne du mus\u00e9e parisien a tenu toutes ses promesses : 900.000 visiteurs, 400 nouveaux emplois, 20 \u00e0 30 % d&#8217;augmentation du chiffre d&#8217;affaires des restaurateurs. Mais la r\u00e9alit\u00e9 colle-t-elle au discours ? Vision beaucoup plus nuanc\u00e9e dans ce documentaire de Pierre Bonte-Joseph pour <a href=\"http:\/\/www.publicsenat.fr\/lcp\/politique\/affaire-suivre-louvre-lens-un-musee-sans-palais\">Public S\u00e9nat<\/a> : \u00ab Le Louvre \u00e0 Lens, un mus\u00e9e sans palais \u00ab (30mn).<\/p>\n<p><iframe loading=\"lazy\" frameborder=\"0\" width=\"460\" height=\"259\" src=\"http:\/\/www.dailymotion.com\/embed\/video\/x17hjyz\"><\/iframe><\/p>\n","protected":false},"excerpt":{"rendered":"<p>A <a href=\"http:\/\/www.nordpasdecalais.fr\/jcms\/c_103528\/\/le-louvre-lens-fete-son-premier-anniversaire?cid=c_5139\">en croire<\/a> la R\u00e9gion Nord-Pas de Calais, en un an, l&#8217;antenne du mus\u00e9e parisien a tenu toutes ses promesses : 900.000 visiteurs, 400 nouveaux emplois, 20 \u00e0 30 % d&#8217;augmentation du chiffre d&#8217;affaires des restaurateurs. Mais la r\u00e9alit\u00e9 colle-t-elle au discours ? Vision beaucoup plus nuanc\u00e9e dans ce documentaire de Pierre Bonte-Joseph pour <a href=\"http:\/\/www.publicsenat.fr\/lcp\/politique\/affaire-suivre-louvre-lens-un-musee-sans-palais\">Public S\u00e9nat<\/a> : \u00ab Le Louvre \u00e0 Lens, un mus\u00e9e sans palais \u00ab (30mn).<\/p>\n","protected":false},"author":643,"featured_media":0,"comment_status":"open","ping_status":"open","sticky":false,"template":"","format":"standard","meta":{"_themeisle_gutenberg_block_has_review":false,"footnotes":""},"categories":[279],"tags":[],"class_list":["post-7272","post","type-post","status-publish","format-standard","hentry","category-videos"],"_links":{"self":[{"href":"https:\/\/archives.regards.fr\/index.php?rest_route=\/wp\/v2\/posts\/7272","targetHints":{"allow":["GET"]}}],"collection":[{"href":"https:\/\/archives.regards.fr\/index.php?rest_route=\/wp\/v2\/posts"}],"about":[{"href":"https:\/\/archives.regards.fr\/index.php?rest_route=\/wp\/v2\/types\/post"}],"author":[{"embeddable":true,"href":"https:\/\/archives.regards.fr\/index.php?rest_route=\/wp\/v2\/users\/643"}],"replies":[{"embeddable":true,"href":"https:\/\/archives.regards.fr\/index.php?rest_route=%2Fwp%2Fv2%2Fcomments&post=7272"}],"version-history":[{"count":0,"href":"https:\/\/archives.regards.fr\/index.php?rest_route=\/wp\/v2\/posts\/7272\/revisions"}],"wp:attachment":[{"href":"https:\/\/archives.regards.fr\/index.php?rest_route=%2Fwp%2Fv2%2Fmedia&parent=7272"}],"wp:term":[{"taxonomy":"category","embeddable":true,"href":"https:\/\/archives.regards.fr\/index.php?rest_route=%2Fwp%2Fv2%2Fcategories&post=7272"},{"taxonomy":"post_tag","embeddable":true,"href":"https:\/\/archives.regards.fr\/index.php?rest_route=%2Fwp%2Fv2%2Ftags&post=7272"}],"curies":[{"name":"wp","href":"https:\/\/api.w.org\/{rel}","templated":true}]}}