{"id":7260,"date":"2013-11-30T16:19:16","date_gmt":"2013-11-30T15:19:16","guid":{"rendered":"https:\/\/wp.muchomaas.com\/et-la-gauche-decouvrit-le-racisme7260\/"},"modified":"2023-06-23T23:16:04","modified_gmt":"2023-06-23T21:16:04","slug":"et-la-gauche-decouvrit-le-racisme7260","status":"publish","type":"post","link":"https:\/\/archives.regards.fr\/?p=7260","title":{"rendered":"Et la gauche d\u00e9couvrit le racisme&#8230;"},"content":{"rendered":"<p>Depuis quelques semaines, la France enti\u00e8re est saisie d\u2019une immense stupeur\u00a0: elle d\u00e9couvre avec effroi l\u2019horrible visage du racisme. <\/p>\n<p>Les injures racistes visant la Garde des Sceaux Christiane Taubira, la Une du journal <em>Minute<\/em> jouant des clich\u00e9s racistes la comparant \u00e0 un singe o\u00f9 l\u2019invitant \u00e0 manger des bananes exposent au grand jour des pr\u00e9jug\u00e9s dont beaucoup semblaient croire qu\u2019ils avaient \u00e9t\u00e9 \u00e9radiqu\u00e9s de notre soci\u00e9t\u00e9.<\/p>\n<p>Alors que certains d\u00e9plorent le \u00ab\u00a0retour\u00a0\u00bb d\u2019une France raciste, c\u2019est un immense \u00e9lan \u00ab\u00a0r\u00e9publicain\u00a0\u00bb qui meut la sph\u00e8re politique. C\u2019est ainsi que le Parti Socialiste a convoqu\u00e9 un grand meeting pour <em>\u00ab d\u00e9fendre la R\u00e9publique contre les extr\u00e9mismes \u00bb<\/em>\u00a0talonn\u00e9 par les associations antiracistes historiques qui s\u2019empressent de marcher contre le racisme alors que les plus jeunes g\u00e9n\u00e9rations encart\u00e9es mobilisent une <em>\u00ab\u00a0marche des R\u00e9publicains\u00a0\u00bb<\/em>. A les entendre, un racisme nouveau aurait ressurgi d\u2019on ne sait o\u00f9, apr\u00e8s des ann\u00e9es de silence. <\/p>\n<p>Pourtant, si certains semblent penser que le racisme avait d\u00e9sert\u00e9 la France, la plupart des personnes qui y sont quotidiennement expos\u00e9es, n\u2019avaient jamais remarqu\u00e9 son d\u00e9part. <\/p>\n<p>Plusieurs faits divers couverts par la presse sans susciter l\u2019indignation g\u00e9n\u00e9rale illustrent la cruelle banalit\u00e9 d\u2019un racisme jamais disparu mettant \u00e0 jour l\u2019indiff\u00e9rence dans laquelle il s\u2019exprimait jusqu\u2019alors. En octobre dernier, une famille d\u2019origine africaine de Garges-les-Gonesse a d\u00e9nonc\u00e9 une descente polici\u00e8re au cours de laquelle un des repr\u00e9sentants des forces de l\u2019ordre a qualifi\u00e9 un enfant de 5 ans de <em>\u00ab\u00a0sale macaque\u00a0\u00bb<\/em> avant de le bousculer. Quelques jours plut\u00f4t, un chef de chantier \u00e9tait condamn\u00e9 pour avoir violent\u00e9 et humili\u00e9 un ouvrier noir qu\u2019il qualifiait r\u00e9guli\u00e8rement de <em>\u00ab\u00a0singe\u00a0\u00bb<\/em> et de <em>\u00ab\u00a0macaque\u00a0\u00bb<\/em>. <\/p>\n<p>Lors de son meeting le Parti Socialiste a choisi s&#8217;en prendre \u00e0 l\u2019\u00ab\u00a0<em>offensive r\u00e9actionnaire et antir\u00e9publicaine de la part d&#8217;un bloc droitier\u00a0\u00bb<\/em> selon les termes de son premier secr\u00e9taire Harlem D\u00e9sir sans jamais questionner ses propres pratiques.<br \/>\nL\u2019ancien pr\u00e9sident de SOS Racisme a-t-il d\u00e9j\u00e0 oubli\u00e9 les propos de Manuel Valls d\u00e9plorant le manque de <em>\u00ab\u00a0Blancs, de White, de Blancos\u00a0\u00bb<\/em> nuisant \u00e0 <em>\u00ab\u00a0l\u2019image\u00a0\u00bb<\/em> de la ville d\u2019Evry dont il \u00e9tait le maire\u00a0? N\u2019est-ce pas lui qui il y a quelques semaines d\u00e9clarait que les Roms n\u2019avaient pas vocation \u00e0 rester en France\u00a0? C\u2019est pourtant le m\u00eame qui aujourd\u2019hui tel un pompier pyromane condamne fermement toute expression du racisme.<\/p>\n<p>A l\u2019issue de l\u2019\u00e9v\u00e9nement, Harlem D\u00e9sir affirme <em>\u00ab Nous avons vu et entendu trop de choses inacceptables ces derni\u00e8res semaines! Je n&#8217;ai pas connu un tel d\u00e9ferlement de la parole haineuse et raciste depuis trente ans \u00bb<\/em>. Mais o\u00f9 se trouvait-t-il lorsqu\u2019en septembre 2012 des habitants des quartiers nord ont d\u00e9truit et br\u00fbl\u00e9 un campement de Roms\u00a0 avec la b\u00e9n\u00e9diction de l\u2019\u00e9lue socialiste Samia Ghali qui affirmait les <em>\u00ab\u00a0comprendre\u00a0\u00bb<\/em> ? Personne dans les rangs de son parti n\u2019a alors cru bon de marcher pour protester contre ces intol\u00e9rables violences racistes.<\/p>\n<p>&#8220;Cet islam sans g\u00eane&#8221;, &#8220;Le spectre islamiste&#8221;, &#8220;La peur de l\u2019islam&#8221;, &#8220;Islam\u00a0: ces v\u00e9rit\u00e9s qui d\u00e9rangent&#8221;, &#8220;L\u2019Occident face \u00e0 l\u2019islam&#8221;, &#8220;Les islamistes et nous&#8221;, &#8220;Pourquoi l\u2019islam fait peur&#8221;  &#8220;Les nouvelles tribus du crime&#8221; etc. depuis bien des ann\u00e9es, les pr\u00e9jug\u00e9s racistes s\u2019\u00e9talent all\u00e8grement en une des magazines mainstream. Dans un paysage m\u00e9diatique normalisant la parole offensive contre les minorit\u00e9s, pouvait-on attendre d\u2019un journal d\u2019extr\u00eame droite comme <em>Minute<\/em> autre chose qu\u2019une surench\u00e8re\u00a0? <\/p>\n<p>En r\u00e9alit\u00e9 ce n&#8217;est pas le racisme qui avait disparu mais la vigilance des acteurs politiques et m\u00e9diatiques. Au plus fort de la pol\u00e9mique relative au racisme visant Christiane Taubira, la journaliste Caroline Fourest\u00a0se fendait d\u2019une tribune dans laquelle, elle annon\u00e7ait <em>\u00ab\u00a0nous sommes r\u00e9veill\u00e9s\u00a0\u00bb<\/em>. <\/p>\n<p>Tandis que la gauche dormait ce sont des millions des Fran\u00e7ais anonymes qui les yeux bien ouverts ont subi un racisme quotidien aliment\u00e9 par les unes anxiog\u00e8nes des hebdomadaires d\u2019information, les d\u00e9clarations virulentes des politiques ou la violence des institutions r\u00e9publicaines. <\/p>\n<p>L&#8217;habilet\u00e9 du racisme c&#8217;est d&#8217;avoir su se d\u00e9guiser en se faisant rebaptiser \u00ab\u00a0d\u00e9rapage\u00a0\u00bb justifiant ainsi l\u2019inaction politique. Un pays qui accepte sans sourciller que ses citoyens noirs et d\u2019origine maghr\u00e9bine soient six \u00e0 huit fois plus souvent expos\u00e9s aux contr\u00f4les policiers que leurs concitoyens blancs ne peut raisonnablement croire que la question du racisme a \u00e9t\u00e9 correctement trait\u00e9e.<\/p>\n<p>C\u2019est parce que la R\u00e9publique ferme les yeux sur les expressions les plus courantes du racisme, parce que le gouvernement n\u2019a toujours pas con\u00e7u de plan national pour lutter concr\u00e8tement contre le racisme, que celui ci s\u2019affirme aujourd\u2019hui de mani\u00e8re aussi choquante.<\/p>\n<div id='gallery-1' class='gallery galleryid-7260 gallery-columns-3 gallery-size-thumbnail'><figure class='gallery-item'>\n\t\t\t<div class='gallery-icon landscape'>\n\t\t\t\t<a href='https:\/\/archives.regards.fr\/wp-content\/uploads\/2013\/11\/ro-2e1.jpg'><img loading=\"lazy\" decoding=\"async\" width=\"150\" height=\"150\" src=\"https:\/\/archives.regards.fr\/wp-content\/uploads\/2013\/11\/ro-2e1-150x150.jpg\" class=\"attachment-thumbnail size-thumbnail\" alt=\"ro.jpg\" \/><\/a>\n\t\t\t<\/div><\/figure>\n\t\t<\/div>\n\n","protected":false},"excerpt":{"rendered":"<p>Depuis quelques semaines, la France enti\u00e8re est saisie d\u2019une immense stupeur\u00a0: elle d\u00e9couvre avec effroi l\u2019horrible visage du racisme. Les injures racistes visant la Garde des Sceaux Christiane Taubira, la Une du journal Minute jouant des clich\u00e9s racistes la comparant \u00e0 un singe o\u00f9 l\u2019invitant \u00e0 manger des bananes exposent au grand jour des pr\u00e9jug\u00e9s [&hellip;]<\/p>\n","protected":false},"author":1,"featured_media":19426,"comment_status":"open","ping_status":"open","sticky":false,"template":"","format":"standard","meta":{"_themeisle_gutenberg_block_has_review":false,"footnotes":""},"categories":[157],"tags":[350],"class_list":["post-7260","post","type-post","status-publish","format-standard","has-post-thumbnail","hentry","category-web","tag-racisme"],"_links":{"self":[{"href":"https:\/\/archives.regards.fr\/index.php?rest_route=\/wp\/v2\/posts\/7260","targetHints":{"allow":["GET"]}}],"collection":[{"href":"https:\/\/archives.regards.fr\/index.php?rest_route=\/wp\/v2\/posts"}],"about":[{"href":"https:\/\/archives.regards.fr\/index.php?rest_route=\/wp\/v2\/types\/post"}],"author":[{"embeddable":true,"href":"https:\/\/archives.regards.fr\/index.php?rest_route=\/wp\/v2\/users\/1"}],"replies":[{"embeddable":true,"href":"https:\/\/archives.regards.fr\/index.php?rest_route=%2Fwp%2Fv2%2Fcomments&post=7260"}],"version-history":[{"count":0,"href":"https:\/\/archives.regards.fr\/index.php?rest_route=\/wp\/v2\/posts\/7260\/revisions"}],"wp:featuredmedia":[{"embeddable":true,"href":"https:\/\/archives.regards.fr\/index.php?rest_route=\/wp\/v2\/media\/19426"}],"wp:attachment":[{"href":"https:\/\/archives.regards.fr\/index.php?rest_route=%2Fwp%2Fv2%2Fmedia&parent=7260"}],"wp:term":[{"taxonomy":"category","embeddable":true,"href":"https:\/\/archives.regards.fr\/index.php?rest_route=%2Fwp%2Fv2%2Fcategories&post=7260"},{"taxonomy":"post_tag","embeddable":true,"href":"https:\/\/archives.regards.fr\/index.php?rest_route=%2Fwp%2Fv2%2Ftags&post=7260"}],"curies":[{"name":"wp","href":"https:\/\/api.w.org\/{rel}","templated":true}]}}