{"id":7255,"date":"2013-11-27T16:32:15","date_gmt":"2013-11-27T15:32:15","guid":{"rendered":"https:\/\/wp.muchomaas.com\/le-jeu-risque-du-pouvoir-ukrainien7255\/"},"modified":"2013-11-27T16:32:15","modified_gmt":"2013-11-27T15:32:15","slug":"le-jeu-risque-du-pouvoir-ukrainien7255","status":"publish","type":"post","link":"https:\/\/archives.regards.fr\/?p=7255","title":{"rendered":"Le jeu risqu\u00e9 du pouvoir ukrainien"},"content":{"rendered":"<p class=\"post_excerpt\">Il a souffl\u00e9 le chaud et le froid depuis des mois, pour finalement dire non \u00e0 ses partenaires europ\u00e9ens. Viktor Ianoukovitch a c\u00e9d\u00e9 devant les injonctions de la Russie, et refus\u00e9 de signer un accord d&#8217;association avec l&#8217;Union europ\u00e9enne. Depuis, des milliers d&#8217;Ukrainiens descendent dans la rue, pour dire leur volont\u00e9 de s&#8217;arrimer co\u00fbte que co\u00fbte \u00e0 l&#8217;UE.<\/p>\n<p><em>\u00ab\u00a0Poutine, si tu nous aimes, laisse-nous partir\u00a0\u00bb<\/em>&#8230;. Les Ukrainiens manient tr\u00e8s bien l&#8217;ironie, surtout en p\u00e9riode trouble. Des dizaines de milliers d&#8217;entre eux se sont r\u00e9unis \u00e0 Kiev ce week-end, mais aussi dans plusieurs autres villes du pays, Lviv, Kharkiv, ou Tcherkassy, pour un mouvement baptis\u00e9 en quelques heures \u00ab\u00a0Euroma\u00efdan\u00a0\u00bb. Une invention linguistique pour dire leur attachement \u00e0 l&#8217;Europe, mais aussi rappeler symboliquement cette place centrale de la capitale ukrainienne, <em>Ma\u00efdan Nezalejnosti<\/em>, \u00e9picentre il y pr\u00e8s de dix ans de la r\u00e9volution orange, qui chassa du pouvoir une \u00e9quipe corrompue et soumise aux int\u00e9r\u00eats moscovites.  <\/p>\n<p><iframe loading=\"lazy\" width=\"460\" height=\"270\" src=\"\/\/www.youtube.com\/embed\/53_bBqeIP1I\" frameborder=\"0\" allowfullscreen><\/iframe><br clear=\"all\"><\/p>\n<p>Rappel des faits\u00a0: la semaine derni\u00e8re, le pr\u00e9sident ukrainien a d\u00e9clar\u00e9 qu&#8217;il ne signerait pas l&#8217;accord d&#8217;association avec l&#8217;UE, pourtant n\u00e9goci\u00e9 depuis de longues ann\u00e9es, lors du sommet sur le partenariat oriental qui se tient jeudi \u00e0 Vilnius. Une claque pour la diplomatie europ\u00e9enne, qui tenait l\u00e0 l&#8217;un des plus ambitieux accord de voisinage jamais sign\u00e9 sur son flanc est. Victor Ianoukovitch, avec un art consomm\u00e9 du marchandage, a pr\u00e9f\u00e9r\u00e9 se ranger r\u00e9solument du c\u00f4t\u00e9 des Russes, qui voient d&#8217;un tr\u00e8s mauvais \u0153il cet accord d&#8217;association, m\u00eame s&#8217;il n&#8217;est aucunement une porte d&#8217;entr\u00e9e vers l&#8217;int\u00e9gration europ\u00e9enne. Vladimir Poutine sait bien comment tordre le bras de ses alli\u00e9s, \u00e0 coup de baisses du prix du gaz, de ch\u00e8ques pour relancer une \u00e9conomie ukrainienne exsangue, et de menaces \u00e0 peine voil\u00e9es\u00a0: ainsi, il y a quelques semaines, il a momentan\u00e9ment ferm\u00e9 ses fronti\u00e8res \u00e0 certains produits ukrainiens, provoquant la frayeur des entrepreneurs locaux, tr\u00e8s d\u00e9pendants du march\u00e9 russe. <\/p>\n<h2>Un accord risqu\u00e9 pour le pouvoir<\/h2>\n<p>Surtout, pourquoi risquer de f\u00e2cher la Russie, alors qu&#8217;elle lui propose une all\u00e9chante union douani\u00e8re avec d&#8217;autres pays de la CEI, \u00ab\u00a0en famille\u00a0\u00bb, avec comme seule exigence de rester sous son giron\u00a0? En face, l&#8217;UE se montre bien plus exigeante\u00a0: Bruxelles r\u00e9clame la lib\u00e9ration de l&#8217;ancienne premier ministre Ioulia Timochenko, ou au moins son \u00e9vacuation sanitaire vers l&#8217;Allemagne, ainsi que le respect des droits de l&#8217;homme et de la presse\u00a0; elle demande aussi \u00e0 l&#8217;Ukraine de mettre ses r\u00e8gles \u00e9conomiques en conformit\u00e9 avec le march\u00e9 commun europ\u00e9en, de mettre fin \u00e0 la corruption, de r\u00e9former des pans entiers de son syst\u00e8me de sant\u00e9, d&#8217;\u00e9ducation ou encore d&#8217;approvisionnement en \u00e9nergie. Ce faisant, la casse sociale est in\u00e9vitable.<\/p>\n<p><em>\u00ab\u00a0L&#8217;Europe va tirer profit de cet accord \u00e9conomique, car elle aura d\u00e9sormais un acc\u00e8s facilit\u00e9 \u00e0 notre march\u00e9, estime Roman Motychak, consultant en communication, tr\u00e8s circonspect sur la mani\u00e8re dont l&#8217;UE n\u00e9gocie avec les dirigeants ukrainiens. Elle doit payer sa part et jouer sa mission civilisatrice en offrant aussi clairement un r\u00e9gime de libre circulation entre l&#8217;Ukraine et l&#8217;Europe, le seul moyen de nous soustraire de l&#8217;emprise russe. Car combien d&#8217;entre nous ont \u00e9t\u00e9 humili\u00e9s dans des consulats europ\u00e9ens lors de demande de visa\u00a0?\u00a0\u00bb<\/em>. Les n\u00e9gociateurs europ\u00e9ens ont s\u00fbrement aussi sous-estim\u00e9 l&#8217;importance du lien qui unit l&#8217;Ukraine et la Russie et les ambitions de Poutine quant \u00e0 une grande \u00ab\u00a0union eurasienne\u00a0\u00bb. <\/p>\n<h2>Devant l&#8217;impasse, le choix europ\u00e9en<\/h2>\n<p>Parmi les Ukrainiens qui manifestent, tr\u00e8s peu savent vraiment ce que contient cet accord d&#8217;association et ses cons\u00e9quences sociales induites. Mais ils estiment que ce refus les \u00e9loigne encore un peu plus du destin europ\u00e9en dont ils r\u00eavent. .. <em>\u00ab\u00a0 Une certaine Europe imaginaire, un monde sans corruption et autres beaut\u00e9s de la vie post-sovi\u00e9tique\u00a0\u00bb<\/em>, confie la  journaliste Iryna Slavinska. Nombre d&#8217;entre eux \u00e9taient d\u00e9j\u00e0 l\u00e0 en 2004, pour soutenir une \u00e9quipe orange, des promesses europ\u00e9ennes plein les mains. Discr\u00e9dit\u00e9e, elle sera remplac\u00e9e par Victor Ianoukovitch en 2010. Les Ukrainiens ont \u00e9cout\u00e9, sans trop y croire, le nouveau pr\u00e9sident assurer que le pays resterait fid\u00e8le \u00e0 ses engagements aupr\u00e8s de Bruxelles. Ce revirement est donc celui de trop. <em>\u00ab\u00a0Cela n&#8217;a rien \u00e0 voir avec la r\u00e9volution orange, except\u00e9 peut-\u00eatre pour le sentiment d&#8217;union et de force qui traverse les manifestants,<\/em> assure Kseniya Kharchenko qui manifeste \u00e0 Kiev depuis quelques jours. <em>C&#8217;est davantage un mouvement d&#8217;humeur qu&#8217;une action de long terme comme il y a 9 ans. Il n&#8217;y a pas de leader, juste des gens qui sont m\u00e9contents des autorit\u00e9s comme de l&#8217;opposition. Et vu l&#8217;\u00e9tat dans lequel se trouve notre pays, il n&#8217;y pas des tonnes de choix possibles pour les jeunes qui manifestent\u00a0: c&#8217;est soit l&#8217;a\u00e9roport de Boryspil et l&#8217;\u00e9mmigration, soit Ma\u00efdan, et l&#8217;orientation europ\u00e9enne.\u00a0\u00bb<\/em><\/p>\n<h2>Suspense<\/h2>\n<p>Les pr\u00e9sidents du Conseil europ\u00e9en Herman Van Rompuy et de la Commission Jos\u00e9 Manuel Barroso ont condamn\u00e9 lundi les pressions exerc\u00e9es par la Russie sur son voisin, ainsi que les interventions muscl\u00e9es de la police ukrainienne pour \u00e9loigner les manifestants des lieux de pouvoirs \u00e0 Kiev. Tout en rappelant que l&#8217;accord <em>\u00ab\u00a0\u00e9tait toujours sur la table\u00a0\u00bb<\/em>&#8230; Une mani\u00e8re de montrer \u00e0 Viktor Ianoukovitch, qui sera \u00e0 Vilnius jeudi, qu&#8217;il peut encore revenir en arri\u00e8re. Le pr\u00e9sident ukrainien joue de cette dualit\u00e9, mais risque bien de tout perdre\u00a0: en c\u00e9dant une nouvelle fois \u00e0 la Russie, il a montr\u00e9 en plein jour sa faiblesse. <\/p>\n","protected":false},"excerpt":{"rendered":"<p>Il a souffl\u00e9 le chaud et le froid depuis des mois, pour finalement dire non \u00e0 ses partenaires europ\u00e9ens. Viktor Ianoukovitch a c\u00e9d\u00e9 devant les injonctions de la Russie, et refus\u00e9 de signer un accord d&#8217;association avec l&#8217;Union europ\u00e9enne. Depuis, des milliers d&#8217;Ukrainiens descendent dans la rue, pour dire leur volont\u00e9 de s&#8217;arrimer co\u00fbte que co\u00fbte \u00e0 l&#8217;UE.<\/p>\n","protected":false},"author":1,"featured_media":0,"comment_status":"open","ping_status":"open","sticky":false,"template":"","format":"standard","meta":{"_themeisle_gutenberg_block_has_review":false,"footnotes":""},"categories":[157],"tags":[352,339],"class_list":["post-7255","post","type-post","status-publish","format-standard","hentry","category-web","tag-europe","tag-ukraine"],"_links":{"self":[{"href":"https:\/\/archives.regards.fr\/index.php?rest_route=\/wp\/v2\/posts\/7255","targetHints":{"allow":["GET"]}}],"collection":[{"href":"https:\/\/archives.regards.fr\/index.php?rest_route=\/wp\/v2\/posts"}],"about":[{"href":"https:\/\/archives.regards.fr\/index.php?rest_route=\/wp\/v2\/types\/post"}],"author":[{"embeddable":true,"href":"https:\/\/archives.regards.fr\/index.php?rest_route=\/wp\/v2\/users\/1"}],"replies":[{"embeddable":true,"href":"https:\/\/archives.regards.fr\/index.php?rest_route=%2Fwp%2Fv2%2Fcomments&post=7255"}],"version-history":[{"count":0,"href":"https:\/\/archives.regards.fr\/index.php?rest_route=\/wp\/v2\/posts\/7255\/revisions"}],"wp:attachment":[{"href":"https:\/\/archives.regards.fr\/index.php?rest_route=%2Fwp%2Fv2%2Fmedia&parent=7255"}],"wp:term":[{"taxonomy":"category","embeddable":true,"href":"https:\/\/archives.regards.fr\/index.php?rest_route=%2Fwp%2Fv2%2Fcategories&post=7255"},{"taxonomy":"post_tag","embeddable":true,"href":"https:\/\/archives.regards.fr\/index.php?rest_route=%2Fwp%2Fv2%2Ftags&post=7255"}],"curies":[{"name":"wp","href":"https:\/\/api.w.org\/{rel}","templated":true}]}}