{"id":7254,"date":"2012-12-10T18:30:00","date_gmt":"2012-12-10T17:30:00","guid":{"rendered":"https:\/\/wp.muchomaas.com\/ca-fait-quoi-d-etre-le-probleme7254\/"},"modified":"2023-06-23T23:16:03","modified_gmt":"2023-06-23T21:16:03","slug":"ca-fait-quoi-d-etre-le-probleme7254","status":"publish","type":"post","link":"https:\/\/archives.regards.fr\/?p=7254","title":{"rendered":"\u00c7a fait quoi d&#8217;\u00eatre le probl\u00e8me ?"},"content":{"rendered":"<p>Questions liminaires en vrac comme<br \/>\nl&#8217;humeur de ce billet inaugural :<br \/>\njusqu&#8217;\u00e0 quel point la viande humaine<br \/>\nmusulmane peur-elle supporter le<br \/>\nfeu des m\u00e9dias sans virer au charbon ?<br \/>\nCombien faut-il encore de ces<br \/>\nUnes hebdomadaires inspir\u00e9es, de<br \/>\nces paires d&#8217;yeux noirs terrifiants \u00e0<br \/>\ntravers le bonnet d&#8217;une burka, de<br \/>\nces t\u00eates enturbann\u00e9es, aux dents<br \/>\nsalivant sur la lame d&#8217;un couteau, trac\u00e9es<br \/>\nde mains de caricaturistes, pour<br \/>\nqu&#8217;une exp\u00e9dition punitive anti-islam<br \/>\nbien r\u00e9elle passe pour l\u00e9gitime ou<br \/>\ndu moins compr\u00e9hensible ?<\/p>\n<p>De quoi faut-il le plus s&#8217;inqui\u00e9ter?<br \/>\nDes vingt centim\u00e8tres de la barbe<br \/>\nd&#8217;un banlieusard au ch\u00f4mage dans<br \/>\nle hall de son P\u00f4le emploi, ou du<br \/>\nchantier d&#8217;un minaret \u00e0 Poiriers envahi<br \/>\npar la fine fleur du Renouveau<br \/>\nfran\u00e7ais? Des lin\u00e9aires de viandes<br \/>\nhallal tout au fond \u00e0 gauche apr\u00e8s<br \/>\nle fromage, ou des pains au chocolat<br \/>\ndu d\u00e9sormais tr\u00e8s d\u00e9mocrate<br \/>\nJean-Fran\u00e7ois Cop\u00e9 ? Des pri\u00e8res endeuill\u00e9es<br \/>\nde la nuit du destin \u00e0 Clichy-sous-Bois un soir d&#8217;automne 2005,<br \/>\nou de la grenade de gaz policier qui<br \/>\nexplosa au milieu des fid\u00e8les ?<\/p>\n<p>De quelle hauteur jeter le corps d&#8217;un<br \/>\nArabe pour que, se relevant malgr\u00e9<br \/>\nun f\u00e9mur cass\u00e9 et la m\u00e2choire enfonc\u00e9e,<br \/>\nil admette tout de m\u00eame qu&#8217;il l&#8217;a<br \/>\nbien cherch\u00e9 ? Cet Arabe, bien connu,<br \/>\n\u00e0 l&#8217;ADN programm\u00e9 qui, le moment<br \/>\nvenu, prendra le parti de l&#8217;anti-France,<br \/>\ndu djihad liberticide, de la lapidation<br \/>\nde la R\u00e9publique impure, \u00e0 l&#8217;appel<br \/>\nviral des imams de la 5\u00b0 colonne. La<br \/>\nmesse est dite: la menace <em>\u00ab vient de plus<br \/>\nen plus de l&#8217;int\u00e9rieur \u00bb<\/em>, nous rappelait<br \/>\nr\u00e9cemment le prenlier flic du pays,<br \/>\nde fa\u00e7on si tonitruante que personne<br \/>\nn&#8217;en perdit une nliette. C&#8217;est dire si<br \/>\nl&#8217;ennenmi est dans nos vies, c&#8217;est dire<br \/>\nsi le fruit est pourri.<\/p>\n<p>Allez la compagnie, fabricants de<br \/>\nphobies, vendeurs de peurs, agitez<br \/>\nvos poup\u00e9es vaudous salafistes ! Plus<br \/>\nde bruit, de vacarme et de fureur ! Je<br \/>\nveux sentir les signaux d&#8217;angoisse, les<br \/>\nalertes, la boule au ventre !<\/p>\n<p>Juste assez pour qu&#8217;on n&#8217;entende plus<br \/>\nle son de la r\u00f4le froiss\u00e9e des caisses de<br \/>\nl&#8217;\u00c9tat sous les rouleaux compresseurs<br \/>\ndes grandes banques priv\u00e9es. Juste<br \/>\nassez pour qu&#8217;on suive des yeux les<br \/>\nbombardiers de l&#8217;OTAN en mission<br \/>\nprochaine en Afrique ou au Moyen-Orient,<br \/>\ncomme s&#8217;il s&#8217;agissait des<br \/>\nballets a\u00e9riens du 14 juillet.<\/p>\n<p>Juste assez enfin pour qu&#8217;on n&#8217;imagine<br \/>\npas cette angoisse qui \u00e9treint sourdement<br \/>\nles musulmans de France, isol\u00e9s,<br \/>\n\u00e9vinc\u00e9s de l&#8217;espace politique, contest\u00e9s<br \/>\ns&#8217;ils osent appara\u00eetre sans s&#8217;excuser<br \/>\nd&#8217;\u00eatre l\u00e0 ni raser les murs. Cette<br \/>\nangoisse, bien particuli\u00e8re, de voir<br \/>\npleuvoir une fois de plus, les diatribes<br \/>\nracistes et les mises en accusation collectives<br \/>\nsi par malheur un nouveau<br \/>\nMerah venait \u00e0 faire parler de lui.<\/p>\n<p>Alors, chers fran\u00e7ais-musulmans-d-origine-immigr\u00e9e, dans la nasse<br \/>\nd&#8217;un chaos qui nous d\u00e9passe tous,<br \/>\n\u00e7a fait quoi d&#8217;\u00eatre LE probl\u00e8me?<br \/>\nIndistinctement, en bloc, d&#8217;un tenant.<br \/>\n<em>\u00ab LA menace \u00bb<\/em>, <em>\u00ab LE spectre \u00bb<\/em>, LE danger, LE seul, L&#8217;insoluble. Ces<br \/>\nhabits pour tous les \u00e2ges, lourds sur<br \/>\nles \u00e9paules. Ces secondes peaux de<br \/>\nplomb. Ces cl\u00e9s qui n&#8217;ouvrent rien.<br \/>\nCette place de choix au milieu du<br \/>\nchamp de ma\u00efs, celle de l&#8217;\u00e9pouvantail,<br \/>\navez-vous cess\u00e9 de l&#8217;occuper, ne<br \/>\nserait-ce qu&#8217;une semaine, au cours des<br \/>\ntrente derni\u00e8res ann\u00e9es ?<\/p>\n<p>Question terminale ouverte \u00e0 tous les<br \/>\nvents comme les portes d&#8217;une mosqu\u00e9e :<br \/>\nquel poids \u00e9conomique les musulmans<br \/>\nde France doivent-ils peser<br \/>\npour que le lynchage cesse ?<br \/>\n<div id='gallery-1' class='gallery galleryid-7254 gallery-columns-3 gallery-size-thumbnail'><figure class='gallery-item'>\n\t\t\t<div class='gallery-icon landscape'>\n\t\t\t\t<a href='https:\/\/archives.regards.fr\/wp-content\/uploads\/2013\/11\/hame-a10.jpg'><img loading=\"lazy\" decoding=\"async\" width=\"150\" height=\"150\" src=\"https:\/\/archives.regards.fr\/wp-content\/uploads\/2013\/11\/hame-a10-150x150.jpg\" class=\"attachment-thumbnail size-thumbnail\" alt=\"hame.jpg\" \/><\/a>\n\t\t\t<\/div><\/figure>\n\t\t<\/div>\n<\/p>\n","protected":false},"excerpt":{"rendered":"<p>Questions liminaires en vrac comme l&#8217;humeur de ce billet inaugural : jusqu&#8217;\u00e0 quel point la viande humaine musulmane peur-elle supporter le feu des m\u00e9dias sans virer au charbon ? Combien faut-il encore de ces Unes hebdomadaires inspir\u00e9es, de ces paires d&#8217;yeux noirs terrifiants \u00e0 travers le bonnet d&#8217;une burka, de ces t\u00eates enturbann\u00e9es, aux dents [&hellip;]<\/p>\n","protected":false},"author":1,"featured_media":19419,"comment_status":"open","ping_status":"open","sticky":false,"template":"","format":"standard","meta":{"_themeisle_gutenberg_block_has_review":false,"footnotes":""},"categories":[1],"tags":[],"class_list":["post-7254","post","type-post","status-publish","format-standard","has-post-thumbnail","hentry","category-non-classe"],"_links":{"self":[{"href":"https:\/\/archives.regards.fr\/index.php?rest_route=\/wp\/v2\/posts\/7254","targetHints":{"allow":["GET"]}}],"collection":[{"href":"https:\/\/archives.regards.fr\/index.php?rest_route=\/wp\/v2\/posts"}],"about":[{"href":"https:\/\/archives.regards.fr\/index.php?rest_route=\/wp\/v2\/types\/post"}],"author":[{"embeddable":true,"href":"https:\/\/archives.regards.fr\/index.php?rest_route=\/wp\/v2\/users\/1"}],"replies":[{"embeddable":true,"href":"https:\/\/archives.regards.fr\/index.php?rest_route=%2Fwp%2Fv2%2Fcomments&post=7254"}],"version-history":[{"count":0,"href":"https:\/\/archives.regards.fr\/index.php?rest_route=\/wp\/v2\/posts\/7254\/revisions"}],"wp:featuredmedia":[{"embeddable":true,"href":"https:\/\/archives.regards.fr\/index.php?rest_route=\/wp\/v2\/media\/19419"}],"wp:attachment":[{"href":"https:\/\/archives.regards.fr\/index.php?rest_route=%2Fwp%2Fv2%2Fmedia&parent=7254"}],"wp:term":[{"taxonomy":"category","embeddable":true,"href":"https:\/\/archives.regards.fr\/index.php?rest_route=%2Fwp%2Fv2%2Fcategories&post=7254"},{"taxonomy":"post_tag","embeddable":true,"href":"https:\/\/archives.regards.fr\/index.php?rest_route=%2Fwp%2Fv2%2Ftags&post=7254"}],"curies":[{"name":"wp","href":"https:\/\/api.w.org\/{rel}","templated":true}]}}