{"id":7247,"date":"2013-11-26T07:50:00","date_gmt":"2013-11-26T06:50:00","guid":{"rendered":"https:\/\/wp.muchomaas.com\/rouges-et-verts-une-utopie7247\/"},"modified":"2013-11-26T07:50:00","modified_gmt":"2013-11-26T06:50:00","slug":"rouges-et-verts-une-utopie7247","status":"publish","type":"post","link":"https:\/\/archives.regards.fr\/?p=7247","title":{"rendered":"Rouges et verts, une utopie\u2009?"},"content":{"rendered":"<p class=\"post_excerpt\">Un rapprochement entre le Front<br \/>\nde gauche et EELV est-il possible ?<br \/>\nPetit tour d\u2019horizon des convergences<br \/>\net des \u00e9volutions \u00e0 tenir.<\/p>\n<p>La convergence du Front<br \/>\nde gauche et des Verts,<br \/>\ndans une nouvelle configuration<br \/>\n\u00e0 gauche, est<br \/>\nun possible, souhait\u00e9<br \/>\npar les uns, redout\u00e9<br \/>\npar les autres. D\u2019ores et<br \/>\nd\u00e9j\u00e0, elle se r\u00e9alise dans des luttes embl\u00e9matiques,<br \/>\ncontre l\u2019a\u00e9roport de Notre-<br \/>\nDame-des-Landes ou contre l\u2019hyperd\u00e9pendance<br \/>\n\u00e0 l\u2019\u00e9gard du nucl\u00e9aire. La<br \/>\ncommune critique de la Ve R\u00e9publique,<br \/>\nrappel\u00e9e il y a peu par Eva Joly, constitue<br \/>\nun autre terrain d\u2019entente important.<br \/>\nLa phobie du s\u00e9curitaire qui, en France<br \/>\ncomme en Grande-Bretagne, constitue<br \/>\nun pivot des ajustements sociauxlib\u00e9raux<br \/>\nest une troisi\u00e8me passerelle<br \/>\nsolide. Sur bien des dossiers cruciaux,<br \/>\nles militants \u00e9cologistes sont d\u2019ores<br \/>\net d\u00e9j\u00e0 plus proches du Front que de<br \/>\nl\u2019alli\u00e9 socialiste. De plus, la sociologie<br \/>\n\u00e9lectorale du vote pr\u00e9sidentiel en faveur<br \/>\nde Jean-Luc M\u00e9lenchon montre que le<br \/>\nFront de gauche attire de fa\u00e7on non<br \/>\nn\u00e9gligeable, au coeur des m\u00e9tropoles,<br \/>\ndes \u00e9l\u00e9ments appartenant aux couches<br \/>\nurbaines de formation initiale \u00e9lev\u00e9e qui<br \/>\nsont par ailleurs une cible du vote \u00e9cologiste<br \/>\neurop\u00e9en ou r\u00e9gional. Ne vaut-il<br \/>\npas mieux, d\u00e8s lors, cultiver la connivence<br \/>\nplut\u00f4t que la concurrence ?<\/p>\n<p>L\u2019hypoth\u00e8se du rapprochement n\u2019a<br \/>\ndonc rien d\u2019utopique. L\u2019exp\u00e9rience concr\u00e8te des Verts, y compris au gouvernement,<br \/>\ntout comme les changements<br \/>\nculturels d\u2019ores et d\u00e9j\u00e0 amorc\u00e9s<br \/>\ndans l\u2019espace de la gauche d\u2019alternative,<br \/>\ncontribuent \u00e0 dissiper d\u00e8s aujourd\u2019hui<br \/>\nplus d\u2019un malentendu ou plus<br \/>\nd\u2019un d\u00e9saccord ancien. Aller plus loin<br \/>\nsuppose toutefois de nouvelles \u00e9volutions,<br \/>\ndont une part au moins renvoie<br \/>\nau Front de gauche lui-m\u00eame. Si l\u2019on<br \/>\nveut surmonter jusqu\u2019au bout des pr\u00e9ventions<br \/>\nh\u00e9rit\u00e9es de l\u2019histoire du si\u00e8cle<br \/>\npass\u00e9, il pourrait \u00eatre int\u00e9ressant, du<br \/>\nc\u00f4t\u00e9 du Front, de travailler plus avant<br \/>\nquelques questions. Il reste ainsi,<br \/>\nde-ci de-l\u00e0, des bribes de scientisme<br \/>\n(sinon de productivisme) qui contredisent<br \/>\nle pessimisme lucide au coeur<br \/>\nde l\u2019id\u00e9e \u00e9cologiste. De m\u00eame, la persistance<br \/>\nde conceptions r\u00e9publicaines<br \/>\nencore trop marqu\u00e9es par les propensions<br \/>\n\u00e9tatistes d\u2019hier heurte une tradition<br \/>\nmoins centraliste par fondation.<br \/>\nEnfin, une attention plus grande au sens<br \/>\nde la vie, qui est au coeur des critiques<br \/>\ncontemporaines de la croissance,<br \/>\neffacerait un peu plus l\u2019image d\u2019une<br \/>\ngauche de gauche trop consum\u00e9riste et<br \/>\n\u00e9cologiquement gaspilleuse.<\/p>\n<p><strong>Lire aussi :<\/strong><br \/>\n\u2022 <a href=\"7241\"><em>Sergio Coronado,\u00a0\u00ab\u00a0Pour peser il ne suffit plus de s\u2019ancrer \u00e0 gauche\u00a0\u00bb<\/em><\/a><br \/>\n\u2022 <a href=\"7244\"><em>Les Verts, concentr\u00e9 de contradictions<\/em>)<\/a><br \/>\n\u2022 <a href=\"7245\"><em>Emmanuelle Cosse, portrait d\u2019une ascension<\/em><\/a><\/p>\n","protected":false},"excerpt":{"rendered":"<p>Un rapprochement entre le Front<br \/>\nde gauche et EELV est-il possible ?<br \/>\nPetit tour d\u2019horizon des convergences<br \/>\net des \u00e9volutions \u00e0 tenir.<\/p>\n","protected":false},"author":328,"featured_media":0,"comment_status":"open","ping_status":"open","sticky":false,"template":"","format":"standard","meta":{"_themeisle_gutenberg_block_has_review":false,"footnotes":""},"categories":[1],"tags":[457,359],"class_list":["post-7247","post","type-post","status-publish","format-standard","hentry","category-non-classe","tag-eelv","tag-exclure-de-la-home"],"_links":{"self":[{"href":"https:\/\/archives.regards.fr\/index.php?rest_route=\/wp\/v2\/posts\/7247","targetHints":{"allow":["GET"]}}],"collection":[{"href":"https:\/\/archives.regards.fr\/index.php?rest_route=\/wp\/v2\/posts"}],"about":[{"href":"https:\/\/archives.regards.fr\/index.php?rest_route=\/wp\/v2\/types\/post"}],"author":[{"embeddable":true,"href":"https:\/\/archives.regards.fr\/index.php?rest_route=\/wp\/v2\/users\/328"}],"replies":[{"embeddable":true,"href":"https:\/\/archives.regards.fr\/index.php?rest_route=%2Fwp%2Fv2%2Fcomments&post=7247"}],"version-history":[{"count":0,"href":"https:\/\/archives.regards.fr\/index.php?rest_route=\/wp\/v2\/posts\/7247\/revisions"}],"wp:attachment":[{"href":"https:\/\/archives.regards.fr\/index.php?rest_route=%2Fwp%2Fv2%2Fmedia&parent=7247"}],"wp:term":[{"taxonomy":"category","embeddable":true,"href":"https:\/\/archives.regards.fr\/index.php?rest_route=%2Fwp%2Fv2%2Fcategories&post=7247"},{"taxonomy":"post_tag","embeddable":true,"href":"https:\/\/archives.regards.fr\/index.php?rest_route=%2Fwp%2Fv2%2Ftags&post=7247"}],"curies":[{"name":"wp","href":"https:\/\/api.w.org\/{rel}","templated":true}]}}