{"id":7245,"date":"2013-11-26T07:45:00","date_gmt":"2013-11-26T06:45:00","guid":{"rendered":"https:\/\/wp.muchomaas.com\/emmanuelle-cosse-portrait-d-une7245\/"},"modified":"2013-11-26T07:45:00","modified_gmt":"2013-11-26T06:45:00","slug":"emmanuelle-cosse-portrait-d-une7245","status":"publish","type":"post","link":"https:\/\/archives.regards.fr\/?p=7245","title":{"rendered":"Emmanuelle Cosse, portrait d\u2019une ascension"},"content":{"rendered":"<p class=\"post_excerpt\"><em>Article publi\u00e9 le 26 novembre 2013<\/em>. Ancienne r\u00e9dactrice en chef de <em>Regards<\/em>,<br \/>\nEmmanuelle Cosse sera tr\u00e8s probablement<br \/>\nla future secr\u00e9taire nationale d\u2019Europe<br \/>\n\u00c9cologie-Les Verts. Le d\u00e9part pr\u00e9cipit\u00e9<br \/>\net pas tout \u00e0 fait volontaire de Pascal<br \/>\nDurand, l\u2019actuel secr\u00e9taire national,<br \/>\nacc\u00e9l\u00e8re le mouvement. Emmanuelle Cosse<br \/>\na de nombreux atouts pour briguer<br \/>\net emporter ce poste. Portrait.<\/p>\n<p>Son engagement est fermement<br \/>\n\u00e0 gauche. Tenante du<br \/>\n\u00ab non \u00bb au r\u00e9f\u00e9rendum de<br \/>\n2005, cette proche de C\u00e9cile<br \/>\nDuflot pourrait faire la<br \/>\nsynth\u00e8se dans une maison<br \/>\nverte qui h\u00e9site beaucoup.<br \/>\nEmmanuelle Cosse a rejoint r\u00e9cemment<br \/>\nEELV mais son pass\u00e9 militant associatif,<br \/>\n\u00e0 Act-Up puis aux c\u00f4t\u00e9s du Gisti o\u00f9 elle<br \/>\nmet sa formation de juriste au service des<br \/>\nsans-papiers, lui ouvre les portes d\u2019un<br \/>\nparti qui valorise l\u2019engagement associatif<br \/>\net cherche la pr\u00e9sence d\u2019acteurs de la<br \/>\nsoci\u00e9t\u00e9 civile. D\u00e8s 2008, o\u00f9 elle soutient<br \/>\nles Verts lors des municipales \u00e0 Paris.<br \/>\nUn bout de chemin qui n\u2019a pas \u00e9t\u00e9 suivi<br \/>\nde grande assiduit\u00e9. Au point qu\u2019Emma<br \/>\nh\u00e9site en 2009 \u00e0 entrer sur une \u00e9ventuelle<br \/>\nliste Patrick Braouezec aux r\u00e9gionales.<br \/>\nPas de liste Braouezec. Pas<br \/>\nd\u2019Emma au Front de gauche : elle ne fait<br \/>\npas partie du s\u00e9rail Front de gauche et<br \/>\nn\u2019entre pas dans les radars. Elle rejoint<br \/>\nla liste \u00e9colo, seule \u00e0 lui proposer un<br \/>\nengagement politique. Dans la foul\u00e9e,<br \/>\nelle franchit le pas de l\u2019adh\u00e9sion avec<br \/>\nle passage des Verts \u00e0 EELV. Emma est<br \/>\nune femme de sa g\u00e9n\u00e9ration : la gauche<br \/>\n\u00e0 gauche, c\u2019est oui ; explorer sans fin<br \/>\nles diff\u00e9rences entre toutes ses composantes,<br \/>\nc\u2019est pour elle sans grand<br \/>\nint\u00e9r\u00eat. Elle va o\u00f9 elle pense qu\u2019elle peut<br \/>\nagir. \u00c9lue vice-pr\u00e9sidente de la r\u00e9gion<br \/>\nIle-de-France, elle prend en charge le<br \/>\nlogement. \u00c7a lui va comme un gant. Elle aime les questions concr\u00e8tes et faire<br \/>\navancer les dossiers.<\/p>\n<p>Cela ne lui pose aucun probl\u00e8me de<br \/>\npasser de <em>T\u00eatu<\/em> \u00e0 <em>Regards<\/em>. De <em>Regards<\/em><br \/>\naux Verts. Sa colonne vert\u00e9brale est<br \/>\nmoins \u00e9colo ou sociale que morale.<br \/>\nElle campe sur des valeurs qui sont<br \/>\nau coeur de ses engagements. Son<br \/>\nrelatif d\u00e9sint\u00e9r\u00eat pour les d\u00e9bats de la<br \/>\npolitique institu\u00e9e la conduit \u00e0 n\u00e9gliger<br \/>\ndes questions qu\u2019elle va pourtant<br \/>\ndevoir traiter. Exemple : \u00eatre ou ne pas<br \/>\n\u00eatre au gouvernement ? Qu\u2019en pense-telle<br \/>\nvraiment ? En v\u00e9rit\u00e9, je crois qu\u2019elle<br \/>\ns\u2019en fout un peu. Duflot peut trouver \u00e7a<br \/>\npratique dans un moment de grandes<br \/>\nincertitudes strat\u00e9giques.<\/p>\n<p>\u00c9videmment, elle ne devient pas pr\u00e9sidente<br \/>\nd\u2019Act-Up, vice-pr\u00e9sidente de r\u00e9gion,<br \/>\nsecr\u00e9taire nationale d\u2019EELV sans<br \/>\nqualit\u00e9s personnelles, sans le vouloir<br \/>\net sans aimer le pouvoir. Elle obtient<br \/>\nce qu\u2019elle veut. Mais quand elle est<br \/>\nquelque part, c\u2019est \u00e0 fond. \u00c0 Act-Up, o\u00f9<br \/>\nje l\u2019ai rencontr\u00e9e, elle avait la fermet\u00e9<br \/>\ndes activistes de l\u2019urgence. \u00c0 <em>Regards<\/em>,<br \/>\nelle partageait l\u2019esprit d\u2019auto-organisation<br \/>\nqui conduit la \u00ab r\u00e9dac chef \u00bb \u00e0<br \/>\nr\u00e9\u00e9crire les articles, v\u00e9rifier une facture<br \/>\npuis animer une r\u00e9union de r\u00e9daction.<br \/>\nDes articles de presse font \u00e9tat d\u2019un<br \/>\ncertain autoritarisme d\u2019Emmanuelle<br \/>\nCosse. Nous ne l\u2019avons jamais vue ainsi<br \/>\nau journal. Au fond, Emma est de la<br \/>\ncouleur du milieu o\u00f9 elle se trouve. Elle<br \/>\ny d\u00e9ploie une \u00e9nergie exceptionnelle<br \/>\npour le faire fonctionner. Ne lui demandez<br \/>\npas aussi de le changer. Alors, le<br \/>\nprobl\u00e8me c\u2019est peut-\u00eatre plus la vie<br \/>\ninterne des Verts que la psychologie<br \/>\nd\u2019Emma Cosse.<\/p>\n<p><strong>Lire aussi :<\/strong><br \/>\n\u2022 <a href=\"7241\"><em>Sergio Coronado,\u00a0\u00ab\u00a0Pour peser il ne suffit plus de s\u2019ancrer \u00e0 gauche\u00a0\u00bb<\/em><\/a><br \/>\n\u2022 <a href=\"7244\"><em>Les Verts, concentr\u00e9 de contradictions<\/em>)<\/a><br \/>\n\u2022 <a href=\"7247\"><em>Rouges et verts, une utopie\u2009\u00a0?<\/em><\/a><\/p>\n","protected":false},"excerpt":{"rendered":"<p><em>Article publi\u00e9 le 26 novembre 2013<\/em>. Ancienne r\u00e9dactrice en chef de <em>Regards<\/em>,<br \/>\nEmmanuelle Cosse sera tr\u00e8s probablement<br \/>\nla future secr\u00e9taire nationale d\u2019Europe<br \/>\n\u00c9cologie-Les Verts. Le d\u00e9part pr\u00e9cipit\u00e9<br \/>\net pas tout \u00e0 fait volontaire de Pascal<br \/>\nDurand, l\u2019actuel secr\u00e9taire national,<br \/>\nacc\u00e9l\u00e8re le mouvement. Emmanuelle Cosse<br \/>\na de nombreux atouts pour briguer<br \/>\net emporter ce poste. Portrait.<\/p>\n","protected":false},"author":464,"featured_media":0,"comment_status":"open","ping_status":"open","sticky":false,"template":"","format":"standard","meta":{"_themeisle_gutenberg_block_has_review":false,"footnotes":""},"categories":[157],"tags":[457],"class_list":["post-7245","post","type-post","status-publish","format-standard","hentry","category-web","tag-eelv"],"_links":{"self":[{"href":"https:\/\/archives.regards.fr\/index.php?rest_route=\/wp\/v2\/posts\/7245","targetHints":{"allow":["GET"]}}],"collection":[{"href":"https:\/\/archives.regards.fr\/index.php?rest_route=\/wp\/v2\/posts"}],"about":[{"href":"https:\/\/archives.regards.fr\/index.php?rest_route=\/wp\/v2\/types\/post"}],"author":[{"embeddable":true,"href":"https:\/\/archives.regards.fr\/index.php?rest_route=\/wp\/v2\/users\/464"}],"replies":[{"embeddable":true,"href":"https:\/\/archives.regards.fr\/index.php?rest_route=%2Fwp%2Fv2%2Fcomments&post=7245"}],"version-history":[{"count":0,"href":"https:\/\/archives.regards.fr\/index.php?rest_route=\/wp\/v2\/posts\/7245\/revisions"}],"wp:attachment":[{"href":"https:\/\/archives.regards.fr\/index.php?rest_route=%2Fwp%2Fv2%2Fmedia&parent=7245"}],"wp:term":[{"taxonomy":"category","embeddable":true,"href":"https:\/\/archives.regards.fr\/index.php?rest_route=%2Fwp%2Fv2%2Fcategories&post=7245"},{"taxonomy":"post_tag","embeddable":true,"href":"https:\/\/archives.regards.fr\/index.php?rest_route=%2Fwp%2Fv2%2Ftags&post=7245"}],"curies":[{"name":"wp","href":"https:\/\/api.w.org\/{rel}","templated":true}]}}