{"id":7244,"date":"2013-11-26T07:45:00","date_gmt":"2013-11-26T06:45:00","guid":{"rendered":"https:\/\/wp.muchomaas.com\/les-verts-concentre-de7244\/"},"modified":"2023-06-23T23:16:02","modified_gmt":"2023-06-23T21:16:02","slug":"les-verts-concentre-de7244","status":"publish","type":"post","link":"https:\/\/archives.regards.fr\/?p=7244","title":{"rendered":"Les Verts, concentr\u00e9 de contradictions"},"content":{"rendered":"<p class=\"post_excerpt\">\u00c0 nouveau dans la tourmente, le parti<br \/>\n\u00e9colo peine \u00e0 trouver son cap. Parcouru<br \/>\nde bord \u00e0 bord par de nombreuses<br \/>\ncontradictions, il devra n\u00e9amoins d\u00e9finir<br \/>\nsa feuille de route dans les mois \u00e0 venir.<\/p>\n<p>Pascal Durand quitte la<br \/>\nt\u00eate d\u2019EELV, tandis que<br \/>\nles deux ministres verts<br \/>\ns\u2019incrustent au gouvernement\u2026<br \/>\nEva Joly se<br \/>\nrapproche du Front de<br \/>\ngauche, quand Yannick Jadot<br \/>\npense que la question d\u2019une alliance<br \/>\n\u00e0 la gauche de la gauche ne se pose<br \/>\nm\u00eame pas\u2026 No\u00ebl Mam\u00e8re juge que la<br \/>\nconf\u00e9rence sur l\u2019environnement est une<br \/>\nop\u00e9ration d\u2019enfumage, tandis que les<br \/>\nprincipaux responsables du mouvement<br \/>\ny voient un signe de son influence\u2026<br \/>\nLa mouvance \u00e9cologiste tangue, une<br \/>\nfois de plus. En fait, elle se trouve au<br \/>\ncroisement inconfortable de plusieurs<br \/>\ndilemmes plus ou moins anciens.<\/p>\n<h2>Trois dilemmes<\/h2>\n<p>Le premier est r\u00e9current depuis que les<br \/>\nVerts ont choisi, \u00e0 l\u2019automne 1993, de<br \/>\ns\u2019arrimer \u00e0 la gauche. La gauche, on le<br \/>\nsait, est historiquement polaris\u00e9e entre<br \/>\nle d\u00e9sir de radicalit\u00e9 critique (la tradition<br \/>\n\u00ab r\u00e9volutionnaire \u00bb) et le souci d\u2019agir au<br \/>\nmieux \u00e0 l\u2019int\u00e9rieur du syst\u00e8me existant (la<br \/>\npente plus mod\u00e9r\u00e9e du \u00ab r\u00e9formisme \u00bb).<br \/>\n\u00c0 l\u2019int\u00e9rieur de soci\u00e9t\u00e9s qui articulent<br \/>\ncapitalisme et productivisme, l\u2019\u00e9cologie<br \/>\npolitique est quasi naturellement tir\u00e9e<br \/>\nvers un anticapitalisme qui la porte du c\u00f4t\u00e9 de la gauche de gauche. Mais elle<br \/>\nest retenue, dans ce mouvement, par le<br \/>\nconstat que l\u2019anticapitalisme historique<br \/>\na \u00e9t\u00e9 lui-m\u00eame domin\u00e9 par des cultures<br \/>\nscientistes et productivistes. En outre, le<br \/>\nmouvement \u00e9cologiste se nourrit d\u2019une<br \/>\nexp\u00e9rience associative multiforme qui<br \/>\nconjugue volontiers la radicalit\u00e9 critique,<br \/>\nparfois intransigeante, et le souci de<br \/>\nr\u00e9alisations imm\u00e9diates, sans attendre<br \/>\nl\u2019hypoth\u00e9tique \u00ab rupture \u00bb de syst\u00e8me.<br \/>\nSelon les sensibilit\u00e9s et selon les moments,<br \/>\nl\u2019\u00e9cologie politique fran\u00e7aise est<br \/>\nainsi tiraill\u00e9e entre le parti pris radical,<br \/>\nqui la pousse loin \u00e0 gauche, et un pragmatisme<br \/>\nqui, \u00e0 l\u2019image des Gr\u00fcnen allemands,<br \/>\nl\u2019attire du c\u00f4t\u00e9 d\u2019une insertion<br \/>\npolitique institutionnelle (la m\u00e9thode<br \/>\nDuflot), voire d\u2019un r\u00e9formisme assum\u00e9<br \/>\n(\u00e0 l\u2019image de la culture dite \u00ab lib\u00e9rale-libertaire<br \/>\n\u00bb de Cohn-Bendit).<\/p>\n<p>Le second dilemme porte sur la structure<br \/>\nm\u00eame du mouvement. \u00c0 dire vrai,<br \/>\nil n\u2019est pas propre aux seuls \u00e9cologistes.<br \/>\nLe parti des Verts, cr\u00e9\u00e9 en 1984,<br \/>\ns\u2019ancre dans la foul\u00e9e des mouvements<br \/>\nantiautoritaires post-soixante-huit. Il<br \/>\nna\u00eet de la critique radicale de la formeparti,<br \/>\nr\u00e9cemment rappel\u00e9e par Daniel<br \/>\nCohn-Bendit (<em>Pour supprimer les partis<br \/>\npolitiques ! ? R\u00e9flexions d\u2019un apatride<br \/>\nsans parti<\/em>, Indig\u00e8ne \u00c9ditions, 2013). La<br \/>\ncr\u00e9ation des Verts avait soulign\u00e9 le d\u00e9sir<br \/>\nde mixer les tenants d\u2019une formation<br \/>\npolitique solide (le \u00ab parti \u00e9cologiste \u00bb)<br \/>\net les partisans d\u2019une structure davantage<br \/>\nrespectueuse des sp\u00e9cificit\u00e9s r\u00e9gionales<br \/>\n(la conf\u00e9d\u00e9ration \u00e9cologiste).<br \/>\nLa nouvelle structure apparue officiellement<br \/>\nen novembre 2010 (Europe<br \/>\n\u00c9cologie-Les Verts) voulait fusionner la<br \/>\nlogique du parti (les Verts) et celle de<br \/>\nla \u00ab coop\u00e9rative \u00bb (les militants \u00e9cologistes<br \/>\nen dehors des Verts). Manifestement,<br \/>\nla nouvelle organisation politique<br \/>\nse heurte \u00e0 la difficult\u00e9 classique, que<br \/>\nle mouvement ouvrier affronta en son<br \/>\ntemps. La structuration r\u00e9ticulaire et<br \/>\nhorizontale de souche libertaire fonctionne<br \/>\ndans la \u00ab soci\u00e9t\u00e9 civile \u00bb, mais<br \/>\npeine \u00e0 s\u2019imposer quand l\u2019organisation<br \/>\ns\u2019ins\u00e8re dans le jeu vertical des institutions<br \/>\net du pouvoir d\u2019\u00c9tat. D\u00e8s la cr\u00e9ation<br \/>\ndu nouveau parti, la d\u00e9mission de Jean-Paul Besset (une des t\u00eates d\u2019affiche<br \/>\ndes europ\u00e9ennes de 2009) soulignait<br \/>\nla difficult\u00e9 en gestation. Le<br \/>\nmouvement \u00ab diff\u00e9rent \u00bb a du mal \u00e0 \u00eatre<br \/>\nautre chose qu\u2019un \u00ab parti comme les<br \/>\nautres \u00bb\u2026 quand ce n\u2019est pire. Manifestement,<br \/>\nl\u2019\u00e9lan de 2010-2011 est retomb\u00e9.<br \/>\nAu moment de la consultation sur les<br \/>\ncandidatures \u00e0 l\u2019\u00e9lection pr\u00e9sidentielle,<br \/>\n\u00e0 l\u2019\u00e9t\u00e9 2011, EELV revendiquait environ<br \/>\n17 000 \u00ab coop\u00e9rateurs \u00bb et 15 000<br \/>\n\u00ab adh\u00e9rents \u00bb. Certains sugg\u00e8rent que<br \/>\nle chiffre a \u00e9t\u00e9 r\u00e9duit de moiti\u00e9 depuis.<br \/>\nEn tout \u00e9tat de cause, l\u2019organisation<br \/>\nelle-m\u00eame s\u2019est affaiblie.<\/p>\n<p>Enfin, le troisi\u00e8me dilemme continue de<br \/>\nporter sur la place de l\u2019\u00e9cologie ellem\u00eame<br \/>\ndans la visibilit\u00e9 du projet \u00e9cologiste.<br \/>\nEn s\u2019inscrivant dans le champ<br \/>\npartisan et, plus encore, en d\u00e9cidant<br \/>\nde s\u2019ancrer \u00e0 gauche, les \u00e9cologistes<br \/>\nont \u00e9largi leur champ d\u2019intervention<br \/>\npour devenir une formation politique<br \/>\n\u00ab g\u00e9n\u00e9raliste \u00bb. Par ailleurs, la mont\u00e9e<br \/>\ndes pr\u00e9occupations \u00e9cologiques (cristallis\u00e9es<br \/>\nnotamment sur la question<br \/>\ndu nucl\u00e9aire et sur le r\u00e9chauffement<br \/>\nclimatique) a fait de l\u2019\u00e9cologie un bien<br \/>\ncommun dans toute la soci\u00e9t\u00e9. Il n\u2019est<br \/>\npas aujourd\u2019hui de formation politique,<br \/>\n\u00e0 droite comme \u00e0 gauche, qui n\u2019inclue<br \/>\nl\u2019\u00e9cologie au coeur de son projet officiel.<br \/>\nIl y a donc, pour une part, banalisation<br \/>\ndu th\u00e8me fondateur. \u00c0 cela s\u2019ajoute,<br \/>\ndepuis 2008, le poids d\u2019une crise syst\u00e9mique<br \/>\nqui redonne \u00e0 la question \u00e9conomico-<br \/>\nsociale une place centrale dans<br \/>\nles pr\u00e9occupations individuelles et les<br \/>\npolitiques publiques. C\u2019est si vrai que,<br \/>\ndans le cas allemand, les Gr\u00fcnen n\u2019ont<br \/>\npas h\u00e9sit\u00e9 \u00e0 enfourcher vigoureusement<br \/>\nle cheval de l\u2019\u00e9conomique et du social.<br \/>\nOr les d\u00e9boires des Verts allemands<br \/>\nsont interpr\u00e9t\u00e9s par certains (Nicolas<br \/>\nHulot en reprend le th\u00e8me en France)<br \/>\ncomme le signe que les \u00e9cologistes ne<br \/>\ngagnent rien \u00e0 n\u00e9gliger leur \u00ab fonds de<br \/>\ncommerce \u00bb, sur un \u00ab march\u00e9 \u00bb politique<br \/>\nsi concurrentiel.<\/p>\n<h2>Des choix strat\u00e9giques en perspective<\/h2>\n<p>D\u2019une mani\u00e8re ou d\u2019une autre, les \u00e9cologistes<br \/>\ndevront d\u00e9finir une orientation<br \/>\nclaire dans les mois \u00e0 venir. Au-del\u00e0 des<br \/>\nchoix de personnes, ce sont de redoutables<br \/>\nquestions strat\u00e9giques qui les<br \/>\nattendent d\u00e9sormais.<\/p>\n<p>Les Verts disposent d\u2019un matelas d\u2019\u00e9lus<br \/>\nnon n\u00e9gligeables qui amorce un processus<br \/>\nde professionnalisation de l\u2019organisation<br \/>\n: 17 d\u00e9put\u00e9s, 12 s\u00e9nateurs, 16<br \/>\nd\u00e9put\u00e9s europ\u00e9ens, 263 conseillers<br \/>\nr\u00e9gionaux, 54 conseillers g\u00e9n\u00e9raux et<br \/>\n60 maires. Si l\u2019on y ajoute la n\u00e9buleuse<br \/>\nde collaborateurs rattach\u00e9s aux \u00e9lus,<br \/>\non notera que les enjeux d\u2019appareil<br \/>\ncommencent \u00e0 peser fortement sur le<br \/>\ndispositif politique g\u00e9n\u00e9ral des Verts. Il<br \/>\nn\u2019en reste pas moins qu\u2019ils constituent<br \/>\n\u00e9lectoralement le plus volatile des partis<br \/>\npolitiques fran\u00e7ais, leurs scores allant<br \/>\nde 1,6 % (Dominique Voynet \u00e0 la pr\u00e9sidentielle<br \/>\nde 2007) \u00e0 16,3 % (\u00e9lections<br \/>\neurop\u00e9ennes de 2009). Incontestablement<br \/>\nleur base d\u2019influence s\u2019est gauchie, 33 % des \u00e9lecteurs d\u2019EELV se classant<br \/>\nm\u00eame \u00e0 la gauche de la gauche. En<br \/>\ng\u00e9n\u00e9ral plus jeunes et dipl\u00f4m\u00e9s, ceux<br \/>\nqui se tournent \u00e0 l\u2019occasion vers l\u2019\u00e9cologie<br \/>\nsont avant tout des urbains, dans<br \/>\nde grandes agglom\u00e9rations ou \u00e0 leur<br \/>\np\u00e9riph\u00e9rie. La g\u00e9ographie du vote le<br \/>\nplus dense (europ\u00e9ennes et r\u00e9gionales)<br \/>\nles situe plut\u00f4t dans des r\u00e9gions attractives,<br \/>\no\u00f9 le d\u00e9veloppement durable et la<br \/>\nquestion sociale semblent co\u00efncider de<br \/>\nla fa\u00e7on la plus \u00e9vidente (Rh\u00f4ne-Alpes,<br \/>\nAlsace, Ile-de-France, Bretagne, Midi-<br \/>\nPyr\u00e9n\u00e9es). Une tentation \u00e9cologiste<br \/>\nforte dans des \u00e9lections r\u00e9put\u00e9es marginales<br \/>\npar rapport aux enjeux institutionnels<br \/>\nnationaux, mais une faible perception<br \/>\nde l\u2019utilit\u00e9 nationale des Verts\u2026<br \/>\nEn bref, l\u2019\u00e9cologie politique en France<br \/>\ndispose d\u2019\u00e9lecteurs intermittents\u2026<br \/>\nmais pas encore d\u2019un \u00e9lectorat.<br \/>\nD\u00e8s lors trois sc\u00e9narios types pourraient<br \/>\nse dessiner chez les \u00e9cologistes dans la<br \/>\nprochaine p\u00e9riode.<\/p>\n<p>Le premier pousserait les \u00e9cologistes \u00e0<br \/>\ncultiver leur coeur de cible, sans s\u2019enfermer<br \/>\ntrop \u00e9troitement dans la polarit\u00e9<br \/>\nfran\u00e7aise de la gauche et de la droite.<br \/>\nLa d\u00e9marche (que d\u00e9fendent \u00e0 leur<br \/>\nmani\u00e8re Nicolas Hulot ou Yves Cochet)<br \/>\ntendrait alors \u00e0 pousser jusqu\u2019au bout<br \/>\nl\u2019id\u00e9e que le \u00ab paradigme \u00e9cologique \u00bb<br \/>\nest en train de prendre la place du \u00ab paradigme<br \/>\nsocial \u00bb que les th\u00e9oriciens premiers<br \/>\nde l\u2019\u00e9cologie accolaient au mouvement<br \/>\nouvrier historique. Auquel cas,<br \/>\nles Verts ne se d\u00e9tourneraient pas v\u00e9ritablement<br \/>\ndu \u00ab social \u00bb traditionnel, mais<br \/>\ns\u2019efforceraient de montrer qu\u2019il est d\u00e9sormais<br \/>\nconditionn\u00e9 par la satisfaction<br \/>\ndes \u00e9quilibres environnementaux. Ce<br \/>\nprojet aurait l\u2019avantage d\u2019accentuer la<br \/>\nsp\u00e9cificit\u00e9 et l\u2019innovation du projet \u00e9cologiste<br \/>\net pourrait contribuer \u00e0 consolider<br \/>\nson ancrage dans des g\u00e9n\u00e9rations<br \/>\njeunes et instruites. Dans l\u2019imm\u00e9diat, il<br \/>\nfait courir le risque d\u2019une reproduction<br \/>\nde la dichotomie entre \u00e9lections pr\u00e9sum\u00e9es<br \/>\nstrat\u00e9giques (o\u00f9 la pr\u00e9occupation<br \/>\n\u00e9cologique est faible) et \u00e9lections<br \/>\nd\u00e9riv\u00e9es (o\u00f9 les questions de soci\u00e9t\u00e9s<br \/>\nprennent une place plus centrale). \u00c0<br \/>\ncourt terme, le choix pourrait engluer les<br \/>\nVerts dans une relative marginalit\u00e9.<\/p>\n<p>Le second sc\u00e9nario partirait lui aussi<br \/>\ndu profil actuel pr\u00e9sent\u00e9 par le vote \u00e9cologiste plus dense des europ\u00e9ennes<br \/>\net des r\u00e9gionales. Jeune, dipl\u00f4m\u00e9, urbain<br \/>\n: c\u2019est, g\u00e9ographiquement et sociologiquement,<br \/>\nl\u2019image de la \u00ab seconde<br \/>\ngauche \u00bb des ann\u00e9es 1970. L\u2019\u00e9cologie<br \/>\npolitique pourrait alors ambitionner de<br \/>\nfonctionner comme une rel\u00e8ve modernis\u00e9e<br \/>\nd\u2019une social-d\u00e9mocratie h\u00e9g\u00e9monique,<br \/>\nmais essouffl\u00e9e. Au fond, ce<br \/>\npossible semblait d\u00e9j\u00e0 se dessiner au<br \/>\nd\u00e9but des ann\u00e9es 1990, dans la premi\u00e8re<br \/>\nphase d\u2019enracinement \u00e9cologiste,<br \/>\nquand le socialisme mitterrandien \u00e9tait<br \/>\ndans l\u2019impasse. Les \u00e9colos ont alors<br \/>\nrat\u00e9 le coche ; pourquoi ne reprendraient-<br \/>\nils pas ce flambeau ? Dans cette<br \/>\noptique, la prop\u00e9deutique de la participation<br \/>\nau pouvoir deviendrait un levier<br \/>\npour installer peu \u00e0 peu l\u2019image de la<br \/>\nresponsabilit\u00e9, fort peu compatible avec<br \/>\nles repr\u00e9sentations classiques, folkloriques<br \/>\net franchement alternatives des<br \/>\nseventies. L\u00e0 encore, la perspective ne<br \/>\nmanque pas de r\u00e9alisme : certains sondages<br \/>\nsugg\u00e8rent que les sympathisants<br \/>\nd\u2019EELV sont plus favorables \u00e0 la participation<br \/>\ngouvernementale actuelle que<br \/>\nles militants eux-m\u00eames. Le choix se<br \/>\nheurte toutefois \u00e0 une tradition culturelle<br \/>\nplus port\u00e9e \u00e0 la rupture et \u00e0 l\u2019affirmation<br \/>\n\u00ab antisyst\u00e8me \u00bb. En outre, rien ne garantit<br \/>\nque les Verts se montreront plus comp\u00e9titifs<br \/>\nque les socialistes en image de<br \/>\nrespectabilit\u00e9 et d\u2019utilit\u00e9 (l\u2019exp\u00e9rience<br \/>\ndes Gr\u00fcnen de Joschka Fischer n\u2019est<br \/>\npas en ce sens convaincante). Au total,<br \/>\nla strat\u00e9gie de l\u2019accompagnement<br \/>\ninstitutionnel risque d\u2019enfermer les<br \/>\nVerts dans une situation inconfortable<br \/>\nde subordonn\u00e9s du parti dominant (ce<br \/>\nque le PC a exp\u00e9riment\u00e9 \u00e0 ses d\u00e9pens<br \/>\nentre 1997 et 2002).<\/p>\n<p>Le troisi\u00e8me sc\u00e9nario (d\u2019ores et d\u00e9j\u00e0<br \/>\nformul\u00e9 par des responsables comme<br \/>\nEva Joly, Sergio Coronado ou J\u00e9r\u00f4me<br \/>\nGleizes) encouragerait les Verts \u00e0 assumer<br \/>\nle parti pris de l\u2019alternative, qui<br \/>\ncorrespond \u00e0 leur culture initiale. Auquel<br \/>\ncas, l\u2019\u00e9cologie politique pourrait<br \/>\ncontinuer de travailler sa sp\u00e9cificit\u00e9 g\u00e9n\u00e9rationnelle<br \/>\net sociologique. Mais elle<br \/>\nl\u2019ins\u00e9rerait dans un projet de recomposition<br \/>\ndu peuple moderne, autour d\u2019un<br \/>\nnouveau projet int\u00e9gr\u00e9 de d\u00e9veloppement<br \/>\nhumain et durable, recomposant<br \/>\nles sph\u00e8res jusqu\u2019alors plus ou moins<br \/>\ndissoci\u00e9es de l\u2019\u00e9conomique, du social,<br \/>\ndu politique, de l\u2019environnemental et<br \/>\nde l\u2019\u00e9thique. Dans cette optique, l\u2019\u00e9cologie<br \/>\npolitique ne prendrait de sens<br \/>\nque comme une composante, \u00e0 part<br \/>\n\u00e9gale, d\u2019une convergence critique et<br \/>\nprospective o\u00f9 ne s\u2019imposerait aucune<br \/>\nforce h\u00e9g\u00e9monique interne, ancienne<br \/>\nou nouvelle, partisane ou \u00ab mouvementiste<br \/>\n\u00bb, sociale ou soci\u00e9tale.<\/p>\n<p>Ce troisi\u00e8me sc\u00e9nario, dans l\u2019espace<br \/>\npolitique encore incertain de l\u2019alternative,<br \/>\nrel\u00e8ve lui aussi d\u2019un pari. Il n\u2019est<br \/>\npas plus hasardeux que les pr\u00e9c\u00e9dents.<br \/>\nSans doute a-t-il l\u2019avantage d\u2019\u00eatre le<br \/>\nplus fid\u00e8le \u00e0 des valeurs humaines fondamentales<br \/>\nde l\u2019\u00e9cologie politique.<\/p>\n<p><strong>Lire aussi :<\/strong><br \/>\n\u2022 <a href=\"7241\"><em>Sergio Coronado,\u00a0\u00ab\u00a0Pour peser il ne suffit plus de s\u2019ancrer \u00e0 gauche\u00a0\u00bb<\/em><\/a><br \/>\n\u2022 <a href=\"7247\"><em>Rouges et verts, une utopie\u2009\u00a0?<\/em><\/a><br \/>\n\u2022 <a href=\"7245\"><em>Emmanuelle Cosse, portrait d\u2019une ascension<\/em><\/a><br \/>\n<div id='gallery-1' class='gallery galleryid-7244 gallery-columns-3 gallery-size-thumbnail'><figure class='gallery-item'>\n\t\t\t<div class='gallery-icon landscape'>\n\t\t\t\t<a href='https:\/\/archives.regards.fr\/wp-content\/uploads\/2013\/11\/verts2-fc8.jpg'><img loading=\"lazy\" decoding=\"async\" width=\"150\" height=\"150\" src=\"https:\/\/archives.regards.fr\/wp-content\/uploads\/2013\/11\/verts2-fc8-150x150.jpg\" class=\"attachment-thumbnail size-thumbnail\" alt=\"verts2.jpg\" \/><\/a>\n\t\t\t<\/div><\/figure>\n\t\t<\/div>\n<\/p>\n","protected":false},"excerpt":{"rendered":"<p>\u00c0 nouveau dans la tourmente, le parti<br \/>\n\u00e9colo peine \u00e0 trouver son cap. Parcouru<br \/>\nde bord \u00e0 bord par de nombreuses<br \/>\ncontradictions, il devra n\u00e9amoins d\u00e9finir<br \/>\nsa feuille de route dans les mois \u00e0 venir.<\/p>\n","protected":false},"author":328,"featured_media":19402,"comment_status":"open","ping_status":"open","sticky":false,"template":"","format":"standard","meta":{"_themeisle_gutenberg_block_has_review":false,"footnotes":""},"categories":[1],"tags":[457],"class_list":["post-7244","post","type-post","status-publish","format-standard","has-post-thumbnail","hentry","category-non-classe","tag-eelv"],"_links":{"self":[{"href":"https:\/\/archives.regards.fr\/index.php?rest_route=\/wp\/v2\/posts\/7244","targetHints":{"allow":["GET"]}}],"collection":[{"href":"https:\/\/archives.regards.fr\/index.php?rest_route=\/wp\/v2\/posts"}],"about":[{"href":"https:\/\/archives.regards.fr\/index.php?rest_route=\/wp\/v2\/types\/post"}],"author":[{"embeddable":true,"href":"https:\/\/archives.regards.fr\/index.php?rest_route=\/wp\/v2\/users\/328"}],"replies":[{"embeddable":true,"href":"https:\/\/archives.regards.fr\/index.php?rest_route=%2Fwp%2Fv2%2Fcomments&post=7244"}],"version-history":[{"count":0,"href":"https:\/\/archives.regards.fr\/index.php?rest_route=\/wp\/v2\/posts\/7244\/revisions"}],"wp:featuredmedia":[{"embeddable":true,"href":"https:\/\/archives.regards.fr\/index.php?rest_route=\/wp\/v2\/media\/19402"}],"wp:attachment":[{"href":"https:\/\/archives.regards.fr\/index.php?rest_route=%2Fwp%2Fv2%2Fmedia&parent=7244"}],"wp:term":[{"taxonomy":"category","embeddable":true,"href":"https:\/\/archives.regards.fr\/index.php?rest_route=%2Fwp%2Fv2%2Fcategories&post=7244"},{"taxonomy":"post_tag","embeddable":true,"href":"https:\/\/archives.regards.fr\/index.php?rest_route=%2Fwp%2Fv2%2Ftags&post=7244"}],"curies":[{"name":"wp","href":"https:\/\/api.w.org\/{rel}","templated":true}]}}