{"id":7241,"date":"2013-11-26T07:50:00","date_gmt":"2013-11-26T06:50:00","guid":{"rendered":"https:\/\/wp.muchomaas.com\/sergio-coronado-depute-ee-lv-on-a7241\/"},"modified":"2013-11-26T07:50:00","modified_gmt":"2013-11-26T06:50:00","slug":"sergio-coronado-depute-ee-lv-on-a7241","status":"publish","type":"post","link":"https:\/\/archives.regards.fr\/?p=7241","title":{"rendered":"Sergio Coronado,\u00a0\u00ab Pour peser il ne suffit plus de s\u2019ancrer \u00e0 gauche \u00bb\u00a0"},"content":{"rendered":"<p class=\"post_excerpt\">A la fin de la semaine, EELV tiendra son congr\u00e8s. Occasion de prendre le pouls du parti et de ses militants sur la question qui divise, celle de la participation gouvernementale. D\u00e9cryptage avec le d\u00e9put\u00e9 \u00e9cologiste Sergio Coronado.<\/p>\n<p><strong>Regards.fr.<\/strong> <em> <strong>Quels seront les enjeux du congr\u00e8s\u00a0EE-LV\u00a0?<\/strong> <\/em><\/p>\n<p><strong>Sergio Coronado.<\/strong> Ce sera le moment de faire une \u00e9valuation de la pr\u00e9sence de 2 ministres \u00e9cologistes au gouvernement. Le d\u00e9bat avait \u00e9t\u00e9 \u00e9vacu\u00e9 lors de\u00a0 l\u2019universit\u00e9 d\u2019\u00e9t\u00e9 et l\u2019atelier pr\u00e9vu pour en d\u00e9battre remplac\u00e9 par la venue de Christiane Taubira et du tout nouveau ministre de l\u2019environnement.\u00a0<br \/>\nBien que la question de la participation au gouvernement ne soit pas officiellement \u00e0 l\u2019ordre du jour du congr\u00e8s, il est \u00e9vident qu\u2019elle a pes\u00e9 dans la phase de pr\u00e9paration et je ne crois pas qu\u2019elle puisse \u00e9chapper au d\u00e9bat du congr\u00e8s.\u00a0<br \/>\nPlus profond\u00e9ment nous avons \u00e0 r\u00e9fl\u00e9chir au d\u00e9ploiement des id\u00e9es qui nous importent. La crise met l\u2019\u00e9cologie sous forte pression. Le moins que l\u2019on puisse dire est que le gouvernement montre peu d\u2019app\u00e9tence pour les enjeux que nous portons.\u00a0<br \/>\nMais il nous faut aussi avoir la lucidit\u00e9 de reconna\u00eetre notre faiblesse en terme de propositions lisibles sur les enjeux majeurs que sont le changement climatique et la transition \u00e9cologique. Nous devons faire un travail de pr\u00e9paration de mise \u00e0 jour sur le plan doctrinaire.<\/p>\n<p><em> <strong>Les militants se sont prononc\u00e9s sur 7 motions. Comment lire ces r\u00e9sultats\u00a0?<\/strong> <\/em><\/p>\n<p>Nous n\u2019avons pas r\u00e9ussi \u00e0 structurer le d\u00e9bat pour qu\u2019il soit lisible \u00e0 l\u2019ext\u00e9rieur. Pourtant quelques tendances apparaissent. <\/p>\n<ul>\n<li> <strong>1<\/strong>&#8211; la forte abstention. Moins de 50% des adh\u00e9rents ont pris part au vote. <\/li>\n<li> <strong>2<\/strong>&#8211; la motion qui sort en t\u00eate obtient 38%. Cette motion \u00e9tait soutenue par les deux ministres, la quasi totalit\u00e9 des parlementaires et par l\u2019appareil. C\u2019est donc un r\u00e9sultat plut\u00f4t mitig\u00e9. Surtout si on se souvient que l\u2019accord avec le PS avait \u00e9t\u00e9 ratifi\u00e9 par plus de 75% des militants et qu\u2019au dernier congr\u00e8s la motion Dufflot \u00e9tait majoritaire au premier tour. Le socle s\u2019effrite.<\/li>\n<li> <strong>3<\/strong>&#8211; la motion que je soutenais, la Motion participative, portait une critique \u00e0 l\u2019\u00e9gard de la participation gouvernementale et se disait favorable au dialogue au sein de la gauche et avec la gauche critique. Elle obtient plus de 20%.\u00a0<\/li>\n<li> <strong>4<\/strong>&#8211; la motion Via Ecologica, soutenue par Jean Desessard et St\u00e9phane Gatignon, \u00e9tait plus h\u00e9t\u00e9rog\u00e8ne sur le plan du positionnement politique. Elle est port\u00e9e par des personnes dont la greffe avec Europe Ecologie les Verts a \u00e9t\u00e9 difficile. Elle est soud\u00e9e par la critique du fonctionnement interne. Elle a r\u00e9unit 17% des militants. A mon avis, la direction sortante va chercher \u00e0 s\u2019allier avec eux moyennant des ajustements.<\/li>\n<li> <strong>5<\/strong>&#8211; La motion port\u00e9e par Eva Joly ne marque pas de distinction significative avec notre motion. Les enjeux de positionnement internes ont conduit \u00e0 cette s\u00e9paration entre nos deux courants. Dommage pour la clart\u00e9 des d\u00e9bats et pour notre poids politique.<br clear=\"all\"><br \/>\n<br \/>\n<em> <strong>Pourquoi la direction contourne-t-elle le d\u00e9bat sur la participation gouvernementale\u00a0?<\/strong> <\/em><\/li>\n<\/ul>\n<p>C\u2019est en effet certain que la question est pr\u00e9sente dans la t\u00eate des militants. Et ils sont critiques comme la plupart des Fran\u00e7ais.<br \/>\nLa direction semble atteinte du syndrome Martin Hirsch\u00a0: il ne regardait le bilan qu\u2019\u00e0 l\u2019aune de son travail et de ses propres objectifs. RSA ou pas RSA \u00e9tait la seule question. Aujourd\u2019hui tout l\u2019argument tend \u00e0 nous expliquer que la situation se r\u00e9sume au travail de nos ministres.Est-ce suffisant\u00a0?\u00a0<\/p>\n<p><em> <strong>Comment \u00e9valuez-vous personnellement le positionnement politique des \u00e9cologistes ?<\/strong> <\/em><\/p>\n<p>Le malheur veut que nous soyons au gouvernement avec les socialistes alors que la social-d\u00e9mocratie est sous l\u2019influence des march\u00e9s et que la g\u00e9n\u00e9ration qui est au commande s\u2019est form\u00e9e dans le \u00ab\u00a0tournant de la rigueur\u00a0\u00bb de 83.<br \/>\nCela doit nous conduire \u00e0 reprendre la r\u00e9flexion sur le positionnement politique des \u00e9cologistes. On a longtemps cru que pour peser il suffisait de s\u2019ancrer dans le camp de la gauche. C\u2019est l\u2019h\u00e9ritage de Dominique Voynet qui a sorti les \u00e9cologistes du Ni-ni. Mais cela ne suffit plus. Nous sommes face \u00e0 des points durs qui nous opposent \u00e0 l\u2019approche dominante de la sociale d\u00e9mocratie actuelle : nous sommes pour une soci\u00e9t\u00e9 ouverte, nous sommes oppos\u00e9s \u00e0 l\u2019id\u00e9e que la croissance r\u00e9pondrait \u00e8 tous les maux.<\/p>\n<p><strong>Lire aussi :<\/strong><br \/>\n\u2022 <a href=\"7245\"><em>Emmanuelle Cosse, portrait d\u2019une ascension<\/em><\/a><br \/>\n\u2022 <a href=\"7244\"><em>Les Verts, concentr\u00e9 de contradictions<\/em>)<\/a><br \/>\n\u2022 <a href=\"7247\"><em>Rouges et verts, une utopie\u2009\u00a0?<\/em><\/a><\/p>\n","protected":false},"excerpt":{"rendered":"<p>A la fin de la semaine, EELV tiendra son congr\u00e8s. Occasion de prendre le pouls du parti et de ses militants sur la question qui divise, celle de la participation gouvernementale. D\u00e9cryptage avec le d\u00e9put\u00e9 \u00e9cologiste Sergio Coronado.<\/p>\n","protected":false},"author":464,"featured_media":0,"comment_status":"open","ping_status":"open","sticky":false,"template":"","format":"standard","meta":{"_themeisle_gutenberg_block_has_review":false,"footnotes":""},"categories":[157],"tags":[457,293],"class_list":["post-7241","post","type-post","status-publish","format-standard","hentry","category-web","tag-eelv","tag-entretien"],"_links":{"self":[{"href":"https:\/\/archives.regards.fr\/index.php?rest_route=\/wp\/v2\/posts\/7241","targetHints":{"allow":["GET"]}}],"collection":[{"href":"https:\/\/archives.regards.fr\/index.php?rest_route=\/wp\/v2\/posts"}],"about":[{"href":"https:\/\/archives.regards.fr\/index.php?rest_route=\/wp\/v2\/types\/post"}],"author":[{"embeddable":true,"href":"https:\/\/archives.regards.fr\/index.php?rest_route=\/wp\/v2\/users\/464"}],"replies":[{"embeddable":true,"href":"https:\/\/archives.regards.fr\/index.php?rest_route=%2Fwp%2Fv2%2Fcomments&post=7241"}],"version-history":[{"count":0,"href":"https:\/\/archives.regards.fr\/index.php?rest_route=\/wp\/v2\/posts\/7241\/revisions"}],"wp:attachment":[{"href":"https:\/\/archives.regards.fr\/index.php?rest_route=%2Fwp%2Fv2%2Fmedia&parent=7241"}],"wp:term":[{"taxonomy":"category","embeddable":true,"href":"https:\/\/archives.regards.fr\/index.php?rest_route=%2Fwp%2Fv2%2Fcategories&post=7241"},{"taxonomy":"post_tag","embeddable":true,"href":"https:\/\/archives.regards.fr\/index.php?rest_route=%2Fwp%2Fv2%2Ftags&post=7241"}],"curies":[{"name":"wp","href":"https:\/\/api.w.org\/{rel}","templated":true}]}}