{"id":7240,"date":"2013-11-25T13:53:38","date_gmt":"2013-11-25T12:53:38","guid":{"rendered":"https:\/\/wp.muchomaas.com\/isabelle-demongeot7240\/"},"modified":"2023-06-23T23:16:01","modified_gmt":"2023-06-23T21:16:01","slug":"isabelle-demongeot7240","status":"publish","type":"post","link":"https:\/\/archives.regards.fr\/?p=7240","title":{"rendered":"Isabelle Demongeot, \u00ab Se reconstruire apr\u00e8s un viol est un long processus \u00bb"},"content":{"rendered":"<p class=\"post_excerpt\">Championne de France de tennis \u00e0 partir de 1989, Isabelle Demongeot a d\u00e9nonc\u00e9, en 2005, les viols \u00e0 r\u00e9p\u00e9tition de son entra\u00eeneur R\u00e9gis de Camaret quand elle avait entre 13 et 23 ans. Condamn\u00e9 aux Assises de Lyon \u00e0 huit ans de prison, le 23 novembre 2012, il vient de faire appel. Pour Isabelle Demongeot, il faudra t\u00e9moigner \u00e0 nouveau. <\/p>\n<p><strong>Regards.fr.<\/strong> <em> <strong>A cause de la prescription, vous n\u2019avez pas pu porter plainte. Comment venir \u00e0 bout de cette frustration\u00a0?<\/strong> <\/em><\/p>\n<p><strong>Isabelle Demongeot.<\/strong> Quand j\u2019ai commenc\u00e9 \u00e0 parler en 2005, on a retrouv\u00e9 quatre victimes, mais toutes prescrites. Heureusement, la gendarmerie a quand m\u00eame men\u00e9 l\u2019enqu\u00eate. En 2007, ils ont contact\u00e9 deux femmes plus jeunes et le 15 f\u00e9vrier, il a \u00e9t\u00e9 mis en prison. Entre temps, j\u2019ai d\u00e9cid\u00e9 d\u2019\u00e9crire un livre, <em>Service vol\u00e9 <\/em>(\u00e9ditions Michel Lafon). Vu que je n\u2019avais pas le droit de porter plainte, \u00e0 cause de la prescription, c\u2019\u00e9tait une th\u00e9rapie pour dire les choses. J\u2019ai repris les articles de l\u2019\u00e9poque, que mes parents avaient gard\u00e9s, pour reconstituer la chronologie. Laurence Decreau, ma co-auteure, m\u2019a propos\u00e9 de retourner l\u00e0 o\u00f9 \u00e7a c\u2019\u00e9tait pass\u00e9. Le cagibi au club de tennis, les chambres d\u2018h\u00f4tel, les aires d\u2019autoroute avec les camionneurs autour\u2026 On est all\u00e9es partout et moi, je mettais des mots sur ce qui \u00e9tait arriv\u00e9. Il faut raconter, du plus profond de soi. <\/p>\n<p><em> <strong>Le proc\u00e8s a-t-il mis en lumi\u00e8re la strat\u00e9gie de l\u2019agresseur\u00a0?<\/strong> <\/em><\/p>\n<p>L\u2019enqu\u00eate a montr\u00e9 qu\u2019il agissait avec toutes les filles de la m\u00eame fa\u00e7on. Il programmait\u00a0: celle-l\u00e0 ce soir, et pas l\u2019autre. Dans le cagibi, dans une chambre, il rentrait par la fen\u00eatre\u2026 Quand on voyageait, il dormait dans notre chambre. Tout \u00e9tait soigneusement pens\u00e9, planifi\u00e9. Sur le court, je tremblais\u00a0: qu\u2019est-ce qui va se passer apr\u00e8s le match\u00a0? Est-ce qu\u2019il va encore me coincer\u00a0? \u00c7a m\u2019a emp\u00each\u00e9e de d\u00e9velopper mon jeu d\u2019attaque. Interdit de jouer contre les gar\u00e7ons, de sortir, d\u2019\u00eatre entour\u00e9e. J\u2019ai r\u00e9cup\u00e9r\u00e9 une peur qui ne m\u2019appartenait pas.<\/p>\n<p><em> <strong>Comment se reconstruire\u00a0?<\/strong> <\/em><\/p>\n<p>C\u2019est un processus long et lent. La fasciath\u00e9rapie m\u2019a beaucoup aid\u00e9e. C\u2019est une th\u00e9rapie manuelle. Elle se concentre sur la fine membrane qui recouvre nos organes et nos muscles. J\u2019ai retrouv\u00e9 un corps alors que \u00e7a ne circulait plus, que j\u2019avais des parties froides. J\u2019ai retrouv\u00e9 mon mouvement int\u00e9rieur. Mais j\u2019ai encore des sympt\u00f4mes, des malaises. \u00c7a ressurgit\u00a0: quand un journaliste m\u2019a dit qu\u2019il \u00e9tait sorti de prison en mai 2007, quand j\u2019apprends qu\u2019il a fait une demande de mise en libert\u00e9\u2026 Et maintenant qu\u2019il a fait appel, et qu\u2019on retourne aux Assises en f\u00e9vrier. A chaque fois, la vie continue et puis quelqu\u2019un vous dit\u00a0: <em>\u00ab\u00a0\u00c7a en est o\u00f9\u00a0?\u00a0\u00bb<\/em> Et les images r\u00e9apparaissent. Il faut une fin. <\/p>\n<p><em> <strong>Et les prochaines Assises, dans trois mois\u00a0?<\/strong> <\/em><\/p>\n<p>Cette fois, il arrive menott\u00e9 et ses deux demandes de mise en libert\u00e9 ont \u00e9t\u00e9 refus\u00e9es. Pour nous, c\u2019est mieux que l\u2019ann\u00e9e derni\u00e8re\u00a0! Mais on se demande comment \u00e7a va \u00eatre. Est-ce que le monde sportif va envoyer des gens\u00a0? La derni\u00e8re fois, il n\u2019y avait personne du minist\u00e8re, personne de la f\u00e9d\u00e9ration fran\u00e7aise de tennis. Ils ont r\u00e9agi apr\u00e8s, alors que c\u2019\u00e9tait tr\u00e8s grave. <\/p>\n<p><em> <strong>Trouvez-vous que les pouvoirs publics s\u2019occupent s\u00e9rieusement des violences sexuelles dans le Sport\u00a0?<\/strong> <\/em><\/p>\n<p>J\u2019ai \u00e9t\u00e9 conseill\u00e8re technique de Roselyne Bachelot, quand elle \u00e9tait ministre de la sant\u00e9 et des sports. Jamais r\u00e9mun\u00e9r\u00e9e d\u2019ailleurs. En f\u00e9vrier 2008, on a lanc\u00e9 le programme de luttes contre les violences sexuelles dans le sport. Et puis la secr\u00e9taire d\u2019Etat Rama Yade m\u2019a remerci\u00e9e\u00a0: le sujet d\u00e9pendait de ses services. Mais il faut sensibiliser les dirigeants des clubs partout en France. Il faut toucher les parents pour qu\u2019ils sachent recevoir la parole de la victime. Qu\u2019ils croient leur enfant. Il faut mettre des vigilances. Certains types qui ont \u00e9t\u00e9 condamn\u00e9s, ont \u00e9t\u00e9 r\u00e9embauch\u00e9s au nom de la deuxi\u00e8me chance. \u00c7a me d\u00e9range profond\u00e9ment. Aujourd\u2019hui ma passion c\u2019est mon association Tennis en libert\u00e9\u00a0; j\u2019accompagne des jeunes joueuses en animant des stages, je les renforce. Je suis tr\u00e8s fi\u00e8re de leurs progressions. <\/p>\n<p><em> <strong>Qu\u2019avez-vous ressenti au verdict il y a un an\u00a0?<\/strong> <\/em><\/p>\n<p>Les Assises, \u00e7a a \u00e9t\u00e9 dur. Quand on est t\u00e9moin, on n\u2019est pas accompagn\u00e9e par un avocat, on n\u2019a pas de rep\u00e8res. C\u2019est un journaliste qui m\u2019a conseill\u00e9e\u00a0: <em>\u00ab\u00a0vas-y avant, pour voir la salle\u00a0\u00bb<\/em>. Je suis rest\u00e9e \u00e0 la barre pour raconter pendant deux heures 40. J\u2019ai pu entendre les autres victimes. \u00c7a a \u00e9t\u00e9 tr\u00e8s fort. Au verdict, on reste pudique. On s\u2019est resserr\u00e9es, on s\u2019est pris les mains. Je ne l\u2019ai m\u00eame pas regard\u00e9. Ensuite on sort du tribunal, on r\u00e9pond \u00e0 la presse. Tout \u00e0 coup un policier dit\u00a0: <em>\u00ab\u00a0Poussez-vous\u00a0!\u00a0\u00bb<\/em> On se rend compte que c\u2019est lui, cach\u00e9 sous une couverture. Le plus rassurant, \u00e7a a \u00e9t\u00e9 de le voir embarqu\u00e9 dans le camion de police. J\u2019avais esp\u00e9r\u00e9 qu\u2019il aurait honte, et \u00e7a, je l\u2019ai vu. <\/p>\n<div id='gallery-1' class='gallery galleryid-7240 gallery-columns-3 gallery-size-thumbnail'><figure class='gallery-item'>\n\t\t\t<div class='gallery-icon landscape'>\n\t\t\t\t<a href='https:\/\/archives.regards.fr\/wp-content\/uploads\/2013\/11\/demongeot-32f.jpg'><img loading=\"lazy\" decoding=\"async\" width=\"150\" height=\"150\" src=\"https:\/\/archives.regards.fr\/wp-content\/uploads\/2013\/11\/demongeot-32f-150x150.jpg\" class=\"attachment-thumbnail size-thumbnail\" alt=\"demongeot.jpg\" \/><\/a>\n\t\t\t<\/div><\/figure>\n\t\t<\/div>\n\n","protected":false},"excerpt":{"rendered":"<p>Championne de France de tennis \u00e0 partir de 1989, Isabelle Demongeot a d\u00e9nonc\u00e9, en 2005, les viols \u00e0 r\u00e9p\u00e9tition de son entra\u00eeneur R\u00e9gis de Camaret quand elle avait entre 13 et 23 ans. Condamn\u00e9 aux Assises de Lyon \u00e0 huit ans de prison, le 23 novembre 2012, il vient de faire appel. Pour Isabelle Demongeot, il faudra t\u00e9moigner \u00e0 nouveau. <\/p>\n","protected":false},"author":1,"featured_media":19396,"comment_status":"open","ping_status":"open","sticky":false,"template":"","format":"standard","meta":{"_themeisle_gutenberg_block_has_review":false,"footnotes":""},"categories":[157],"tags":[293,317],"class_list":["post-7240","post","type-post","status-publish","format-standard","has-post-thumbnail","hentry","category-web","tag-entretien","tag-sport"],"_links":{"self":[{"href":"https:\/\/archives.regards.fr\/index.php?rest_route=\/wp\/v2\/posts\/7240","targetHints":{"allow":["GET"]}}],"collection":[{"href":"https:\/\/archives.regards.fr\/index.php?rest_route=\/wp\/v2\/posts"}],"about":[{"href":"https:\/\/archives.regards.fr\/index.php?rest_route=\/wp\/v2\/types\/post"}],"author":[{"embeddable":true,"href":"https:\/\/archives.regards.fr\/index.php?rest_route=\/wp\/v2\/users\/1"}],"replies":[{"embeddable":true,"href":"https:\/\/archives.regards.fr\/index.php?rest_route=%2Fwp%2Fv2%2Fcomments&post=7240"}],"version-history":[{"count":0,"href":"https:\/\/archives.regards.fr\/index.php?rest_route=\/wp\/v2\/posts\/7240\/revisions"}],"wp:featuredmedia":[{"embeddable":true,"href":"https:\/\/archives.regards.fr\/index.php?rest_route=\/wp\/v2\/media\/19396"}],"wp:attachment":[{"href":"https:\/\/archives.regards.fr\/index.php?rest_route=%2Fwp%2Fv2%2Fmedia&parent=7240"}],"wp:term":[{"taxonomy":"category","embeddable":true,"href":"https:\/\/archives.regards.fr\/index.php?rest_route=%2Fwp%2Fv2%2Fcategories&post=7240"},{"taxonomy":"post_tag","embeddable":true,"href":"https:\/\/archives.regards.fr\/index.php?rest_route=%2Fwp%2Fv2%2Ftags&post=7240"}],"curies":[{"name":"wp","href":"https:\/\/api.w.org\/{rel}","templated":true}]}}