{"id":7239,"date":"2013-11-25T11:55:29","date_gmt":"2013-11-25T10:55:29","guid":{"rendered":"https:\/\/wp.muchomaas.com\/ensemble-un-3e-pilier-pour-le7239\/"},"modified":"2013-11-25T11:55:29","modified_gmt":"2013-11-25T10:55:29","slug":"ensemble-un-3e-pilier-pour-le7239","status":"publish","type":"post","link":"https:\/\/archives.regards.fr\/?p=7239","title":{"rendered":"\u00abEnsemble\u00bb, la 3e force du Front de gauche"},"content":{"rendered":"<p>A la bourse du travail de Saint-Denis, 220 d\u00e9l\u00e9gu\u00e9s de 70 d\u00e9partements ont cr\u00e9\u00e9 une nouvelle force politique au sein du Front de Gauche, baptis\u00e9e\u00a0: \u00ab\u00a0Ensemble, Mouvement pour une alternative de gauche, \u00e9cologiste et solidaire\u00a0\u00bb. Avec ces Assises des 23 et 24 novembre 2013, une nouvelle \u00e9tape a \u00e9t\u00e9 franchie dans le processus de rapprochement entrepris depuis un an entre la F\u00e9d\u00e9ration pour une Alternative Sociale et Ecologique, la Gauche Anticapitaliste, les Alternatifs, Convergences &#038; Alternatives, des militants de la Gauche Unitaire, des animateurs du processus \u00abTous Ensemble\/Trait d\u2019Union\u00bb comme Christophe Aguiton et des collectifs locaux cr\u00e9\u00e9s en communs. Des cultures politiques traditionnellement diff\u00e9rentes, issues de la LCR, du courant autogestionnaire ou du PCF, font ainsi le choix de la mise en commun. <\/p>\n<p>Apr\u00e8s avoir adopt\u00e9 trois textes de r\u00e9f\u00e9rence sur l\u2019orientation politique, le projet programmatique et la force \u00e0 construire, \u00ab\u00a0Ensemble\u00a0\u00bb s\u2019est dot\u00e9 d\u2019une direction compos\u00e9e de repr\u00e9sentants des cinq organisations constitutives et de personnalit\u00e9s issues du mouvement social telles que Pierre Kalfa, Jeannette Abel, Evelyne Sire-Marin ou St\u00e9phane Lavignotte. \u00ab\u00a0Ensemble\u00a0\u00bb constituera une repr\u00e9sentation commune au sein de la coordination du Front de Gauche. Les d\u00e9l\u00e9gu\u00e9-e-s ont \u00e9galement planch\u00e9 sur les mobilisations sociales \u00e0 venir, la pr\u00e9paration de la manifestation pour une r\u00e9volution fiscale du 1er d\u00e9cembre initi\u00e9e par le Front de Gauche, les \u00e9lections municipales et europ\u00e9ennes. Le consensus a \u00e9t\u00e9 retenu comme mode principal de fonctionnement. L\u2019appel \u00e0 la novation dans les pratiques, pour qu\u2019elles soient moins pyramidales et plus horizontales, comme sur le terrain de la strat\u00e9gie et des id\u00e9es a fix\u00e9 un cap de travail. La refonte du lien entre social et politique est l\u2019une des identit\u00e9s affirm\u00e9e de ce mouvement. Pour se d\u00e9velopper, \u00ab\u00a0Ensemble\u00a0\u00bb a choisi de mettre le paquet sur un site Internet participatif : <a href=\"http:\/\/www.ensemble-fdg.org\/\">www.ensemble-fdg.org<\/a>.<\/p>\n<p>Apr\u00e8s une phase de v\u00e9rifications internes, le mouvement a donc d\u00e9cider de se tourner vers l\u2019ext\u00e9rieur\u00a0: <em>\u00ab\u00a0nous appelons tous les militants int\u00e9ress\u00e9s par ce projet et tous les groupes des organisations politiques constitutives \u00e0 constituer des collectifs locaux dans toutes les villes et r\u00e9gions, en trouvant \u00e0 chaque fois les modalit\u00e9s d\u2019action au consensus, qui permettent la participation la plus large\u00a0\u00bb<\/em> indique le relev\u00e9 de conclusion de la r\u00e9union. L\u2019objectif est de porter une strat\u00e9gie alternative aux logiques d\u2019adaptation sociale-lib\u00e9rale, en agissant pour un rassemblement majoritaire \u00e0 m\u00eame de conqu\u00e9rir une h\u00e9g\u00e9monie culturelle au service d\u2019une v\u00e9ritable politique de transformation sociale et \u00e9cologique. Autrement dit, \u00ab\u00a0Ensemble\u00a0\u00bb veut reconstruire un horizon d\u2019\u00e9mancipation, de d\u00e9passement du syst\u00e8me capitaliste et du productivisme. Il agira pour changer les rapports de force au sein de la gauche, pour y faire pr\u00e9valoir une orientation qui donne la priorit\u00e9 aux besoins sociaux et environnementaux et se nourrisse de l\u2019apport de tous les combats pour l&#8217;\u00e9mancipation. Une premi\u00e8re r\u00e9union du collectif national se tiendra en janvier 2014, o\u00f9 toutes les entit\u00e9s locales enverront leurs repr\u00e9sentants. \u00ab\u00a0Ensemble\u00a0\u00bb, c\u2019est parti.<\/p>\n","protected":false},"excerpt":{"rendered":"<p>A la bourse du travail de Saint-Denis, 220 d\u00e9l\u00e9gu\u00e9s de 70 d\u00e9partements ont cr\u00e9\u00e9 une nouvelle force politique au sein du Front de Gauche, baptis\u00e9e\u00a0: \u00ab\u00a0Ensemble, Mouvement pour une alternative de gauche, \u00e9cologiste et solidaire\u00a0\u00bb. Avec ces Assises des 23 et 24 novembre 2013, une nouvelle \u00e9tape a \u00e9t\u00e9 franchie dans le processus de rapprochement [&hellip;]<\/p>\n","protected":false},"author":1,"featured_media":0,"comment_status":"open","ping_status":"open","sticky":false,"template":"","format":"standard","meta":{"_themeisle_gutenberg_block_has_review":false,"footnotes":""},"categories":[157],"tags":[452],"class_list":["post-7239","post","type-post","status-publish","format-standard","hentry","category-web","tag-front-de-gauche"],"_links":{"self":[{"href":"https:\/\/archives.regards.fr\/index.php?rest_route=\/wp\/v2\/posts\/7239","targetHints":{"allow":["GET"]}}],"collection":[{"href":"https:\/\/archives.regards.fr\/index.php?rest_route=\/wp\/v2\/posts"}],"about":[{"href":"https:\/\/archives.regards.fr\/index.php?rest_route=\/wp\/v2\/types\/post"}],"author":[{"embeddable":true,"href":"https:\/\/archives.regards.fr\/index.php?rest_route=\/wp\/v2\/users\/1"}],"replies":[{"embeddable":true,"href":"https:\/\/archives.regards.fr\/index.php?rest_route=%2Fwp%2Fv2%2Fcomments&post=7239"}],"version-history":[{"count":0,"href":"https:\/\/archives.regards.fr\/index.php?rest_route=\/wp\/v2\/posts\/7239\/revisions"}],"wp:attachment":[{"href":"https:\/\/archives.regards.fr\/index.php?rest_route=%2Fwp%2Fv2%2Fmedia&parent=7239"}],"wp:term":[{"taxonomy":"category","embeddable":true,"href":"https:\/\/archives.regards.fr\/index.php?rest_route=%2Fwp%2Fv2%2Fcategories&post=7239"},{"taxonomy":"post_tag","embeddable":true,"href":"https:\/\/archives.regards.fr\/index.php?rest_route=%2Fwp%2Fv2%2Ftags&post=7239"}],"curies":[{"name":"wp","href":"https:\/\/api.w.org\/{rel}","templated":true}]}}