{"id":7224,"date":"2013-11-22T10:00:00","date_gmt":"2013-11-22T09:00:00","guid":{"rendered":"https:\/\/wp.muchomaas.com\/ensemble-naissance-d-un-troisieme7224\/"},"modified":"2023-06-23T23:15:59","modified_gmt":"2023-06-23T21:15:59","slug":"ensemble-naissance-d-un-troisieme7224","status":"publish","type":"post","link":"https:\/\/archives.regards.fr\/?p=7224","title":{"rendered":"Ensemble : naissance d\u2019un \u00abtroisi\u00e8me pilier\u00bb dans le Front de gauche"},"content":{"rendered":"<p class=\"post_excerpt\">Ce week-end,<br \/>\nun nouveau mouvement verra le jour<br \/>\nau sein du Front de gauche.<br \/>\nChristophe Aguiton, l\u2019un des initiateurs,<br \/>\nnous \u00e9claire sur la gen\u00e8se et les enjeux<br \/>\nde cette troisi\u00e8me force. Entretien.<\/p>\n<p><strong>Regards.fr.<\/strong> <em> <strong>Comment est n\u00e9e cette id\u00e9e de<br \/>\nprocessus nomm\u00e9 \u00ab Ensemble \u00bb ?<\/strong> <\/em><\/p>\n<p><strong>Christophe Aguiton.<\/strong> C\u2019est un processus qui a d\u00e9marr\u00e9 pendant<br \/>\nla campagne pr\u00e9sidentielle de<br \/>\n2012. La dynamique de celle-ci a attir\u00e9<br \/>\ndes dizaines de milliers de personnes<br \/>\nvers le Front de gauche, mais elle a<br \/>\naussi pos\u00e9 deux probl\u00e8mes politiques,<br \/>\n\u00e0 savoir : comment permettre \u00e0 ces militants<br \/>\nou simples citoyens de s\u2019int\u00e9grer<br \/>\nau Front de gauche ? Et par voie de<br \/>\ncons\u00e9quence, quelle devait \u00eatre la place<br \/>\ndes composantes constitu\u00e9es dans<br \/>\nle Front de gauche ?<\/p>\n<p>Ce d\u00e9bat a port\u00e9 sur toute une s\u00e9rie<br \/>\nde choses : comment aller vers des<br \/>\nadh\u00e9sions directes au Front de gauche,<br \/>\nquelle place donner aux assembl\u00e9es<br \/>\ncitoyennes, aux fronts th\u00e9matiques,<br \/>\netc. Et il a amen\u00e9 des responsables<br \/>\nde plusieurs \u00ab petites \u00bb composantes<br \/>\ndu Front de gauche, Convergence et<br \/>\nalternatives, Gauche unitaire et la F\u00e9d\u00e9ration<br \/>\npour une alternative sociale et<br \/>\n\u00e9cologiste [FASE, ndlr] ainsi que des<br \/>\ncourants s\u2019int\u00e9grant \u00e0 la campagne<br \/>\n\u00e9lectorale comme les Alternatifs et la<br \/>\nGauche anticapitaliste \u00e0 se r\u00e9unir avec<br \/>\ndes militants issus du mouvement social<br \/>\npour r\u00e9fl\u00e9chir \u00e0 ces questions et tenter<br \/>\nun rapprochement politique.<\/p>\n<p>Des rencontres ont donc eu lieu durant<br \/>\ntoute l\u2019ann\u00e9e 2012, dans un processus<br \/>\nappel\u00e9 \u00ab Tous ensemble \u00bb, mais sans<br \/>\npermettre de faire un r\u00e9el saut qualitatif.<br \/>\nPlusieurs raisons \u00e0 cela, certains voulaient<br \/>\ndonner la priorit\u00e9 \u00e0 l\u2019\u00e9largissement<br \/>\ndu Front de gauche et aux adh\u00e9sions directes,<br \/>\nd\u2019autres voulaient tester des rapprochements<br \/>\npossibles avec le Parti de<br \/>\ngauche, d\u2019autres enfin voulaient v\u00e9rifier<br \/>\nla solidit\u00e9 des accords politiques avant<br \/>\nde se lancer dans un rapprochement.<\/p>\n<p>En parall\u00e8le, \u00e0 la fin 2012, les cinq<br \/>\norganisations ont commenc\u00e9 \u00e0 se r\u00e9unir<br \/>\nentre elles, \u00e0 \u00e9laborer des textes<br \/>\ncommuns et ont publi\u00e9 un bulletin,<br \/>\n\u00ab Trait d\u2019union \u00bb. Finalement les deux<br \/>\nprocessus ont fusionn\u00e9, ce qui a permis<br \/>\nla tenue d\u2019une r\u00e9union nationale le<br \/>\n15 juin 2013 qui a d\u00e9cid\u00e9 de lancer le<br \/>\nprocessus de rapprochement entre ces<br \/>\nforces \u2013 sauf pour la Gauche unitaire<br \/>\nqui s\u2019est divis\u00e9e en deux, moiti\u00e9 pour et<br \/>\nmoiti\u00e9 contre. Les 23 et 24 novembre,<br \/>\nun nouveau mouvement va donc se<br \/>\ncr\u00e9er, pour une \u00e9tape de transition pendant<br \/>\nlaquelle les courants constituants<br \/>\ncontinueront \u00e0 exister.<\/p>\n<p><em> <strong>Quelle est votre identit\u00e9 politique ?<\/strong> <\/em><\/p>\n<p>Le mouvement qui va se cr\u00e9er est issu<br \/>\nde trois cultures politiques : une partie<br \/>\nvient de la LCR ou du NPA, une autre de la culture communiste, avec l\u2019Association<br \/>\ndes communistes unitaires et<br \/>\nune troisi\u00e8me de la culture alternative,<br \/>\ntr\u00e8s pr\u00e9sente \u00e0 la FASE et bien s\u00fbr chez<br \/>\nles Alternatifs. Mais ce qui fait la force<br \/>\nde ce rapprochement, c\u2019est l\u2019existence<br \/>\nd\u2019accords politiques qui ont \u00e9t\u00e9 v\u00e9rifi\u00e9s<br \/>\npar la pratique commune de ces diff\u00e9rents<br \/>\ncourants sur de nombreux terrains<br \/>\n: l\u2019internationalisme avec le mouvement<br \/>\naltermondialiste, l\u2019\u00e9cologie avec<br \/>\ndes luttes comme celle de Notre-Damedes-<br \/>\nLandes, le f\u00e9minisme, la d\u00e9fense et<br \/>\nla promotion des pratiques alternatives,<br \/>\nle refus de toute hi\u00e9rarchie et subordination<br \/>\nentre forces politiques et le mouvement<br \/>\nsocial, la conviction de la n\u00e9cessit\u00e9<br \/>\nd\u2019une refonte radicale des pratiques<br \/>\nd\u00e9mocratiques, etc.<\/p>\n<p><em> <strong>Quel r\u00f4le entendez-vous jouer<br \/>\ndans le Front de gauche ? Quelle<br \/>\nest votre valeur ajout\u00e9e ?<\/strong> <\/em><\/p>\n<p>Ce nouveau mouvement peut apporter<br \/>\ntrois \u00e9l\u00e9ments importants pour le Front<br \/>\nde gauche.<br \/>\nTout d\u2019abord un \u00e9largissement politique<br \/>\ngr\u00e2ce \u00e0 une sensibilit\u00e9 \u00e0 des questions<br \/>\nqui ne sont pas ou peu port\u00e9es par le<br \/>\nPCF et le PG. Deux exemples pour \u00eatre<br \/>\nplus concret. Il s\u2019est tenu \u00e0 Bayonne,<br \/>\nil y a un mois, une initiative tr\u00e8s importante<br \/>\npour promouvoir les pratiques<br \/>\nalternatives, sociales et \u00e9cologiques,<br \/>\n\u00ab Alternatiba \u00bb qui a r\u00e9uni plus de 10<br \/>\n000 personnes, venant du pays basque<br \/>\net au-del\u00e0 ; le Front de gauche devrait<br \/>\ns\u2019impliquer massivement dans ce type<br \/>\nd\u2019initiative et le mouvement en gestation<br \/>\npeut y aider. Et si l\u2019on regarde les<br \/>\nmobilisations internationales les plus<br \/>\nr\u00e9centes, deux d\u2019entre elles, en Turquie<br \/>\net au Br\u00e9sil, ont port\u00e9 sur des questions<br \/>\nurbaines, une th\u00e9matique mise<br \/>\nen avant par le g\u00e9ographe David Harvey<br \/>\nsous le nom de \u00ab Droit \u00e0 la ville \u00bb<br \/>\net qui pourrait inspirer le Front de<br \/>\ngauche ; l\u00e0 aussi le nouveau mouvement<br \/>\npourrait le faciliter\u2026<\/p>\n<p>C\u2019est ensuite l\u2019insistance dans l\u2019id\u00e9e<br \/>\nque le Front de gauche doit s\u2019\u00e9largir<br \/>\npolitiquement mais aussi socialement,<br \/>\net que cela ne peut se faire par la simple<br \/>\ncroissance des partis constituant le<br \/>\nFront de gauche. Peu parmi les dizaines<br \/>\nde milliers de personnes qui se sont investis<br \/>\ndans la campagne pr\u00e9sidentielle<br \/>\nde 2012 rejoindront le PCF, le PG ou<br \/>\nnotre nouveau mouvement. Il faut donc<br \/>\npermettre des adh\u00e9sions directes, revivifier<br \/>\nles assembl\u00e9es citoyennes, etc.<br \/>\nEt, enfin, l\u2019existence d\u2019une troisi\u00e8me<br \/>\ncomposante peut aider \u00e0 r\u00e9duire les tensions qui existent dans le Front de<br \/>\ngauche. Aujourd\u2019hui, le Front est compos\u00e9<br \/>\nde deux partis importants et de<br \/>\npetites composantes qui ne p\u00e8sent<br \/>\nque tr\u00e8s peu. Tout d\u00e9saccord entre le<br \/>\nPCF et le PG se transforme alors en<br \/>\nun bras de fer que personne ne peut<br \/>\nd\u00e9sarmer. Le simple fait d\u2019\u00eatre trois composantes<br \/>\nimportantes devrait permettre<br \/>\nde d\u00e9crisper, et donc de stabiliser, les<br \/>\nrelations en interne.<\/p>\n<p><em> <strong>Avez-vous un partenaire privil\u00e9gi\u00e9<br \/>\ndans le Front de gauche ?<\/strong> <\/em><\/p>\n<p>Non, car tout d\u00e9pend des sujets et des<br \/>\nterrains. Pour ce qui est des municipales,<br \/>\nnous sommes tous en faveur de<br \/>\nlistes autonomes du Front de gauche<br \/>\nau premier tour, ce qui nous situe du<br \/>\nc\u00f4t\u00e9 du PG. Mais sur d\u2019autres sujets,<br \/>\non peut penser \u00e0 \u00ab l\u2019unit\u00e9 de la R\u00e9publique<br \/>\n\u00bb telle que le PG l\u2019a d\u00e9fendue en<br \/>\nAlsace pendant le r\u00e9f\u00e9rendum r\u00e9gional,<br \/>\nou encore aux r\u00e8gles de fonctionnement<br \/>\ninterne, nous serons tr\u00e8s loin du PG.<\/p>\n<p><em> <strong>Comment appr\u00e9hendez-vous la s\u00e9quence<br \/>\nmunicipales\/europ\u00e9ennes<br \/>\nqui s\u2019annonce ?<\/strong> <\/em><\/p>\n<p>Nous ferons campagne avec des listes<br \/>\nautonomes au premier tour dans toutes<br \/>\nles grandes villes, mais nous sommes en<br \/>\nm\u00eame temps convaincus que la p\u00e9rennit\u00e9<br \/>\ndu Front de gauche est essentielle.<br \/>\nPlus vite nous aurons donc un accord<br \/>\npour les Europ\u00e9ennes, mieux ce sera !<div id='gallery-1' class='gallery galleryid-7224 gallery-columns-3 gallery-size-thumbnail'><figure class='gallery-item'>\n\t\t\t<div class='gallery-icon landscape'>\n\t\t\t\t<a href='https:\/\/archives.regards.fr\/wp-content\/uploads\/2013\/11\/aguiton-2-a7e.jpg'><img loading=\"lazy\" decoding=\"async\" width=\"150\" height=\"150\" src=\"https:\/\/archives.regards.fr\/wp-content\/uploads\/2013\/11\/aguiton-2-a7e-150x150.jpg\" class=\"attachment-thumbnail size-thumbnail\" alt=\"aguiton-2.jpg\" \/><\/a>\n\t\t\t<\/div><\/figure>\n\t\t<\/div>\n<\/p>\n","protected":false},"excerpt":{"rendered":"<p>Ce week-end,<br \/>\nun nouveau mouvement verra le jour<br \/>\nau sein du Front de gauche.<br \/>\nChristophe Aguiton, l\u2019un des initiateurs,<br \/>\nnous \u00e9claire sur la gen\u00e8se et les enjeux<br \/>\nde cette troisi\u00e8me force. Entretien.<\/p>\n","protected":false},"author":1,"featured_media":19364,"comment_status":"open","ping_status":"open","sticky":false,"template":"","format":"standard","meta":{"_themeisle_gutenberg_block_has_review":false,"footnotes":""},"categories":[1],"tags":[293,452],"class_list":["post-7224","post","type-post","status-publish","format-standard","has-post-thumbnail","hentry","category-non-classe","tag-entretien","tag-front-de-gauche"],"_links":{"self":[{"href":"https:\/\/archives.regards.fr\/index.php?rest_route=\/wp\/v2\/posts\/7224","targetHints":{"allow":["GET"]}}],"collection":[{"href":"https:\/\/archives.regards.fr\/index.php?rest_route=\/wp\/v2\/posts"}],"about":[{"href":"https:\/\/archives.regards.fr\/index.php?rest_route=\/wp\/v2\/types\/post"}],"author":[{"embeddable":true,"href":"https:\/\/archives.regards.fr\/index.php?rest_route=\/wp\/v2\/users\/1"}],"replies":[{"embeddable":true,"href":"https:\/\/archives.regards.fr\/index.php?rest_route=%2Fwp%2Fv2%2Fcomments&post=7224"}],"version-history":[{"count":0,"href":"https:\/\/archives.regards.fr\/index.php?rest_route=\/wp\/v2\/posts\/7224\/revisions"}],"wp:featuredmedia":[{"embeddable":true,"href":"https:\/\/archives.regards.fr\/index.php?rest_route=\/wp\/v2\/media\/19364"}],"wp:attachment":[{"href":"https:\/\/archives.regards.fr\/index.php?rest_route=%2Fwp%2Fv2%2Fmedia&parent=7224"}],"wp:term":[{"taxonomy":"category","embeddable":true,"href":"https:\/\/archives.regards.fr\/index.php?rest_route=%2Fwp%2Fv2%2Fcategories&post=7224"},{"taxonomy":"post_tag","embeddable":true,"href":"https:\/\/archives.regards.fr\/index.php?rest_route=%2Fwp%2Fv2%2Ftags&post=7224"}],"curies":[{"name":"wp","href":"https:\/\/api.w.org\/{rel}","templated":true}]}}