{"id":7223,"date":"2013-11-18T17:15:29","date_gmt":"2013-11-18T16:15:29","guid":{"rendered":"https:\/\/wp.muchomaas.com\/emmanuel-maurel-repond-a-notre7223\/"},"modified":"2013-11-18T17:15:29","modified_gmt":"2013-11-18T16:15:29","slug":"emmanuel-maurel-repond-a-notre7223","status":"publish","type":"post","link":"https:\/\/archives.regards.fr\/?p=7223","title":{"rendered":"Emmanuel Maurel r\u00e9pond \u00e0 notre questionnaire de Proust"},"content":{"rendered":"<p class=\"post_excerpt\">Le PS vient de d\u00e9signer ses chefs de file pour les \u00e9lections europ\u00e9ennes du printemps prochain. \u00c0 son aile gauche, Emmanuel Maurel esp\u00e9rait obtenir la t\u00eate de liste de l&#8217;une des grandes r\u00e9gions. Les m\u00e9dias l&#8217;avaient annonc\u00e9 dans le Sud-Ouest. Le voil\u00e0 deuxi\u00e8me de liste dans le Grand Ouest, derri\u00e8re Isabelle Thomas. Le PS a pr\u00e9f\u00e9r\u00e9 dans le sud donner la premi\u00e8re place \u00e0 un PRG plut\u00f4t qu&#8217;au leader de la motion arriv\u00e9e en deuxi\u00e8me position au dernier Congr\u00e8s. Combien de temps Emmanuel Maurel et ses amis supporteront-ils d&#8217;avaler la ligne et les mises \u00e0 l&#8217;\u00e9cart de la majorit\u00e9 de leur parti ? En attendant, le vice-pr\u00e9sident du conseil r\u00e9gional d\u2019Ile-de-France charg\u00e9 de la formation professionnelle et animateur du courant Maintenant la Gauche a r\u00e9pondu \u00e0 notre mini questionnaire de Proust.<\/p>\n<ul>\n<li> <strong>Ma vertu pr\u00e9f\u00e9r\u00e9e<\/strong><\/li>\n<li> La bienveillance.<\/li>\n<li> <strong>Ce que j\u2019appr\u00e9cie le plus chez mes ami-e-s<\/strong><\/li>\n<li> Leur indulgence.<\/li>\n<li> <strong>Mon principal d\u00e9faut<\/strong><\/li>\n<li> Rancunier.<\/li>\n<li> <strong>Mon occupation pr\u00e9f\u00e9r\u00e9e<\/strong><\/li>\n<li> D\u00e9couvrir, admirer.<\/li>\n<li> <strong>Mon r\u00eave de bonheur<\/strong><\/li>\n<li> En ce moment : boire un \u00ab spritz \u00bb sur les Zattere \u00e0 Venise en \u00e9t\u00e9.<\/li>\n<li> <strong>Ce que je voudrais \u00eatre<\/strong><\/li>\n<li> Dans une autre vie, un cr\u00e9ateur.<\/li>\n<li> <strong>Le pays o\u00f9 je d\u00e9sirerais vivre<\/strong><\/li>\n<li> J\u2019aime trop la France pour vivre longtemps ailleurs.<\/li>\n<li> <strong>Ma couleur pr\u00e9f\u00e9r\u00e9e<\/strong><\/li>\n<li> Vert for\u00eat, rouge sang.<\/li>\n<li> <strong>La fleur que j\u2019aime<\/strong><\/li>\n<li> La pivoine.<\/li>\n<li> <strong>Mes auteurs favoris en prose<\/strong><\/li>\n<li> Chateaubriand, Flaubert, Tolsto\u00ef, Michelet, Giono.<\/li>\n<li> <strong>Mes h\u00e9ros dans la fiction<\/strong><\/li>\n<li> Robinson Cruso\u00e9, le baron perch\u00e9, Aliocha Karamazov, Fabrice Del Dongo, Tony Soprano.<\/li>\n<li> <strong>Mes h\u00e9ro\u00efnes favorites dans la fiction<\/strong><\/li>\n<li> Anna Kar\u00e9nine, les demoiselles de Rochefort, Daenerys Targaryen, Birgitte Nyborg.<\/li>\n<li> <strong>Mes h\u00e9ros dans la vie r\u00e9elle<\/strong><\/li>\n<li> Trop de h\u00e9ros morts, pas assez de vivants.<\/li>\n<li> <strong>Mes h\u00e9ro\u00efnes de l\u2019histoire<\/strong><\/li>\n<li> Jeanne D\u2019Arc, Madame de Sta\u00ebl, Flora Tristan.<\/li>\n<li><strong> Ce que je d\u00e9teste par-dessus tout<\/strong><\/li>\n<li> Le cynisme.<\/li>\n<li> <strong>Personnages historiques que je m\u00e9prise le plus<\/strong><\/li>\n<li> Je d\u00e9teste parfois, mais ne m\u00e9prise jamais.<\/li>\n<li> <strong>La r\u00e9forme que j\u2019estime le plus<\/strong><\/li>\n<li> Les cong\u00e9s pay\u00e9s.<\/li>\n<li> <strong>Les fautes qui m\u2019inspirent le plus d\u2019indulgence<\/strong><\/li>\n<li> La plupart.<\/li>\n<li> <strong>Ma devise<\/strong><\/li>\n<li> \u00ab Debout ! Dans l\u2019\u00e8re successive ! \u00bb<\/li>\n<li> <strong>Mon \u00e9tat d\u2019esprit actuel<\/strong><\/li>\n<li> Vigilant.<\/li>\n<\/ul>\n","protected":false},"excerpt":{"rendered":"<p>Le PS vient de d\u00e9signer ses chefs de file pour les \u00e9lections europ\u00e9ennes du printemps prochain. \u00c0 son aile gauche, Emmanuel Maurel esp\u00e9rait obtenir la t\u00eate de liste de l&#8217;une des grandes r\u00e9gions. Les m\u00e9dias l&#8217;avaient annonc\u00e9 dans le Sud-Ouest. Le voil\u00e0 deuxi\u00e8me de liste dans le Grand Ouest, derri\u00e8re Isabelle Thomas. Le PS a pr\u00e9f\u00e9r\u00e9 dans le sud donner la premi\u00e8re place \u00e0 un PRG plut\u00f4t qu&#8217;au leader de la motion arriv\u00e9e en deuxi\u00e8me position au dernier Congr\u00e8s. Combien de temps Emmanuel Maurel et ses amis supporteront-ils d&#8217;avaler la ligne et les mises \u00e0 l&#8217;\u00e9cart de la majorit\u00e9 de leur parti ? En attendant, le vice-pr\u00e9sident du conseil r\u00e9gional d\u2019Ile-de-France charg\u00e9 de la formation professionnelle et animateur du courant Maintenant la Gauche a r\u00e9pondu \u00e0 notre mini questionnaire de Proust.<\/p>\n","protected":false},"author":1,"featured_media":0,"comment_status":"open","ping_status":"open","sticky":false,"template":"","format":"standard","meta":{"_themeisle_gutenberg_block_has_review":false,"footnotes":""},"categories":[1],"tags":[390],"class_list":["post-7223","post","type-post","status-publish","format-standard","hentry","category-non-classe","tag-parti-socialiste"],"_links":{"self":[{"href":"https:\/\/archives.regards.fr\/index.php?rest_route=\/wp\/v2\/posts\/7223","targetHints":{"allow":["GET"]}}],"collection":[{"href":"https:\/\/archives.regards.fr\/index.php?rest_route=\/wp\/v2\/posts"}],"about":[{"href":"https:\/\/archives.regards.fr\/index.php?rest_route=\/wp\/v2\/types\/post"}],"author":[{"embeddable":true,"href":"https:\/\/archives.regards.fr\/index.php?rest_route=\/wp\/v2\/users\/1"}],"replies":[{"embeddable":true,"href":"https:\/\/archives.regards.fr\/index.php?rest_route=%2Fwp%2Fv2%2Fcomments&post=7223"}],"version-history":[{"count":0,"href":"https:\/\/archives.regards.fr\/index.php?rest_route=\/wp\/v2\/posts\/7223\/revisions"}],"wp:attachment":[{"href":"https:\/\/archives.regards.fr\/index.php?rest_route=%2Fwp%2Fv2%2Fmedia&parent=7223"}],"wp:term":[{"taxonomy":"category","embeddable":true,"href":"https:\/\/archives.regards.fr\/index.php?rest_route=%2Fwp%2Fv2%2Fcategories&post=7223"},{"taxonomy":"post_tag","embeddable":true,"href":"https:\/\/archives.regards.fr\/index.php?rest_route=%2Fwp%2Fv2%2Ftags&post=7223"}],"curies":[{"name":"wp","href":"https:\/\/api.w.org\/{rel}","templated":true}]}}