{"id":7209,"date":"2013-11-14T15:31:11","date_gmt":"2013-11-14T14:31:11","guid":{"rendered":"https:\/\/wp.muchomaas.com\/gauche-unitaire-quel-avenir7209\/"},"modified":"2023-06-23T23:15:57","modified_gmt":"2023-06-23T21:15:57","slug":"gauche-unitaire-quel-avenir7209","status":"publish","type":"post","link":"https:\/\/archives.regards.fr\/?p=7209","title":{"rendered":"Gauche unitaire : quel avenir ? Trois questions \u00e0 Francis Sitel"},"content":{"rendered":"<p class=\"post_excerpt\">Le week-end dernier, lors de son Conseil national, Gauche unitaire &#8211; une des organisations du Front de gauche compos\u00e9e initialement de dissidents NPA &#8211; s&#8217;interrogeait sur sa participation au mouvement Ensemble, le regroupement des composantes du FdG, hors PCF et PG. Pour en savoir plus, nous avons pos\u00e9 trois questions \u00e0 Francis Sitel, un des fondateurs de Gauche unitaire.<\/p>\n<p><strong>Regards.fr.<\/strong> <em> <strong>Le Conseil national de Gauche unitaire s&#8217;est d\u00e9roul\u00e9 dans un contexte particulier, entre les tensions qui existent au Front de gauche, et la tentative de regroupement de certaines de ces composantes via le mouvement Ensemble. Quel en \u00e9tait l&#8217;enjeu ?<\/strong> <\/em><\/p>\n<p><strong>Francis Sitel. <\/strong> Trois th\u00e8mes \u00e9taient \u00e0 l&#8217;ordre du jour de ce Conseil national . Une discussion sur la situation politique, sans r\u00e9solution soumise au vote. Une autre sur le Front de gauche et les tensions qui le travaillent, deux projets de d\u00e9claration publique ont \u00e9t\u00e9 soumises au vote, le n\u00f4tre \u00e9tant minoritaire. Et une troisi\u00e8me sur le devenir de Gauche unitaire [GU, ndlr].<br \/>\nCe dernier th\u00e8me repr\u00e9sentait l&#8217;enjeu d\u00e9cisif de ce Conseil. En effet, une majorit\u00e9 du Conseil consid\u00e8re que les divergences entre nous &#8211; en particulier quant \u00e0 l&#8217;insertion dans le processus de regroupement des composantes d&#8217;Ensemble, lequel va franchir un saut qualitatif fin novembre -, rendent impossible la cohabitation entre nous. Ces camarades ont donc d\u00e9cid\u00e9 d&#8217;une \u00ab conf\u00e9rence de s\u00e9paration \u00bb pour les 7-8 d\u00e9cembre prochains.<br \/>\nMalgr\u00e9 de nombreuses motions de sections, un appel de 112 militants, un avis majoritaire de la Commission de contr\u00f4le des statuts consid\u00e9rant comme contraire aux statuts une telle proc\u00e9dure, et malgr\u00e9 nos efforts au cours de cette session, la majorit\u00e9 du Conseil a confirm\u00e9 sa volont\u00e9 de \u00ab s\u00e9paration \u00bb.<\/p>\n<p><em> <strong>Quelles ont \u00e9t\u00e9 les positions exprim\u00e9es et que repr\u00e9sentent-elles dans la mouvance de Gauche unitaire?<\/strong> <\/em><\/p>\n<p>Pour notre part nous consid\u00e9rons que le processus de regroupement avec Ensemble est positif. Cela rel\u00e8ve du bon sens de travailler \u00e0 rapprocher des composantes qui sont actives au sein du Front de gauche, aujourd&#8217;hui dispers\u00e9es alors qu\u2019elles partagent nombre de positions communes et une vision partag\u00e9e de ce que devrait \u00eatre le devenir du Front de gauche.<br \/>\nNous consid\u00e9rons que les camarades qui s&#8217;y opposent se trompent lorsqu&#8217;ils affirment que va se constituer un \u00ab p\u00f4le d&#8217;extr\u00eame gauche \u00bb appel\u00e9 \u00e0 d\u00e9stabiliser le Front de gauche. Selon nous c&#8217;est le contraire. Il ne s&#8217;agit pas de cr\u00e9er un nouveau parti, sur des bases gauchistes, mais d\u2019\u0153uvrer \u00e0 un rapprochement de forces d\u00e9fendant des positions constructives pour tout le Front de gauche. Si un tel rapprochement se consolide ce ne peut qu&#8217;\u00eatre utile \u00e0 tout le Front de gauche,voire au-del\u00e0.<br \/>\nPar ailleurs, en fonction des situations locales, il existe diff\u00e9rentes appr\u00e9ciations de la part de camarades de GU, certains sont loin d&#8217;\u00eatre convaincus de l&#8217;int\u00e9r\u00eat de ce rapprochement. Il y a donc un d\u00e9bat indispensable dans GU et autour de GU. Ce qui est inacceptable c&#8217;est la volont\u00e9 d&#8217;emp\u00eacher ce d\u00e9bat et que s&#8217;exprime par des votes ce qu&#8217;en pensent les militants de l\u2019organisation.<\/p>\n<p><em> <strong>Quel est le devenir de GU et, dans cet ensemble, celui peut-\u00eatre de Christian Picquet ?<\/strong> <\/em><\/p>\n<p>GU traverse une passe d\u00e9licate et dangereuse. Il est \u00e9videment hors de question de contraindre quiconque : nous participons au processus de regroupement en tant que militants de GU, d&#8217;autres camarades s&#8217;y refusent et certains s\u2019engagent, \u00e9galement en tant que militants de GU, dans d&#8217;autres initiatives politiques. C&#8217;est \u00e9galement le cas de nos trois porte-parole, dont Christian Picquet.<br \/>\nReste l&#8217;enjeu d\u00e9mocratique au sein de GU. Pour notre part nous refusons la logique scissionniste que les camarades majoritaires au Conseil ont engag\u00e9 de mani\u00e8re administrative et autoritaire.Nous en appelons \u00e0 la tenue d&#8217;un congr\u00e8s de l&#8217;organisation, ce qui selon les statuts implique que les deux tiers des membres de l\u2019organisation en fasse la demande. Nous engageons cette d\u00e9marche parce que nous sommes convaincus que le d\u00e9bat d\u00e9mocratique est seul en mesure d&#8217;apporter une r\u00e9ponse positive \u00e0 la crise que conna\u00eet GU.<div id='gallery-1' class='gallery galleryid-7209 gallery-columns-3 gallery-size-thumbnail'><figure class='gallery-item'>\n\t\t\t<div class='gallery-icon landscape'>\n\t\t\t\t<a href='https:\/\/archives.regards.fr\/wp-content\/uploads\/2013\/11\/gu-c62.png'><img loading=\"lazy\" decoding=\"async\" width=\"150\" height=\"150\" src=\"https:\/\/archives.regards.fr\/wp-content\/uploads\/2013\/11\/gu-c62-150x150.png\" class=\"attachment-thumbnail size-thumbnail\" alt=\"gu.png\" \/><\/a>\n\t\t\t<\/div><\/figure>\n\t\t<\/div>\n<\/p>\n","protected":false},"excerpt":{"rendered":"<p>Le week-end dernier, lors de son Conseil national, Gauche unitaire &#8211; une des organisations du Front de gauche compos\u00e9e initialement de dissidents NPA &#8211; s&#8217;interrogeait sur sa participation au mouvement Ensemble, le regroupement des composantes du FdG, hors PCF et PG. Pour en savoir plus, nous avons pos\u00e9 trois questions \u00e0 Francis Sitel, un des fondateurs de Gauche unitaire.<\/p>\n","protected":false},"author":328,"featured_media":19338,"comment_status":"open","ping_status":"open","sticky":false,"template":"","format":"standard","meta":{"_themeisle_gutenberg_block_has_review":false,"footnotes":""},"categories":[157],"tags":[293,452],"class_list":["post-7209","post","type-post","status-publish","format-standard","has-post-thumbnail","hentry","category-web","tag-entretien","tag-front-de-gauche"],"_links":{"self":[{"href":"https:\/\/archives.regards.fr\/index.php?rest_route=\/wp\/v2\/posts\/7209","targetHints":{"allow":["GET"]}}],"collection":[{"href":"https:\/\/archives.regards.fr\/index.php?rest_route=\/wp\/v2\/posts"}],"about":[{"href":"https:\/\/archives.regards.fr\/index.php?rest_route=\/wp\/v2\/types\/post"}],"author":[{"embeddable":true,"href":"https:\/\/archives.regards.fr\/index.php?rest_route=\/wp\/v2\/users\/328"}],"replies":[{"embeddable":true,"href":"https:\/\/archives.regards.fr\/index.php?rest_route=%2Fwp%2Fv2%2Fcomments&post=7209"}],"version-history":[{"count":0,"href":"https:\/\/archives.regards.fr\/index.php?rest_route=\/wp\/v2\/posts\/7209\/revisions"}],"wp:featuredmedia":[{"embeddable":true,"href":"https:\/\/archives.regards.fr\/index.php?rest_route=\/wp\/v2\/media\/19338"}],"wp:attachment":[{"href":"https:\/\/archives.regards.fr\/index.php?rest_route=%2Fwp%2Fv2%2Fmedia&parent=7209"}],"wp:term":[{"taxonomy":"category","embeddable":true,"href":"https:\/\/archives.regards.fr\/index.php?rest_route=%2Fwp%2Fv2%2Fcategories&post=7209"},{"taxonomy":"post_tag","embeddable":true,"href":"https:\/\/archives.regards.fr\/index.php?rest_route=%2Fwp%2Fv2%2Ftags&post=7209"}],"curies":[{"name":"wp","href":"https:\/\/api.w.org\/{rel}","templated":true}]}}