{"id":7189,"date":"2013-11-07T11:59:33","date_gmt":"2013-11-07T10:59:33","guid":{"rendered":"https:\/\/wp.muchomaas.com\/le-fn-ou-l-eternel-recommencement7189\/"},"modified":"2013-11-07T11:59:33","modified_gmt":"2013-11-07T10:59:33","slug":"le-fn-ou-l-eternel-recommencement7189","status":"publish","type":"post","link":"https:\/\/archives.regards.fr\/?p=7189","title":{"rendered":"Le FN, c&#8217;est toujours la m\u00eame histoire"},"content":{"rendered":"<p>Dominique Albertini et David Doucet, respectivement journalistes \u00e0 <em>Lib\u00e9ration<\/em> et aux <em>Inrockuptibles<\/em>, livrent une enqu\u00eate rigoureuse jalonn\u00e9e de nouvelles r\u00e9v\u00e9lations sur l\u2019histoire du FN. L\u2019une des suggestions les plus int\u00e9ressantes \u00e9mise par les auteurs se r\u00e9sume cependant \u00e0 une question\u00a0: ne peut-on pas consid\u00e9rer l\u2019histoire du FN comme l\u2019\u00e9ternel recommencement d\u2019une entreprise de d\u00e9diabolisation\u00a0? En effet le FN est cr\u00e9\u00e9 en 1972 pour rendre respectable Ordre nouveau, et ce n\u2019est qu\u2019au terme d\u2019une lutte fratricide que Le Pen est parvenu \u00e0 s\u2019en approprier le nom\u00a0; dans les ann\u00e9es 1980-1990 Bruno M\u00e9gret, qui quitte le RPR en 1982, s\u2019att\u00e8le \u00e0 <em>\u00ab\u00a0recentrer\u00a0\u00bb<\/em> le FN et \u00e0 briser son ostracisme dans le but de l\u2019amener aux responsabilit\u00e9s\u00a0; enfin Marine Le Pen tente depuis 2011 \u2013 avec un relatif succ\u00e8s \u2013 d\u2019expurger son parti de ses membres les plus folkloriques pour appara\u00eetre en femme politique cr\u00e9dible et responsable. Chaque fois pourtant le FN a replong\u00e9 dans la radicalisation. Dans les ann\u00e9es 1970 le FN tombe sous l\u2019influence des nationalistes r\u00e9volutionnaires de Fran\u00e7ois Duprat\u00a0; en 1988 Le Pen d\u00e9rape et chute sur un fameux <em>\u00ab\u00a0point de d\u00e9tail\u00a0\u00bb<\/em>\u00a0; dans la seconde moiti\u00e9 des ann\u00e9es 1990 le FN se rapproche des skins du GUD et des Jeunesses Nationalistes R\u00e9volutionnaires, Le Pen allant jusqu\u2019\u00e0 proposer \u00e0 leur leader Serge Ayoub d\u2019\u00eatre candidat frontiste aux municipales de 1995. Invariablement le FN est ramen\u00e9 \u00e0 sa substantifique moelle d\u2019extr\u00eame droite. Les auteurs nous rappellent que la <em>\u00ab\u00a0d\u00e9diabolisation\u00a0\u00bb<\/em> mariniste a aussi connu des rat\u00e9s\u00a0: lorsque Laurent Ozon a tent\u00e9 d\u2019 <em>\u00ab\u00a0expliquer\u00a0\u00bb<\/em> le geste d\u2019Anders Breivik en 2011 par exemple. Enfin le jeu de s\u00e9duction entre Marine Le Pen et le site \u00ab\u00a0Fdesouche\u00a0\u00bb, <em>\u00ab\u00a0qui d\u00e9fend une id\u00e9ologie ethno-diff\u00e9rentialiste bien loin de la d\u00e9diabolisation [qu\u2019elle pr\u00f4ne]\u00a0\u00bb<\/em>, donne la mesure de l\u2019\u00e9cart entre la base frontiste et le discours officiel. Pourtant le FN est \u00e0 son apog\u00e9e, et les auteurs remarquent que ni la condamnation morale, ni la strat\u00e9gie mim\u00e9tique de Patrick Buisson ne sont efficaces pour l\u2019endiguer. <\/p>\n<p><em>Histoire du Front National<\/em>, de Dominique Albertini et David Doucet, \u00e9d. Tallandier, 2013, 360p., 20,90\u20ac.<\/p>\n","protected":false},"excerpt":{"rendered":"<p>Dominique Albertini et David Doucet, respectivement journalistes \u00e0 Lib\u00e9ration et aux Inrockuptibles, livrent une enqu\u00eate rigoureuse jalonn\u00e9e de nouvelles r\u00e9v\u00e9lations sur l\u2019histoire du FN. L\u2019une des suggestions les plus int\u00e9ressantes \u00e9mise par les auteurs se r\u00e9sume cependant \u00e0 une question\u00a0: ne peut-on pas consid\u00e9rer l\u2019histoire du FN comme l\u2019\u00e9ternel recommencement d\u2019une entreprise de d\u00e9diabolisation\u00a0? En [&hellip;]<\/p>\n","protected":false},"author":1,"featured_media":19295,"comment_status":"open","ping_status":"open","sticky":false,"template":"","format":"standard","meta":{"_themeisle_gutenberg_block_has_review":false,"footnotes":""},"categories":[157],"tags":[355],"class_list":["post-7189","post","type-post","status-publish","format-standard","has-post-thumbnail","hentry","category-web","tag-extreme-droite"],"_links":{"self":[{"href":"https:\/\/archives.regards.fr\/index.php?rest_route=\/wp\/v2\/posts\/7189","targetHints":{"allow":["GET"]}}],"collection":[{"href":"https:\/\/archives.regards.fr\/index.php?rest_route=\/wp\/v2\/posts"}],"about":[{"href":"https:\/\/archives.regards.fr\/index.php?rest_route=\/wp\/v2\/types\/post"}],"author":[{"embeddable":true,"href":"https:\/\/archives.regards.fr\/index.php?rest_route=\/wp\/v2\/users\/1"}],"replies":[{"embeddable":true,"href":"https:\/\/archives.regards.fr\/index.php?rest_route=%2Fwp%2Fv2%2Fcomments&post=7189"}],"version-history":[{"count":0,"href":"https:\/\/archives.regards.fr\/index.php?rest_route=\/wp\/v2\/posts\/7189\/revisions"}],"wp:featuredmedia":[{"embeddable":true,"href":"https:\/\/archives.regards.fr\/index.php?rest_route=\/wp\/v2\/media\/19295"}],"wp:attachment":[{"href":"https:\/\/archives.regards.fr\/index.php?rest_route=%2Fwp%2Fv2%2Fmedia&parent=7189"}],"wp:term":[{"taxonomy":"category","embeddable":true,"href":"https:\/\/archives.regards.fr\/index.php?rest_route=%2Fwp%2Fv2%2Fcategories&post=7189"},{"taxonomy":"post_tag","embeddable":true,"href":"https:\/\/archives.regards.fr\/index.php?rest_route=%2Fwp%2Fv2%2Ftags&post=7189"}],"curies":[{"name":"wp","href":"https:\/\/api.w.org\/{rel}","templated":true}]}}