{"id":717,"date":"1997-11-01T00:00:00","date_gmt":"1997-10-31T23:00:00","guid":{"rendered":"https:\/\/wp.muchomaas.com\/urbanisme717\/"},"modified":"1997-11-01T00:00:00","modified_gmt":"1997-10-31T23:00:00","slug":"urbanisme717","status":"publish","type":"post","link":"https:\/\/archives.regards.fr\/?p=717","title":{"rendered":"Urbanisme"},"content":{"rendered":"<p class=\"post_excerpt\"> Voir aussi <\/p>\n<p>Entretien avec Paul Chemetov<strong> Les premiers Rendez-vous de l&#8217;architecture se sont tenus \u00e0 Paris dans la Grande Halle de La Villette, les 2 et 3 octobre derniers. L&#8217;ouverture de l&#8217;architecture \u00e0 tous devient une priorit\u00e9. L&#8217;architecte r\u00e9int\u00e8gre la cit\u00e9. <\/strong><\/p>\n<p>Le discours est efficace et chaleureux; il s&#8217;adresse aux usagers des villes, \u00e0 travers des professionnels et des \u00e9tudiants qui s&#8217;\u00e9taient d\u00e9plac\u00e9s de toute la France pour assister aux exercices rh\u00e9toriques des t\u00eates pensantes du m\u00e9tier, et parfois se faire entendre. La ministre de la Culture, qui, d\u00e9but septembre, confiait \u00e0 Fran\u00e7ois Barr\u00e9 &#8211; outre la direction de l&#8217;Architecture dont il avait d\u00e9j\u00e0 la charge depuis mars 1996 &#8211; celle du patrimoine, a insist\u00e9 quant au bien-fond\u00e9 du mariage de ces deux directions: &#8221; L&#8217;architecture ne peut se r\u00e9duire \u00e0 une fabrique d&#8217;objets solitaires, je pr\u00e9f\u00e9rerais dire qu&#8217;ils sont solidaires &#8220;, propos repris par Fran\u00e7ois Barr\u00e9 qui a demand\u00e9 aux professionnels de se tourner d\u00e9sormais vers l&#8217;architecture de l&#8217;ordinaire et les pr\u00e9occupations urbaines des citoyens, de collaborer avec tous les intervenants dans la ville et de se mettre au service des \u00e9lus.<\/p>\n<p>Des propos nouveaux dans la bouche de celui qui est l&#8217;un des d\u00e9fenseurs de l&#8217;architecture contemporaine et de l&#8217;esth\u00e9tique du chaos (1). La large m\u00e9diatisation des grands projets lanc\u00e9s par Fran\u00e7ois Mitterrand, la soudaine promotion d&#8217;une poign\u00e9e d&#8217;architectes fran\u00e7ais au rang de stars (notamment Jean Nouvel avec l&#8217;Institut du monde arabe et l&#8217;Op\u00e9ra de Lyon, Christian de Portzamparc avec la cit\u00e9 de la Musique et Dominique Perrault avec la Biblioth\u00e8que nationale de France) aurait-elle contribu\u00e9 \u00e0 ce soudain engouement des professionnels pour les concours via la commande publique et particip\u00e9 \u00e0 leur d\u00e9sint\u00e9r\u00eat pour des travaux moins visibles ? Catherine Trautmann propose une s\u00e9rie de dispositions financi\u00e8res et r\u00e9glementaires afin d&#8217;insuffler de l&#8217;oxyg\u00e8ne en compensation de la baisse des commandes publiques et priv\u00e9es: nombre de communes \u00e9pongent encore les dettes g\u00e9n\u00e9r\u00e9es par des \u00e9quipements prestigieux et surdimensionn\u00e9s; nombre de promoteurs se mordent les doigts d&#8217;avoir investi dans la construction de bureaux. La ministre &#8211; outre une r\u00e9forme de l&#8217;enseignement de l&#8217;architecture, \u00e0 la rentr\u00e9e 1998: celle-ci b\u00e9n\u00e9ficiera de moyens suppl\u00e9mentaires et communiquera avec l&#8217;enseignement universitaire &#8211; propose aux professionnels de se tourner vers le march\u00e9 de la maison individuelle et de la r\u00e9habilitation (deux tiers des constructions se font sans eux), et de l&#8217;exportation (un chiffre d&#8217;affaire qui stagne autour de 2% alors que le BTP fran\u00e7ais est le 3e exportateur mondial).<\/p>\n<p> <strong> Les Fran\u00e7ais face \u00e0 l&#8217;architecture contemporaine <\/strong><\/p>\n<p>Un futur corps d&#8217;architectes-conseils de villes aurait la mission de r\u00e9inscrire l&#8217;architecte dans la cit\u00e9. Ils devraient assurer des missions d&#8217;expertises aupr\u00e8s des \u00e9lus qui le souhaitent et remplir un r\u00f4le de sensibilisation aupr\u00e8s du public. Car l&#8217;ouverture de l&#8217;architecture \u00e0 tous devient une priorit\u00e9: &#8221; Parcourir la ville, conna\u00eetre ses monuments, ses rues et ses espaces d&#8217;habitation, c&#8217;est apprendre \u00e0 la fois la citoyennet\u00e9 et l&#8217;histoire d&#8217;une cr\u00e9ation &#8220;. Des discussions sur la g\u00e9n\u00e9ralisation des enseignements artistiques \u00e0 l&#8217;\u00e9cole auraient d\u00e9j\u00e0 eu lieu avec Claude All\u00e8gre. La transformation de l&#8217;actuel Institut fran\u00e7ais d&#8217;architecture, qui devrait bient\u00f4t entrer dans les murs du Palais de Chaillot, a \u00e9t\u00e9 confi\u00e9e (&#8221; afin de r\u00e9concilier m\u00e9moire et projet sous une m\u00eame banni\u00e8re &#8220;) \u00e0 l&#8217;historien Jean-Louis Cohen. Des &#8221; semaines nationales des villes et de l&#8217;architecture &#8220;, des aides \u00e0 l&#8217;\u00e9dition, la cr\u00e9ation d&#8217;une &#8221; librairie de l&#8217;architecture et de la ville &#8221; sont aussi au programme. Ces mesures de vulgarisation s&#8217;av\u00e8rent indispensables au regard d&#8217;un r\u00e9cent sondage effectu\u00e9 par l&#8217;Ipsos pour le Monde (2), aupr\u00e8s de 996 personnes. Les chiffres sont \u00e9difiants. Ils montrent \u00e0 quel point les Fran\u00e7ais et la fabrication des villes se m\u00e9connaissent: si 18% d&#8217;entre eux reconnaissent les grands projets des ann\u00e9es 80, ils sont 50% \u00e0 voir dans le patrimoine la &#8221; vraie &#8221; architecture mais ignorent toutefois qui a construit quoi. On aurait pu croire que les stars du m\u00e9tier, tr\u00e8s m\u00e9diatis\u00e9es depuis une dizaine d&#8217;ann\u00e9es, aient retenu l&#8217;attention du grand public; mais non. Seulement 2% citent Jean Nouvel de m\u00e9moire. Ils placent Le Corbusier en t\u00eate de liste (18%), et le Barcelonais Ricardo Bofill (concepteur du quartier d&#8217;Antigone \u00e0 Montpellier, et de la place de Catalogne \u00e0 Paris), contre toute attente en second ( 4%). Les autres n&#8217;existent pour ainsi dire pas. Les Fran\u00e7ais pensent l&#8217;architecture r\u00e9cente, tous domaines confondus, de meilleure qualit\u00e9 mais ne l&#8217;associent pas pour autant aux architectes. Domaine r\u00e9serv\u00e9 aux promoteurs ? Quant \u00e0 la question: si vous aviez \u00e0 d\u00e9cider de travaux dans votre ville, \u00e0 quoi donneriez vous la priorit\u00e9 ? 37% r\u00e9pondent les \u00e9coles, 31% les espaces verts, 18% la p\u00e9riph\u00e9rie des villes&#8230; Des r\u00e9ponses explicites, tr\u00e8s \u00e9loign\u00e9es des tendances corporatistes qui ont souvent noy\u00e9 les d\u00e9bats des Rendez-vous de La Villette; une vision de la ville dont Marc Guillaume, professeur d&#8217;\u00e9conomie \u00e0 Paris-Dauphine, et Nicolas Rialan, pr\u00e9sident de l&#8217;association &#8221; La Bellevilleuse\u00a0&#8220;, ont \u00e9t\u00e9 les porte-parole. Une attente qui va incontestablement dans le sens de &#8221; la cit\u00e9 &#8221; telle que l&#8217;envisage Catherine Trautmann. Mais les orientations de la nouvelle direction de l&#8217;architecture et du patrimoine seront-elles bien re\u00e7ues et mises en pratique par les 36 000 maires devenus, depuis la loi de d\u00e9centralisation, les d\u00e9cideurs incontest\u00e9s de leur territoire ? .<\/p>\n<p>La ville est g\u00e9ographie, espace de fa\u00e7onnage des hommes, espace fa\u00e7onn\u00e9 par eux. Et Paris est l&#8217;un de ces espaces au monde parmi les plus r\u00eav\u00e9s, les plus convoit\u00e9s, les plus histori\u00e9s. Bernard Rouleau vient d&#8217;en faire une monumentale histoire, qui vient apr\u00e8s d&#8217;autres \u00e9tudes (le Trac\u00e9 des rues de Paris et Villages et faubourgs de l&#8217;ancien Paris), de la ville gauloise \u00e0 l&#8217;op\u00e9ration Seine rive gauche domin\u00e9es par La Biblioth\u00e8que nationale de France.<\/p>\n<p> <strong> Paris, histoire d&#8217;un espace, \u00e9ditions du Seuil, 1997, 491 p., 245F. <\/strong><\/p>\n<p>1. Fran\u00e7ois Barr\u00e9 s&#8217;est largement impliqu\u00e9 dans le projet urbain d&#8217;Euralille.Il pr\u00e9side l&#8217;Institut fran\u00e7ais d&#8217;architecture qui propose actuellement une exposition sur l&#8217;esth\u00e9tique des zones commerciales.Il est aussi \u00e0 l&#8217;origine du Parc de la Villette.<\/p>\n<p>2. Dans le num\u00e9ro dat\u00e9 du 1er octobre.<\/p>\n","protected":false},"excerpt":{"rendered":"<p> Voir aussi <\/p>\n","protected":false},"author":1,"featured_media":0,"comment_status":"open","ping_status":"open","sticky":false,"template":"","format":"standard","meta":{"_themeisle_gutenberg_block_has_review":false,"footnotes":""},"categories":[141],"tags":[288],"class_list":["post-717","post","type-post","status-publish","format-standard","hentry","category-archives-web","tag-spectacle-vivant"],"_links":{"self":[{"href":"https:\/\/archives.regards.fr\/index.php?rest_route=\/wp\/v2\/posts\/717","targetHints":{"allow":["GET"]}}],"collection":[{"href":"https:\/\/archives.regards.fr\/index.php?rest_route=\/wp\/v2\/posts"}],"about":[{"href":"https:\/\/archives.regards.fr\/index.php?rest_route=\/wp\/v2\/types\/post"}],"author":[{"embeddable":true,"href":"https:\/\/archives.regards.fr\/index.php?rest_route=\/wp\/v2\/users\/1"}],"replies":[{"embeddable":true,"href":"https:\/\/archives.regards.fr\/index.php?rest_route=%2Fwp%2Fv2%2Fcomments&post=717"}],"version-history":[{"count":0,"href":"https:\/\/archives.regards.fr\/index.php?rest_route=\/wp\/v2\/posts\/717\/revisions"}],"wp:attachment":[{"href":"https:\/\/archives.regards.fr\/index.php?rest_route=%2Fwp%2Fv2%2Fmedia&parent=717"}],"wp:term":[{"taxonomy":"category","embeddable":true,"href":"https:\/\/archives.regards.fr\/index.php?rest_route=%2Fwp%2Fv2%2Fcategories&post=717"},{"taxonomy":"post_tag","embeddable":true,"href":"https:\/\/archives.regards.fr\/index.php?rest_route=%2Fwp%2Fv2%2Ftags&post=717"}],"curies":[{"name":"wp","href":"https:\/\/api.w.org\/{rel}","templated":true}]}}