{"id":716,"date":"2021-07-02T11:56:57","date_gmt":"2021-07-02T09:56:57","guid":{"rendered":"https:\/\/wp.muchomaas.com\/breve-gilles-platret-vice-president-de-lr\/"},"modified":"2021-07-02T11:56:57","modified_gmt":"2021-07-02T09:56:57","slug":"breve-gilles-platret-vice-president-de-lr","status":"publish","type":"post","link":"https:\/\/archives.regards.fr\/?p=716","title":{"rendered":"Gilles Platret, vice-pr\u00e9sident de LR"},"content":{"rendered":"<p><em>\u00ab Le probl\u00e8me, c\u2019est l\u2019Afrique du Nord. J&#8217;ai mari\u00e9 des Colombiens, des Ukrainiens, j&#8217;ai jamais eu de probl\u00e8mes. J&#8217;ai des probl\u00e8mes avec des d\u00e9bordements li\u00e9s \u00e0 certains mariages de personnes issues du Maghreb. \u00bb<\/em> (01\/07\/2021, CNews)<\/p>\n","protected":false},"excerpt":{"rendered":"<p>\u00ab Le probl\u00e8me, c\u2019est l\u2019Afrique du Nord. J&#8217;ai mari\u00e9 des Colombiens, des Ukrainiens, j&#8217;ai jamais eu de probl\u00e8mes. J&#8217;ai des probl\u00e8mes avec des d\u00e9bordements li\u00e9s \u00e0 certains mariages de personnes issues du Maghreb. \u00bb (01\/07\/2021, CNews)<\/p>\n","protected":false},"author":1,"featured_media":0,"comment_status":"open","ping_status":"open","sticky":false,"template":"","format":"standard","meta":{"_themeisle_gutenberg_block_has_review":false,"footnotes":""},"categories":[284],"tags":[],"class_list":["post-716","post","type-post","status-publish","format-standard","hentry","category-declarama-breves"],"_links":{"self":[{"href":"https:\/\/archives.regards.fr\/index.php?rest_route=\/wp\/v2\/posts\/716","targetHints":{"allow":["GET"]}}],"collection":[{"href":"https:\/\/archives.regards.fr\/index.php?rest_route=\/wp\/v2\/posts"}],"about":[{"href":"https:\/\/archives.regards.fr\/index.php?rest_route=\/wp\/v2\/types\/post"}],"author":[{"embeddable":true,"href":"https:\/\/archives.regards.fr\/index.php?rest_route=\/wp\/v2\/users\/1"}],"replies":[{"embeddable":true,"href":"https:\/\/archives.regards.fr\/index.php?rest_route=%2Fwp%2Fv2%2Fcomments&post=716"}],"version-history":[{"count":0,"href":"https:\/\/archives.regards.fr\/index.php?rest_route=\/wp\/v2\/posts\/716\/revisions"}],"wp:attachment":[{"href":"https:\/\/archives.regards.fr\/index.php?rest_route=%2Fwp%2Fv2%2Fmedia&parent=716"}],"wp:term":[{"taxonomy":"category","embeddable":true,"href":"https:\/\/archives.regards.fr\/index.php?rest_route=%2Fwp%2Fv2%2Fcategories&post=716"},{"taxonomy":"post_tag","embeddable":true,"href":"https:\/\/archives.regards.fr\/index.php?rest_route=%2Fwp%2Fv2%2Ftags&post=716"}],"curies":[{"name":"wp","href":"https:\/\/api.w.org\/{rel}","templated":true}]}}