{"id":7137,"date":"2013-10-23T09:54:09","date_gmt":"2013-10-23T07:54:09","guid":{"rendered":"https:\/\/wp.muchomaas.com\/elise-lowy-il-faut-faire-le-bilan7137\/"},"modified":"2013-10-23T09:54:09","modified_gmt":"2013-10-23T07:54:09","slug":"elise-lowy-il-faut-faire-le-bilan7137","status":"publish","type":"post","link":"https:\/\/archives.regards.fr\/?p=7137","title":{"rendered":"\u00c9lise Lowy, \u00ab EELV doit faire le bilan de sa participation au gouvernement \u00bb"},"content":{"rendered":"<p class=\"post_excerpt\">Dans un communiqu\u00e9 publi\u00e9 dimanche dernier, \u00c9lise Lowy, porte-parole d&#8217;Europe \u00c9cologie-les Verts, d\u00e9clarait <em>\u00ab inhumains et incompr\u00e9hensibles \u00bb<\/em> les propos de Fran\u00e7ois Hollande et Manuel Valls dans l&#8217;affaire L\u00e9onarda. Aussit\u00f4t, Pascal Durand, secr\u00e9taire national d&#8217;EELV, r\u00e9agissait par communiqu\u00e9 interpos\u00e9, affirmant qu&#8217;il s&#8217;agissait-l\u00e0 d&#8217;une <em>\u00ab initiative personnelle \u00bb<\/em>. Explications.<\/p>\n<p><strong>Regards.fr.<\/strong> <em> <strong>Comment r\u00e9agissez-vous au coup de semonce de Pascal Durand \u00e0 la suite de la publication de votre communiqu\u00e9 condamnant fermement les positions de Valls et Hollande sur l&#8217;expulsion de L\u00e9onarda, une jeune coll\u00e9gienne Kossovare ?<\/strong> <\/em><\/p>\n<p><strong>\u00c9lise Lowy.<\/strong> \u00c0 l&#8217;issue de la r\u00e9union du bureau ex\u00e9cutif de lundi, Pascal Durand est venu me voir pour me dire que son intervention dans la presse <em>\u00ab n&#8217;\u00e9tait pas une d\u00e9solidarisation \u00bb<\/em>, que certains m\u00e9dias avaient mal compris ses propos. En ce qui concerne mon communiqu\u00e9 initial, je l&#8217;assume donc sans probl\u00e8me. Sur un sujet comme celui-ci relatif aux droits humains, il n&#8217;y a pas \u00e0 reculer ou tergiverser pour \u00e9viter de froisser tel ou tel. Je suis en accord avec mes convictions, les positions d&#8217;EELV et les fondements de l&#8217;\u00e9cologie politique. De plus, les porte-parole d&#8217;EELV se sont r\u00e9partis les th\u00e9matiques d&#8217;intervention et celle de l&#8217;immigration m&#8217;a \u00e9t\u00e9 octroy\u00e9e, ce qui explique que l&#8217;essentiel des communiqu\u00e9s portant sur les politiques migratoires sont sign\u00e9s de mon seul nom. Comme la proc\u00e9dure le pr\u00e9voit, j&#8217;ai contact\u00e9 la commission immigration du mouvement avec laquelle j&#8217;ai travaill\u00e9 ce communiqu\u00e9, conforme aux positions qui ont toujours \u00e9t\u00e9 celles d&#8217;EELV. Le mardi matin, apr\u00e8s une discussion avec Pascal, nous avons \u00e9crit un communiqu\u00e9 commun, avec des mots plus diplomatiques mais qui disent la m\u00eame chose que ce que j&#8217;ai dit dans le premier communiqu\u00e9, qui d&#8217;ailleurs reste valide et ne sera pas retir\u00e9. Cela vient confirmer la position tr\u00e8s claire que les \u00e9cologistes ont toujours eu sur le sujet et qu&#8217;ils n&#8217;avaient eu aucune difficult\u00e9 \u00e0 affirmer fortement pendant leur participation au gouvernement Jospin.<\/p>\n<p><em> <strong>Comment expliquez-vous la r\u00e9action de Pascal Durand ?<\/strong> <\/em><\/p>\n<p>Au-del\u00e0 de la r\u00e9action de Pascal, cela r\u00e9v\u00e8le une r\u00e9alit\u00e9 au sein du mouvement, \u00e0 savoir des conceptions diff\u00e9rentes sur le degr\u00e9 \u00ab critique \u00bb \u00e0 adopter dans l&#8217;expression externe vis-\u00e0-vis du gouvernement. Nous avons deux ministres au sein de ce gouvernement et certains estiment que nous ne devons pas exprimer trop fort nos d\u00e9saccords. Ce n&#8217;est pas ma position. Je pense que le mouvement doit garder une parole autonome sur l&#8217;ensemble des sujets. Si Pascal a fini par signer le communiqu\u00e9, c&#8217;est parce que nombre d&#8217;adh\u00e9rents ont clairement exprim\u00e9 une incompr\u00e9hension sur ce qui leur apparaissait comme un d\u00e9saveu des positions d&#8217;EELV sur ce sujet.<\/p>\n<p><em> <strong>La politique migratoire mise en \u0153uvre par Manuel Valls et soutenue par Fran\u00e7ois Hollande justifie-t-elle selon vous la fin de la participation d&#8217;EELV au gouvernement ?<\/strong> <\/em><\/p>\n<p>Ce n&#8217;est pas comme cela que la question se pose, car la politique migratoire n&#8217;est pas le seul sujet de discorde. On compte aussi le nucl\u00e9aire, le recul sur les retraites, l&#8217;a\u00e9roport de Notre-Dame-des-Landes\u2026 Il faut envisager la question de mani\u00e8re globale : \u00e0 quel moment serons-nous en capacit\u00e9 de faire le bilan de notre participation au gouvernement et de juger si oui ou non nous arrivons \u00e0 peser ? Il est \u00e9vident que nos ministres \u00e9colos se battent pour faire avancer les choses, mais de mani\u00e8re globale force est de constater qu&#8217;on ne peut pas se satisfaire de la politique actuelle. On ne peut plus se taire face \u00e0 ce qui passe aujourd&#8217;hui, donc oui, \u00e0 un moment donn\u00e9, il faudra qu&#8217;on \u00e9value de mani\u00e8re pr\u00e9cise si oui ou non participer au gouvernement Hollande est contre-productif. Car certes, on doit peser l\u00e0 o\u00f9 on peut peser, mais il arrive un temps o\u00f9 les contradictions sont telles, qu&#8217;elles peuvent d\u00e9cr\u00e9dibiliser l&#8217;ensemble du mouvement. Les politiques inacceptables de Manuel Valls sur les Roms, les migrations et la s\u00e9curit\u00e9 doivent interpeller dans leurs fondements non seulement EELV mais l&#8217;ensemble de la gauche.<\/p>\n","protected":false},"excerpt":{"rendered":"<p>Dans un communiqu\u00e9 publi\u00e9 dimanche dernier, \u00c9lise Lowy, porte-parole d&#8217;Europe \u00c9cologie-les Verts, d\u00e9clarait <em>\u00ab inhumains et incompr\u00e9hensibles \u00bb<\/em> les propos de Fran\u00e7ois Hollande et Manuel Valls dans l&#8217;affaire L\u00e9onarda. Aussit\u00f4t, Pascal Durand, secr\u00e9taire national d&#8217;EELV, r\u00e9agissait par communiqu\u00e9 interpos\u00e9, affirmant qu&#8217;il s&#8217;agissait-l\u00e0 d&#8217;une <em>\u00ab initiative personnelle \u00bb<\/em>. Explications.<\/p>\n","protected":false},"author":777,"featured_media":0,"comment_status":"open","ping_status":"open","sticky":false,"template":"","format":"standard","meta":{"_themeisle_gutenberg_block_has_review":false,"footnotes":""},"categories":[157],"tags":[457,293],"class_list":["post-7137","post","type-post","status-publish","format-standard","hentry","category-web","tag-eelv","tag-entretien"],"_links":{"self":[{"href":"https:\/\/archives.regards.fr\/index.php?rest_route=\/wp\/v2\/posts\/7137","targetHints":{"allow":["GET"]}}],"collection":[{"href":"https:\/\/archives.regards.fr\/index.php?rest_route=\/wp\/v2\/posts"}],"about":[{"href":"https:\/\/archives.regards.fr\/index.php?rest_route=\/wp\/v2\/types\/post"}],"author":[{"embeddable":true,"href":"https:\/\/archives.regards.fr\/index.php?rest_route=\/wp\/v2\/users\/777"}],"replies":[{"embeddable":true,"href":"https:\/\/archives.regards.fr\/index.php?rest_route=%2Fwp%2Fv2%2Fcomments&post=7137"}],"version-history":[{"count":0,"href":"https:\/\/archives.regards.fr\/index.php?rest_route=\/wp\/v2\/posts\/7137\/revisions"}],"wp:attachment":[{"href":"https:\/\/archives.regards.fr\/index.php?rest_route=%2Fwp%2Fv2%2Fmedia&parent=7137"}],"wp:term":[{"taxonomy":"category","embeddable":true,"href":"https:\/\/archives.regards.fr\/index.php?rest_route=%2Fwp%2Fv2%2Fcategories&post=7137"},{"taxonomy":"post_tag","embeddable":true,"href":"https:\/\/archives.regards.fr\/index.php?rest_route=%2Fwp%2Fv2%2Ftags&post=7137"}],"curies":[{"name":"wp","href":"https:\/\/api.w.org\/{rel}","templated":true}]}}