{"id":7122,"date":"2013-10-18T12:16:05","date_gmt":"2013-10-18T10:16:05","guid":{"rendered":"https:\/\/wp.muchomaas.com\/allemagne-les-gauches-en-debat7122\/"},"modified":"2023-06-23T23:15:41","modified_gmt":"2023-06-23T21:15:41","slug":"allemagne-les-gauches-en-debat7122","status":"publish","type":"post","link":"https:\/\/archives.regards.fr\/?p=7122","title":{"rendered":"La sociale tra\u00eetrise de la semaine. Allemagne. Le SPD repique \u00e0 la grande coalition."},"content":{"rendered":"<p class=\"post_excerpt\">Apr\u00e8s un score historiquement bas, le SPD allemand s&#8217;engage dans un retour au gouvernement avec Merkel. Cette d\u00e9cision doit encore \u00eatre ratifi\u00e9e par les adh\u00e9rents. Fran\u00e7oise Diehlmann nous a fait un panorama de la situation politique au lendemain des \u00e9lections allemandes. Propos recueillis le 7 octobre 2013.<\/p>\n<p>Au lendemain du scrutin<br \/>\ndu 22 septembre<br \/>\n2013, ce qui occupe<br \/>\nl\u2019Allemagne c\u2019est la<br \/>\ncr\u00e9ation d\u2019une coalition<br \/>\nen vue de la<br \/>\nconstitution de son<br \/>\ngouvernement. La constitution allemande<br \/>\nstipule que le nouveau gouvernement<br \/>\ndoit \u00eatre form\u00e9 au plus tard 30<br \/>\njours apr\u00e8s l\u2019\u00e9lection. Mais le Pr\u00e9sident<br \/>\nde la R\u00e9publique peut demander<br \/>\n\u00e0 l\u2019ancien gouvernement de rester en<br \/>\nplace pour exp\u00e9dier les affaires courantes,<br \/>\njusqu\u2019\u00e0 ce qu\u2019un nouveau gouvernement<br \/>\nsoit nomm\u00e9. Aucune date<br \/>\nlimite n\u2019est fix\u00e9e.<\/p>\n<p>Merkel fait un tr\u00e8s bon r\u00e9sultat mais rate<br \/>\nd\u2019une poign\u00e9e de d\u00e9put\u00e9s (7) la majorit\u00e9<br \/>\nabsolue \u00e0 la chambre, la CDU-CSU<br \/>\nrestant le seul parti de droite pr\u00e9sent<br \/>\nau Bundestag. Les alli\u00e9s lib\u00e9raux sont<br \/>\n\u00e9limin\u00e9s faute d\u2019avoir atteint les 5 %,<br \/>\nsubissant une d\u00e9culott\u00e9e en passant de<br \/>\n14,6 % \u00e0 4,8 %. De m\u00eame que le tout<br \/>\njeune parti anti-europ\u00e9en qui rate d\u2019un<br \/>\ncheveu son entr\u00e9e au parlement.<\/p>\n<p>Sym\u00e9triquement, le total SPD+Gr\u00fcnen+<br \/>\nDie Linke est majoritaire au Bundestag.<br \/>\nSur le papier, il y a donc trois possibilit\u00e9s :<br \/>\nune alliance CDU+Gr\u00fcnen, une alliance<br \/>\nCDU+SPD (la grande coalition) et une<br \/>\ncoalition rouge-rouge-verte ou SPDLinke-<br \/>\nGr\u00fcn. Vue de France, la troisi\u00e8me<br \/>\nhypoth\u00e8se semble la plus cr\u00e9dible.<br \/>\nOn verra qu\u2019il n\u2019en est rien.<\/p>\n<h2>Le SPD : faire ou ne pas faire la grande coalition ?<\/h2>\n<p>En r\u00e9unissant 25,7 % des voix, le<br \/>\nSPD fait un score historiquement bas.<br \/>\nCertes, il regagne trois points sur son<br \/>\nr\u00e9sultat pr\u00e9c\u00e9dent, mais il perd l\u2019\u00e9lection.<br \/>\nCe gain est obtenu au terme d\u2019un<br \/>\nmandat dans la crise pour Merkel qui<br \/>\ns\u2019est traduit pour tous les autres gouvernements<br \/>\neurop\u00e9ens par une d\u00e9faite<br \/>\ndes sortants. Retourneront-ils au pouvoir<br \/>\navec la CDU comme ils l\u2019avaient<br \/>\nfait entre 2005 et 2009 ? C\u2019\u00e9tait l\u2019objet<br \/>\nde la convention du parti qui s\u2019est r\u00e9uni<br \/>\ncinq jours apr\u00e8s le scrutin.<\/p>\n<p>Cette convention r\u00e9unissait 250 d\u00e9l\u00e9gu\u00e9s<br \/>\nvenus de tous les L\u00e4nder. \u00c0<br \/>\nl\u2019ouverture, un sondage indiquait que<br \/>\n65 % des 470 000 adh\u00e9rents du SPD<br \/>\nsont oppos\u00e9s \u00e0 une nouvelle participation<br \/>\ngouvernementale sous la houlette<br \/>\nde Merkel. Cependant, la convention a<br \/>\ndonn\u00e9 son accord pour que s\u2019ouvre une<br \/>\nconcertation avec la CDU. C\u2019est sans<br \/>\nsurprise : il faut savoir que la culture<br \/>\npolitique allemande place l\u2019int\u00e9r\u00eat national<br \/>\nau-dessus des int\u00e9r\u00eats politiques<br \/>\n\u00ab partisans \u00bb. Il est tr\u00e8s difficile au SPD<br \/>\nde cr\u00e9er de son propre chef une situation<br \/>\nde blocage [[72 % des Allemands se disent en faveur<br \/>\nd\u2019une grande coalition.]]. Donc ils ont accept\u00e9<br \/>\nla premi\u00e8re concertation qui a eu lieu en pr\u00e9sence d\u2019Angela Merkel. Le SPD<br \/>\na renonc\u00e9 \u00e0 exiger l\u2019augmentation des<br \/>\nimp\u00f4ts pour les hauts revenus, la CDU<br \/>\nn\u2019en voulant pas. Il maintient trois autres<br \/>\nexigences : l\u2019introduction d\u2019un salaire<br \/>\nminimum, la r\u00e9forme du march\u00e9 du travail<br \/>\npermettant l\u2019obtention d\u2019un travail<br \/>\nde qualit\u00e9 avec un salaire \u00e9quitable et<br \/>\nmettre les moyens dans l\u2019\u00e9ducation.<\/p>\n<p>La convention a d\u00e9cid\u00e9, sur proposition<br \/>\nde Sigmar Gabriel, le pr\u00e9sident du SPD,<br \/>\nde faire voter les 470 000 militants sur<br \/>\nle r\u00e9sultat des n\u00e9gociations, \u00e0 la veille<br \/>\ndu Congr\u00e8s qui se tiendra du 14 au<br \/>\n16 novembre. Reste \u00e0 savoir si les n\u00e9gociations<br \/>\nseront termin\u00e9es, certains<br \/>\npr\u00e9tendant qu\u2019elles pourraient durer<br \/>\njusqu\u2019en janvier 2014.<\/p>\n<p>Le souvenir cuisant de la premi\u00e8re coalition<br \/>\nreste dans tous les esprits. En<br \/>\n2005, le SPD rentre au gouvernement<br \/>\nfort de 34 % des voix. Il perd 11 % en<br \/>\nquatre ans et enregistre son plus bas<br \/>\nr\u00e9sultat en 2009.<\/p>\n<p>Si le choix final du SPD est incertain,<br \/>\nc\u2019est que beaucoup n\u2019ont pas envie<br \/>\nd\u2019une grande coalition avec Merkel. Et<br \/>\nle disent ouvertement. Le ton vient surtout<br \/>\nde Hannelore Kraft, la ministre-pr\u00e9sident<br \/>\ndu Land de Rh\u00e9nanie du Nord-<br \/>\nWestphalie comprenant le bassin de<br \/>\nla Ruhr \u00e9galement pr\u00e9sidente du SPD<br \/>\nde ce Land le plus important d\u2019Allemagne.<br \/>\nComme 90 % des dirigeants<br \/>\nSPD de son Land, elle a affirm\u00e9 son<br \/>\nopposition \u00e0 la grande coalition affirmant<br \/>\n<em>\u00ab qu\u2019il n\u2019y a donc aucune honte<br \/>\n\u00e0 aller dans l\u2019opposition \u00bb<\/em>. Ce point<br \/>\nde vue est partag\u00e9 massivement dans<br \/>\nles L\u00e4nder du Rh\u00e9nanie Palatinat et du<br \/>\nBade W\u00fcrttemberg. Hannelore Kraft<br \/>\ns\u2019affirme comme le nouveau visage de<br \/>\nl\u2019opposition \u00e0 Merkel.<\/p>\n<p>M\u00eame si Sigmar Gabriel n\u2019a pas dit<br \/>\nson dernier mot, beaucoup r\u00e9clament<br \/>\nun changement de g\u00e9n\u00e9ration \u00e0 la<br \/>\nt\u00eate du SPD. Cette direction a plut\u00f4t<br \/>\ndonn\u00e9 l\u2019image d\u2019une \u00e9quipe masculine,<br \/>\nvieillissante qui n\u2019a surtout pas attir\u00e9<br \/>\nde nouveaux \u00e9lecteurs.<\/p>\n<p>Donc tout est \u00e0 repenser au sein du<br \/>\nSPD, car par son histoire de plus vieux<br \/>\nparti d\u2019Europe et par la place qu\u2019il occupe<br \/>\nen Allemagne, il n\u2019a pas le droit<br \/>\nde descendre en dessous des 30 %. Et<br \/>\ncomme le dit Gregor Gysi, leader charismatique<br \/>\nde Die Linke, en participant<br \/>\n\u00e0 une grande coalition, une temp\u00eate<br \/>\ninterne au sein du SPD ne tardera pas<br \/>\net le vent se l\u00e8vera tr\u00e8s vite.<\/p>\n<h2>Les Gr\u00fcnen : s\u2019allier \u00e0 la CDU ?<\/h2>\n<p>Les Gr\u00fcnen sont sonn\u00e9s par leur r\u00e9sultat.<br \/>\nIls reculent finalement modestement<br \/>\n(-2,6 %) par rapport \u00e0 2009. Mais leur<br \/>\nr\u00e9sultat est lu \u00e0 l\u2019aune des \u00e9lections<br \/>\ninterm\u00e9diaires et des sondages qui<br \/>\nles cr\u00e9ditaient plut\u00f4t de 24 % des suffrages<br \/>\nen 2011. \u00catre sous la barre des<br \/>\n9 %, derri\u00e8re Die Linke, est v\u00e9cu comme<br \/>\nune d\u00e9faite cinglante.<\/p>\n<p>Elle provoque des discussions de plusieurs<br \/>\nordres au sein des Gr\u00fcnen.<br \/>\nUn d\u00e9bat porte sur la place d\u2019un parti<br \/>\n\u00e9cologiste en Allemagne alors m\u00eame<br \/>\nque Merkel a amorc\u00e9 la sortie du nucl\u00e9aire.<br \/>\nOn dira que cette interrogation<br \/>\nest plus fran\u00e7aise qu\u2019allemande : les<br \/>\nbons r\u00e9sultats des Gr\u00fcnen se sont poursuivis<br \/>\napr\u00e8s la d\u00e9cision de sortie du nucl\u00e9aire.<br \/>\nLe nucl\u00e9aire n\u2019est plus vraiment<br \/>\nun th\u00e8me de campagne de l\u2019autre c\u00f4t\u00e9<br \/>\ndu Rhin. Mais l\u2019augmentation du co\u00fbt de<br \/>\nl\u2019\u00e9nergie leur a \u00e9t\u00e9 imput\u00e9e, alors m\u00eame<br \/>\nqu\u2019ils ne sont pas au gouvernement.<\/p>\n<p>La strat\u00e9gie de campagne fait l\u2019objet<br \/>\nde critique : elle n\u2019a pas gagn\u00e9 de<br \/>\nnouveaux \u00e9lecteurs, et a m\u00eame rebut\u00e9<br \/>\nbeaucoup de leur \u00e9lectorat traditionnel.<br \/>\nAu lieu de parler d\u2019environnement, de<br \/>\nl\u2019Europe, de l\u2019\u00e9ducation, ce qui fait leur<br \/>\nforce et leur originalit\u00e9, ils ont parl\u00e9 de<br \/>\nr\u00e9forme fiscale, th\u00e8me d\u00e9j\u00e0 occup\u00e9 par<br \/>\nle SPD et par Die Linke.<\/p>\n<p>Je retiens pour ma part que les Gr\u00fcnen<br \/>\nont \u00e9t\u00e9 les plus influents lorsqu\u2019ils ont<br \/>\n\u00e9t\u00e9 moteurs dans la mobilisation en<br \/>\n2011 contre un projet pharaonique<br \/>\nautour de la gare de Stuttgart. Ils<br \/>\nparvenaient \u00e0 allier les th\u00e8mes environnementaux,<br \/>\nsociaux et d\u00e9mocratiques.<br \/>\nIls \u00e9taient alors cr\u00e9dit\u00e9s de 24 %. C\u2019est<br \/>\n\u00e0 cette \u00e9poque qu\u2019ils ont remport\u00e9 une<br \/>\nde leur plus belle victoire en gagnant la<br \/>\ndirection du Land, le plus riche d\u2019Allemagne,<br \/>\ndirig\u00e9 par la CDU depuis la<br \/>\ncr\u00e9ation de la RFA en 1949.<\/p>\n<p>Le d\u00e9bat interne apr\u00e8s les \u00e9lections se<br \/>\ntraduit par des tensions entre les r\u00e9alos<br \/>\net les fundi. La direction du parti et la<br \/>\npr\u00e9sidence du groupe au Bundestag<br \/>\nont remis leur mandat. Une nouvelle direction<br \/>\nsera \u00e9lue lors d\u2019un congr\u00e8s des<br \/>\nGr\u00fcnen qui se tiendra les 18 et 20 octobre.<br \/>\nC\u2019est dans ce contexte qu\u2019une concertation s\u2019ouvrira le 10 octobre<br \/>\nentre la CDU et les Gr\u00fcnen \u00e0 laquelle<br \/>\nparticiperont Angela Merkel et une<br \/>\nd\u00e9l\u00e9gation de la direction des Gr\u00fcnen<br \/>\n\u00e0 laquelle s\u2019ajoutera le ministre-pr\u00e9sident<br \/>\ndu Land de Bad W\u00fcrttemberg,<br \/>\nWinfried Kretschmann, un \u00ab realo \u00bb<br \/>\ntr\u00e8s CDU compatible.<\/p>\n<p>Les Gr\u00fcnen consid\u00e8rent qu\u2019il est n\u00e9cessaire<br \/>\nde rencontrer l\u2019ensemble des partis<br \/>\nd\u00e9mocratiques, y compris Die Linke<br \/>\net ce, pour la premi\u00e8re fois. Aux yeux<br \/>\nde Joschka Fischer, ces \u00e9lections ont<br \/>\nfait sauter tous les tabous. Pour lui, en<br \/>\n2017 une coalition CDU-Gr\u00fcn comme<br \/>\nune coalition SPD-Linke-Gr\u00fcn feront<br \/>\npartie des possibilit\u00e9s.<\/p>\n<h2>Die Linke, l\u2019espoir d\u2019une alliance des gauches<\/h2>\n<p>Die Linke est certes le parti de gauche<br \/>\nqui a le plus perdu depuis les derni\u00e8res<br \/>\n\u00e9lections en 2009, \u00e0 savoir -3,3 %.<br \/>\nPourtant, il appara\u00eet comme un des<br \/>\ngagnants de cette \u00e9lection. En effet,<br \/>\napr\u00e8s des conflits internes, il \u00e9tait descendu<br \/>\n\u00e0 5 % en 2011. Oskar Lafontaine<br \/>\net son courant s\u2019\u00e9taient prononc\u00e9s<br \/>\npour la sortie de l\u2019Euro et contre toute<br \/>\nparticipation gouvernementale, \u00e0 l\u2019inverse<br \/>\nde Gregor Gysi et d\u2019une grande<br \/>\npartie de Die Linke.<\/p>\n<p>Aujourd\u2019hui, c\u2019est principalement gr\u00e2ce<br \/>\n\u00e0 Gregor Gysi, figure populaire et<br \/>\nm\u00e9diatique du parti, que Die Linke a<br \/>\npu obtenir 8,6 %. Gysi savoure cette<br \/>\nvictoire et insiste sur le changement<br \/>\nintervenu depuis 1990 : qui aurait pu<br \/>\ncroire alors que ce parti deviendrait<br \/>\nla troisi\u00e8me force politique d\u2019Allemagne<br \/>\n? Gysi pousse le SPD dans<br \/>\nses retranchements en se disant pr\u00eat \u00e0<br \/>\nouvrir des n\u00e9gociations pour une participation<br \/>\ngouvernementale sur la base<br \/>\nde trois revendications :<br \/>\n\u2022 plus de justice sociale dans le programme<br \/>\ndu SPD. Die Linke appara\u00eet<br \/>\ncomme le parti de la justice sociale;<br \/>\n\u2022 \u00e9galit\u00e9 des retraites entre l\u2019Est et l\u2019Ouest;<br \/>\n\u2022 pas d\u2019intervention de la Bundeswehr<br \/>\n(l\u2019arm\u00e9e allemande) \u00e0 l\u2019\u00e9tranger.<\/p>\n<p>Tout ceci est simple et tr\u00e8s lisible<br \/>\npour les Allemands. Sur les deux premiers points, des rapprochements<br \/>\nsont possibles entre les<br \/>\ndeux partis. Sur le dernier point, des voix<br \/>\nse font entendre au sein de Die Linke<br \/>\npour des interventions humanitaires au<br \/>\nsein de l\u2019ONU par exemple.<\/p>\n<p>Pour le moment, le SPD refuse toute<br \/>\ncoalition avec Die Linke \u00e0 l\u2019\u00e9chelon national<br \/>\net ce, pr\u00e8s d\u2019un quart de si\u00e8cle<br \/>\napr\u00e8s la chute du mur de Berlin. Gregor<br \/>\nGysi, lui, sait que nous sommes bien au<br \/>\nXXIe si\u00e8cle et compte tirer politiquement<br \/>\nles dividendes de cette victoire avec les<br \/>\ncopr\u00e9sidents du parti Bernd Riexinger<br \/>\net Katja Kipping. Ils tracent leur route,<br \/>\noccupent le terrain et cr\u00e9ent une inqui\u00e9tude<br \/>\nau SPD : s\u2019il y a une grande coalition,<br \/>\nDie Linke, avec le trio Gysi-Rixienger-<br \/>\nKipping, incarnera l\u2019opposition \u00e0<br \/>\nMerkel et placera ce parti en position de<br \/>\nforce pour les \u00e9lections de 2017.<div id='gallery-1' class='gallery galleryid-7122 gallery-columns-3 gallery-size-thumbnail'><figure class='gallery-item'>\n\t\t\t<div class='gallery-icon landscape'>\n\t\t\t\t<a href='https:\/\/archives.regards.fr\/wp-content\/uploads\/2013\/10\/merkel-e0f.jpg'><img loading=\"lazy\" decoding=\"async\" width=\"150\" height=\"150\" src=\"https:\/\/archives.regards.fr\/wp-content\/uploads\/2013\/10\/merkel-e0f-150x150.jpg\" class=\"attachment-thumbnail size-thumbnail\" alt=\"Angela Merkel\" aria-describedby=\"gallery-1-19184\" \/><\/a>\n\t\t\t<\/div>\n\t\t\t\t<figcaption class='wp-caption-text gallery-caption' id='gallery-1-19184'>\n\t\t\t\tAngela Merkel\n\t\t\t\t<\/figcaption><\/figure>\n\t\t<\/div>\n<\/p>\n","protected":false},"excerpt":{"rendered":"<p>Apr\u00e8s un score historiquement bas, le SPD allemand s&#8217;engage dans un retour au gouvernement avec Merkel. Cette d\u00e9cision doit encore \u00eatre ratifi\u00e9e par les adh\u00e9rents. Fran\u00e7oise Diehlmann nous a fait un panorama de la situation politique au lendemain des \u00e9lections allemandes. Propos recueillis le 7 octobre 2013.<\/p>\n","protected":false},"author":464,"featured_media":19184,"comment_status":"open","ping_status":"open","sticky":false,"template":"","format":"standard","meta":{"_themeisle_gutenberg_block_has_review":false,"footnotes":""},"categories":[157],"tags":[408,466],"class_list":["post-7122","post","type-post","status-publish","format-standard","has-post-thumbnail","hentry","category-web","tag-allemagne","tag-angela-merkel"],"_links":{"self":[{"href":"https:\/\/archives.regards.fr\/index.php?rest_route=\/wp\/v2\/posts\/7122","targetHints":{"allow":["GET"]}}],"collection":[{"href":"https:\/\/archives.regards.fr\/index.php?rest_route=\/wp\/v2\/posts"}],"about":[{"href":"https:\/\/archives.regards.fr\/index.php?rest_route=\/wp\/v2\/types\/post"}],"author":[{"embeddable":true,"href":"https:\/\/archives.regards.fr\/index.php?rest_route=\/wp\/v2\/users\/464"}],"replies":[{"embeddable":true,"href":"https:\/\/archives.regards.fr\/index.php?rest_route=%2Fwp%2Fv2%2Fcomments&post=7122"}],"version-history":[{"count":0,"href":"https:\/\/archives.regards.fr\/index.php?rest_route=\/wp\/v2\/posts\/7122\/revisions"}],"wp:featuredmedia":[{"embeddable":true,"href":"https:\/\/archives.regards.fr\/index.php?rest_route=\/wp\/v2\/media\/19184"}],"wp:attachment":[{"href":"https:\/\/archives.regards.fr\/index.php?rest_route=%2Fwp%2Fv2%2Fmedia&parent=7122"}],"wp:term":[{"taxonomy":"category","embeddable":true,"href":"https:\/\/archives.regards.fr\/index.php?rest_route=%2Fwp%2Fv2%2Fcategories&post=7122"},{"taxonomy":"post_tag","embeddable":true,"href":"https:\/\/archives.regards.fr\/index.php?rest_route=%2Fwp%2Fv2%2Ftags&post=7122"}],"curies":[{"name":"wp","href":"https:\/\/api.w.org\/{rel}","templated":true}]}}