{"id":7106,"date":"2013-10-14T10:48:06","date_gmt":"2013-10-14T08:48:06","guid":{"rendered":"https:\/\/wp.muchomaas.com\/brignoles-chroniques-d-une7106\/"},"modified":"2023-06-23T23:15:39","modified_gmt":"2023-06-23T21:15:39","slug":"brignoles-chroniques-d-une7106","status":"publish","type":"post","link":"https:\/\/archives.regards.fr\/?p=7106","title":{"rendered":"Brignoles, le FN en marche ?"},"content":{"rendered":"<p class=\"post_excerpt\">Le candidat du FN, Laurent Lopez, a obtenu avec 53,91% une victoire nette et sans bavure. Le succ\u00e8s d&#8217;un candidat frontiste dans cette cantonale partielle n&#8217;est pas une surprise. Lors des scrutins de 2011 et 2012, le candidat FN avait r\u00e9alis\u00e9 50,03% puis 49,9% ce qui d\u00e9montre l&#8217;ancrage de ce parti \u00e0 Brignoles. Les r\u00e9sultats du <a href=\"7077\">premier tour<\/a>, la semaine derni\u00e8re, laissaient peu de doutes sur l&#8217;issue du scrutin. Avec 40% des votants pour Laurent Lopez auquel il fallait ajouter les 9,10% du candidat d&#8217;extr\u00eame dissident, la victoire de l&#8217;extr\u00eame-droite relevait d&#8217;une quasi certitude.\n<\/p>\n<p>Tout au long de la semaine, il n&#8217;a pas manqu\u00e9 d&#8217;analystes pour expliquer \u00e0 sati\u00e9t\u00e9 que les r\u00e9sultats du premier tour n&#8217;avaient aucune signification et que la seule raison en \u00e9tait l&#8217;abstention. La constance du nombre de suffrages obtenus par les candidats du FN au premier tour est incontestable, mais comment expliquer alors que seul ce parti ne soit pas touch\u00e9 par l&#8217;abstention croissante des \u00e9lecteurs\u00a0? M\u00eame de ce point de vue, il y avait l\u00e0 un fait politique qui m\u00e9ritait argumentation.<\/p>\n<p>Les r\u00e9sultats du second tour sont sans appel (cf le tableau ci-dessous). Dans le cadre d&#8217;une remobilisation partielle de l&#8217;\u00e9lectorat qui a vu la participation progresser de 12%, le candidat FN r\u00e9alise son meilleur score des trois \u00e9lections en pourcentage \u2026 et en voix. <\/p>\n<p><img loading=\"lazy\" decoding=\"async\" class=\" aligncenter size-full wp-image-19155\" src=\"https:\/\/wp.muchomaas.com\/wp-content\/uploads\/2013\/10\/fn-4-10d.jpg\" alt=\"fn-4.jpg\" align=\"center\" width=\"460\" height=\"76\" srcset=\"https:\/\/archives.regards.fr\/wp-content\/uploads\/2013\/10\/fn-4-10d.jpg 460w, https:\/\/archives.regards.fr\/wp-content\/uploads\/2013\/10\/fn-4-10d-300x50.jpg 300w\" sizes=\"auto, (max-width: 460px) 100vw, 460px\" \/><\/p>\n<p>En gagnant plus de 2300 voix entre le premier et le second tour, l&#8217;\u00e9lectorat frontiste a progress\u00e9 de 85%. Il est \u00e9videmment difficile d&#8217;expliciter dans le d\u00e9tail la r\u00e9alit\u00e9 de cette augmentation mais des tendances lourdes peuvent \u00eatre d\u00e9gag\u00e9es. La premi\u00e8re, la plus naturelle, c&#8217;est que Laurent Lopez a d\u00fb b\u00e9n\u00e9ficier d&#8217;un excellent report de voix du candidat d&#8217;extr\u00eame-droite dissident. La seconde, c&#8217;est qu&#8217;une fraction non n\u00e9gligeable des abstentionnistes du premier tour s&#8217;est d\u00e9plac\u00e9e au second pour voter en faveur du candidat frontiste. Enfin, plus difficile \u00e0 appr\u00e9cier, est le comportement des \u00e9lecteurs de gauche. Ceux-ci se sont r\u00e9partis entre le vote pour la candidate UMP, l&#8217;abstention ou le vote blanc et le vote pour le candidat FN, dans quelles proportions, c&#8217;est impossible \u00e0 dire. Mais toutes les \u00e9tudes des diff\u00e9rentes partielles depuis un an montrent qu&#8217;une partie de l&#8217;\u00e9lectorat de gauche se reporte sur l&#8217;extr\u00eame-droite lors d&#8217;un second tour FN\/UMP. Ce fait nouveau, s&#8217;il demeure minoritaire, n&#8217;est pas pour autant marginal et doit \u00eatre une source d&#8217;inqui\u00e9tude.<\/p>\n<p>Cette \u00e9lection marque, aussi, l&#8217;\u00e9chec du \u00ab\u00a0front r\u00e9publicain\u00a0\u00bb. Malgr\u00e9 l&#8217;appel du PS et du PCF \u00e0 voter UMP, malgr\u00e9 l&#8217;hyper m\u00e9diatisation de cette cantonale partielle, le candidat FN a \u00e9t\u00e9 \u00e9lu. Faire de l&#8217;UMP du Var un rempart \u00e0 l&#8217;extr\u00eame droite relevait de la tartufferie. Mais en se fourvoyant ainsi, la gauche aura eu le d\u00e9shonneur et la d\u00e9faite. Pire, elle permet au Front National de pointer du doigt l&#8217;unit\u00e9 de tous les partis contre lui et de se poser en seul opposant d&#8217;un syst\u00e8me \u00e0 bout de souffle. Loin des alliances contre-nature, s&#8217;opposer r\u00e9ellement au Front National, c&#8217;est ne pas valider les pr\u00e9suppos\u00e9s de ses discours racistes et offrir une perspective alternative aux politique d&#8217;aust\u00e9rit\u00e9 et de restrictions budg\u00e9taires men\u00e9es ces derni\u00e8res ann\u00e9es. <\/p>\n<p>Enfin, cette \u00e9lection fait appara\u00eetre un autre \u00e9chec, celui qui consiste \u00e0 combattre le Front National en lui attribuant des qualificatifs infamants. \u00ab\u00a0Parti National-fasciste\u00a0\u00bb [[D\u00e9claration de Thierry Mandon, porte-parole des d\u00e9put\u00e9s socialistes le 8 octobre.]], a-t-on entendu cette semaine. Il ne s&#8217;agit pas ici de discuter la justesse ou non du propos mais de son efficacit\u00e9. Comme beaucoup de militants de gauche, l&#8217;auteur de ces lignes a scand\u00e9 \u00ab\u00a0F comme fasciste, N comme nazi &#8230;\u00a0\u00bb et si ce slogan n&#8217;a jamais emp\u00each\u00e9 quiconque de voter FN, au moins cela avait-il la vertu de mobiliser ceux qui \u00e9taient hostiles au parti d&#8217;extr\u00eame droite. La port\u00e9e de ce mot d&#8217;ordre est d\u00e9sormais pour le moins \u00e9mouss\u00e9e. Deux \u00e9l\u00e9ments au moins concourent \u00e0 cette \u00e9volution\u00a0: la modification du discours du FN d&#8217;une part, l&#8217;approfondissement de la crise et l&#8217;ampleur de la d\u00e9sesp\u00e9rance sociale d&#8217;autre part. La mutation du FN version Marine Le Pen est parfois ni\u00e9e dans les rangs de la gauche. Pourtant, affronter le discours d&#8217;un Florian Philipot plut\u00f4t qu&#8217;un Bruno Gollnisch ne peut se faire avec la m\u00eame argumentation. Il existe de ce point de vue un retard \u00e0 l&#8217;allumage au sein m\u00eame de la gauche radicale.<\/p>\n<p>La cantonale partielle de Brignoles doit \u00eatre prise pour un avertissement s\u00e9rieux. Certes, il s&#8217;agit d&#8217;une partielle dans un d\u00e9partement o\u00f9 le FN b\u00e9n\u00e9ficie d&#8217;un fort ancrage depuis maintenant de nombreuses ann\u00e9es. Mais la dynamique \u00e9lectorale et militante dont b\u00e9n\u00e9ficie ce parti est r\u00e9elle. &#8220;Notre priorit\u00e9 est de pr\u00e9parer notre arriv\u00e9e au\u00a0pouvoir&#8221; d\u00e9clarait Marine Le Pen dimanche soir. Face au danger et prisonnier de tous petits calculs \u00e9lectoraux, le Parti Socialiste n&#8217;a qu&#8217;une seule r\u00e9ponse, l&#8217;unit\u00e9 derri\u00e8re lui. Sans remise en cause des politiques men\u00e9es, ce positionnement est la garantie de d\u00e9sastres d&#8217;une toute autre ampleur dans les ann\u00e9es \u00e0 venir.<div id='gallery-1' class='gallery galleryid-7106 gallery-columns-3 gallery-size-thumbnail'><figure class='gallery-item'>\n\t\t\t<div class='gallery-icon landscape'>\n\t\t\t\t<a href='https:\/\/archives.regards.fr\/wp-content\/uploads\/2013\/10\/fn-4-48e.jpg'><img loading=\"lazy\" decoding=\"async\" width=\"150\" height=\"76\" src=\"https:\/\/archives.regards.fr\/wp-content\/uploads\/2013\/10\/fn-4-48e-150x76.jpg\" class=\"attachment-thumbnail size-thumbnail\" alt=\"fn-4.jpg\" \/><\/a>\n\t\t\t<\/div><\/figure><figure class='gallery-item'>\n\t\t\t<div class='gallery-icon landscape'>\n\t\t\t\t<a href='https:\/\/archives.regards.fr\/wp-content\/uploads\/2013\/10\/fn-5-758.jpg'><img loading=\"lazy\" decoding=\"async\" width=\"150\" height=\"150\" src=\"https:\/\/archives.regards.fr\/wp-content\/uploads\/2013\/10\/fn-5-758-150x150.jpg\" class=\"attachment-thumbnail size-thumbnail\" alt=\"Front national brignoles\" aria-describedby=\"gallery-1-19157\" \/><\/a>\n\t\t\t<\/div>\n\t\t\t\t<figcaption class='wp-caption-text gallery-caption' id='gallery-1-19157'>\n\t\t\t\tFront national brignoles\n\t\t\t\t<\/figcaption><\/figure>\n\t\t<\/div>\n<\/p>\n","protected":false},"excerpt":{"rendered":"<p>Le candidat du FN, Laurent Lopez, a obtenu avec 53,91% une victoire nette et sans bavure. Le succ\u00e8s d&#8217;un candidat frontiste dans cette cantonale partielle n&#8217;est pas une surprise. Lors des scrutins de 2011 et 2012, le candidat FN avait r\u00e9alis\u00e9 50,03% puis 49,9% ce qui d\u00e9montre l&#8217;ancrage de ce parti \u00e0 Brignoles. Les r\u00e9sultats du <a href=\"7077\">premier tour<\/a>, la semaine derni\u00e8re, laissaient peu de doutes sur l&#8217;issue du scrutin. Avec 40% des votants pour Laurent Lopez auquel il fallait ajouter les 9,10% du candidat d&#8217;extr\u00eame dissident, la victoire de l&#8217;extr\u00eame-droite relevait d&#8217;une quasi certitude.<\/p>\n","protected":false},"author":1097,"featured_media":19155,"comment_status":"open","ping_status":"open","sticky":false,"template":"","format":"standard","meta":{"_themeisle_gutenberg_block_has_review":false,"footnotes":""},"categories":[157],"tags":[355],"class_list":["post-7106","post","type-post","status-publish","format-standard","has-post-thumbnail","hentry","category-web","tag-extreme-droite"],"_links":{"self":[{"href":"https:\/\/archives.regards.fr\/index.php?rest_route=\/wp\/v2\/posts\/7106","targetHints":{"allow":["GET"]}}],"collection":[{"href":"https:\/\/archives.regards.fr\/index.php?rest_route=\/wp\/v2\/posts"}],"about":[{"href":"https:\/\/archives.regards.fr\/index.php?rest_route=\/wp\/v2\/types\/post"}],"author":[{"embeddable":true,"href":"https:\/\/archives.regards.fr\/index.php?rest_route=\/wp\/v2\/users\/1097"}],"replies":[{"embeddable":true,"href":"https:\/\/archives.regards.fr\/index.php?rest_route=%2Fwp%2Fv2%2Fcomments&post=7106"}],"version-history":[{"count":0,"href":"https:\/\/archives.regards.fr\/index.php?rest_route=\/wp\/v2\/posts\/7106\/revisions"}],"wp:featuredmedia":[{"embeddable":true,"href":"https:\/\/archives.regards.fr\/index.php?rest_route=\/wp\/v2\/media\/19155"}],"wp:attachment":[{"href":"https:\/\/archives.regards.fr\/index.php?rest_route=%2Fwp%2Fv2%2Fmedia&parent=7106"}],"wp:term":[{"taxonomy":"category","embeddable":true,"href":"https:\/\/archives.regards.fr\/index.php?rest_route=%2Fwp%2Fv2%2Fcategories&post=7106"},{"taxonomy":"post_tag","embeddable":true,"href":"https:\/\/archives.regards.fr\/index.php?rest_route=%2Fwp%2Fv2%2Ftags&post=7106"}],"curies":[{"name":"wp","href":"https:\/\/api.w.org\/{rel}","templated":true}]}}