{"id":7082,"date":"2013-10-08T17:21:24","date_gmt":"2013-10-08T15:21:24","guid":{"rendered":"https:\/\/wp.muchomaas.com\/numero-de-septembre-du-e-mensuel7082\/"},"modified":"2023-06-23T23:15:36","modified_gmt":"2023-06-23T21:15:36","slug":"numero-de-septembre-du-e-mensuel7082","status":"publish","type":"post","link":"https:\/\/archives.regards.fr\/?p=7082","title":{"rendered":"Num\u00e9ro d&#8217;octobre du e-mensuel"},"content":{"rendered":"\n\n<p class=\"post_excerpt\">D\u00e9couvrez le nouveau num\u00e9ro de notre e-mensuel en cliquant sur l&#8217;image ci-dessous puis en tournant les pages.<\/p>\n\n<strong>Octobre 2013<\/strong>\n\n<p>\n<strong>Autoportrait<\/strong> Corinne Morel-Darleux<br>\n<strong>Dossier<\/strong> Les Verts sont ils toujours verts ?<br>\n<strong>Isabelle Lorand<\/strong> Valls Fun\u00e8bre<br>\n<strong>Utopies concr\u00e8tes<\/strong> Les monnaies locales contre le capitalisme<br>\n<strong>L\u2019opinion au scalpel<\/strong> Cartographie du Front de Gauche<br>\n<strong>R\u00e9tro<\/strong> Merkel<br>\n<strong>Sur un plateau<\/strong> Taubira, le\u00e7on de t\u00e9l\u00e9 <br>\n<strong>Le livre politique<\/strong> Dette, 5000 ans d\u2019histoire\/Entretien avec David Graeber<br>\n<strong>Le\u00efla Chaibi<\/strong> La lutte des places\n\n<iframe loading=\"lazy\" width=\"460\" height=\"327\" src=\"\/\/e.issuu.com\/embed.html#6130135\/5139358\" frameborder=\"0\" allowfullscreen><\/iframe>\n\n\n<strong>Autres modes de lecture possible<\/strong> : cliquez ci-dessous pour acc\u00e9der \u00e0 la version imprimable (sans images) ou (avec images).\n<h2 class=\"wp-block-heading\">Documents joints<\/h2>\n\n\n\n<div class=\"wp-block-file\"><a href=\"https:\/\/wp.muchomaas.com\/wp-content\/uploads\/2013\/10\/emensuel_octobre_print-011.pdf\">Version pdf imprimable (avec images)<\/a><\/div>\n\n\n\n<div class=\"wp-block-file\"><a href=\"https:\/\/wp.muchomaas.com\/wp-content\/uploads\/2013\/10\/emensuel_octobre_print_sansimages-360.pdf\">Version pdf imprimable (sans images)<\/a><\/div>\n\n\n","protected":false},"excerpt":{"rendered":"<p>D\u00e9couvrez le nouveau num\u00e9ro de notre e-mensuel en cliquant sur l&#8217;image ci-dessous puis en tournant les pages.<\/p>\n","protected":false},"author":643,"featured_media":0,"comment_status":"open","ping_status":"open","sticky":false,"template":"","format":"standard","meta":{"_themeisle_gutenberg_block_has_review":false,"footnotes":""},"categories":[1],"tags":[359],"class_list":["post-7082","post","type-post","status-publish","format-standard","hentry","category-non-classe","tag-exclure-de-la-home"],"_links":{"self":[{"href":"https:\/\/archives.regards.fr\/index.php?rest_route=\/wp\/v2\/posts\/7082","targetHints":{"allow":["GET"]}}],"collection":[{"href":"https:\/\/archives.regards.fr\/index.php?rest_route=\/wp\/v2\/posts"}],"about":[{"href":"https:\/\/archives.regards.fr\/index.php?rest_route=\/wp\/v2\/types\/post"}],"author":[{"embeddable":true,"href":"https:\/\/archives.regards.fr\/index.php?rest_route=\/wp\/v2\/users\/643"}],"replies":[{"embeddable":true,"href":"https:\/\/archives.regards.fr\/index.php?rest_route=%2Fwp%2Fv2%2Fcomments&post=7082"}],"version-history":[{"count":0,"href":"https:\/\/archives.regards.fr\/index.php?rest_route=\/wp\/v2\/posts\/7082\/revisions"}],"wp:attachment":[{"href":"https:\/\/archives.regards.fr\/index.php?rest_route=%2Fwp%2Fv2%2Fmedia&parent=7082"}],"wp:term":[{"taxonomy":"category","embeddable":true,"href":"https:\/\/archives.regards.fr\/index.php?rest_route=%2Fwp%2Fv2%2Fcategories&post=7082"},{"taxonomy":"post_tag","embeddable":true,"href":"https:\/\/archives.regards.fr\/index.php?rest_route=%2Fwp%2Fv2%2Ftags&post=7082"}],"curies":[{"name":"wp","href":"https:\/\/api.w.org\/{rel}","templated":true}]}}