{"id":7077,"date":"2013-10-07T16:19:57","date_gmt":"2013-10-07T14:19:57","guid":{"rendered":"https:\/\/wp.muchomaas.com\/brignoles-apres-la-deroute-le7077\/"},"modified":"2023-06-23T23:15:35","modified_gmt":"2023-06-23T21:15:35","slug":"brignoles-apres-la-deroute-le7077","status":"publish","type":"post","link":"https:\/\/archives.regards.fr\/?p=7077","title":{"rendered":"\u00c9lections \u00e0 Brignoles, faut-il mobiliser le &#8220;Front r\u00e9publicain&#8221; contre le FN?"},"content":{"rendered":"<p class=\"post_excerpt\">Les r\u00e9sultats de l&#8217;\u00e9lection cantonale partielle de Brignoles dans le Var sont d\u00e9sastreux. Le candidat du FN, Laurent Lopez, obtient 40% des voix auxquelles il faut ajouter les 9,10% de Jean-Paul Dispard, candidat FN en 2011 et 2012 et d\u00e9sormais dissident d&#8217;extr\u00eame droite. L&#8217;UMP avec 20,76% est loin derri\u00e8re. Quant \u00e0 la gauche, avec 14,48% pour le candidat PCF et 8,89% pour la candidate EELV, elle s&#8217;est litt\u00e9ralement volatilis\u00e9e. <\/p>\n<p>La premi\u00e8re erreur dans l&#8217;analyse de ce scrutin serait d&#8217;en relativiser l&#8217;importance en raison de l&#8217;ampleur de l&#8217;abstention qui s&#8217;\u00e9l\u00e8ve \u00e0 66,7 %. Ce serait oublier les r\u00e9sultats des deux scrutins pr\u00e9c\u00e9dents. En mars 2011, le FN Jean-Paul Dispard l&#8217;avait emport\u00e9 de cinq voix avec 50,03% sur le candidat communiste avant que l&#8217;\u00e9lection ne soit annul\u00e9e. En juin 2012, un an plus tard, le communiste l&#8217;emportait avec 50,1% et 13 voix d&#8217;avance contre le m\u00eame Dispard, \u00e9lection qui allait \u00eatre annul\u00e9e \u00e0 son tour. Ces deux r\u00e9sultats indiquent la permanence et la force du vote FN qui atteint sur ce territoire 50% au second tour. L&#8217;\u00e9lection de 2012 est aussi int\u00e9ressante comme \u00e9l\u00e9ment de comparaison car il s&#8217;agissait d\u00e9j\u00e0 d&#8217;une \u00e9lection partielle \u00e0 fort taux d&#8217;abstention (62,5%). Or, \u00e0 cette \u00e9lection, le candidat du PCF soutenu par le PS avait obtenu 39,6% quand le candidat frontiste r\u00e9alisait 34,9% et l&#8217;UMP 25,4%. C&#8217;est donc bien \u00e0 un effondrement de l&#8217;\u00e9lectorat de gauche auquel on a assist\u00e9 et les dates ne sont pas anodines. Juin 2012, octobre 2013 : ce qui s\u00e9pare ces deux \u00e9lections partielles, ce sont les seize mois au pouvoir de la majorit\u00e9 gouvernementale PS\/EELV.<\/p>\n<p>Dans ces conditions, les d\u00e9clarations de certains responsables socialistes peuvent abasourdir. Christophe Borgel, secr\u00e9taire national charg\u00e9 des \u00e9lections, a ainsi d\u00e9clar\u00e9 <em>&#8220;Ce r\u00e9sultat doit\u00a0sonner\u00a0comme un s\u00e9v\u00e8re avertissement pour tous les partis de gauche : lorsque le Front national est fort, la division produira souvent le m\u00eame r\u00e9sultat&#8221;<\/em>. Ainsi donc, l&#8217;urgence serait de mettre au pas toute la gauche, d&#8217;an\u00e9antir toute critique de la politique gouvernementale. Et d\u00e9j\u00e0 se met en place le sc\u00e9nario, si bien rod\u00e9 c\u00f4t\u00e9 socialiste, du &#8220;vote utile&#8221; pour les prochaines \u00e9lections en agitant l&#8217;\u00e9pouvantail de l&#8217;extr\u00eame droite. Cette approche politicienne n&#8217;est pas simplement m\u00e9diocre, elle est dans ses effets catastrophique car elle refuse d&#8217;interroger les cons\u00e9quences de la politique gouvernementale.<\/p>\n<p>Et c&#8217;est l\u00e0 qu&#8217;une nouvelle fois ressort le Front r\u00e9publicain. Curieux Front r\u00e9publicain au demeurant puisqu&#8217;il englobe la gauche, l&#8217;UMP et \u2026 Jean-Paul Dispard \u00e9conduit par le FN et qui \u00e9marge d\u00e9sormais au Parti de la France du tr\u00e8s r\u00e9publicain Carl Lang. Et puis pour qui conna\u00eet, m\u00eame un peu, la r\u00e9alit\u00e9 de l&#8217;UMP du d\u00e9partement du Var, il faut avoir l&#8217;estomac bien accroch\u00e9 pour en faire un quelconque rempart contre l&#8217;extr\u00eame droite. Dans un canton dont on voit mal comment il pourrait \u00e9chapper au FN, n&#8217;y avait-il pas meilleure id\u00e9e que d&#8217;afficher un cadre commun gauche\/UMP\u00a0? D\u00e8s dimanche soir, le vice-pr\u00e9sident du FN Florian Philippot se frottait les mains devant une telle aubaine et d\u00e9non\u00e7ait les partis du syst\u00e8me unis contre ce pauvre FN.<\/p>\n<p>Finalement, ce front r\u00e9publicain va consister \u00e0 soutenir des gens peu recommandables, affubl\u00e9s d&#8217;alli\u00e9s qui le sont encore moins et probablement, en plus, pour perdre. Un vrai travail d&#8217;orf\u00e8vre&#8230;<div id='gallery-1' class='gallery galleryid-7077 gallery-columns-3 gallery-size-thumbnail'><figure class='gallery-item'>\n\t\t\t<div class='gallery-icon landscape'>\n\t\t\t\t<a href='https:\/\/archives.regards.fr\/wp-content\/uploads\/2013\/10\/fn-3-fac.jpg'><img loading=\"lazy\" decoding=\"async\" width=\"150\" height=\"150\" src=\"https:\/\/archives.regards.fr\/wp-content\/uploads\/2013\/10\/fn-3-fac-150x150.jpg\" class=\"attachment-thumbnail size-thumbnail\" alt=\"fn-3.jpg\" \/><\/a>\n\t\t\t<\/div><\/figure>\n\t\t<\/div>\n<\/p>\n","protected":false},"excerpt":{"rendered":"<p>Les r\u00e9sultats de l&#8217;\u00e9lection cantonale partielle de Brignoles dans le Var sont d\u00e9sastreux. Le candidat du FN, Laurent Lopez, obtient 40% des voix auxquelles il faut ajouter les 9,10% de Jean-Paul Dispard, candidat FN en 2011 et 2012 et d\u00e9sormais dissident d&#8217;extr\u00eame droite. L&#8217;UMP avec 20,76% est loin derri\u00e8re. Quant \u00e0 la gauche, avec 14,48% pour le candidat PCF et 8,89% pour la candidate EELV, elle s&#8217;est litt\u00e9ralement volatilis\u00e9e. <\/p>\n","protected":false},"author":1097,"featured_media":19105,"comment_status":"open","ping_status":"open","sticky":false,"template":"","format":"standard","meta":{"_themeisle_gutenberg_block_has_review":false,"footnotes":""},"categories":[157],"tags":[355],"class_list":["post-7077","post","type-post","status-publish","format-standard","has-post-thumbnail","hentry","category-web","tag-extreme-droite"],"_links":{"self":[{"href":"https:\/\/archives.regards.fr\/index.php?rest_route=\/wp\/v2\/posts\/7077","targetHints":{"allow":["GET"]}}],"collection":[{"href":"https:\/\/archives.regards.fr\/index.php?rest_route=\/wp\/v2\/posts"}],"about":[{"href":"https:\/\/archives.regards.fr\/index.php?rest_route=\/wp\/v2\/types\/post"}],"author":[{"embeddable":true,"href":"https:\/\/archives.regards.fr\/index.php?rest_route=\/wp\/v2\/users\/1097"}],"replies":[{"embeddable":true,"href":"https:\/\/archives.regards.fr\/index.php?rest_route=%2Fwp%2Fv2%2Fcomments&post=7077"}],"version-history":[{"count":0,"href":"https:\/\/archives.regards.fr\/index.php?rest_route=\/wp\/v2\/posts\/7077\/revisions"}],"wp:featuredmedia":[{"embeddable":true,"href":"https:\/\/archives.regards.fr\/index.php?rest_route=\/wp\/v2\/media\/19105"}],"wp:attachment":[{"href":"https:\/\/archives.regards.fr\/index.php?rest_route=%2Fwp%2Fv2%2Fmedia&parent=7077"}],"wp:term":[{"taxonomy":"category","embeddable":true,"href":"https:\/\/archives.regards.fr\/index.php?rest_route=%2Fwp%2Fv2%2Fcategories&post=7077"},{"taxonomy":"post_tag","embeddable":true,"href":"https:\/\/archives.regards.fr\/index.php?rest_route=%2Fwp%2Fv2%2Ftags&post=7077"}],"curies":[{"name":"wp","href":"https:\/\/api.w.org\/{rel}","templated":true}]}}