{"id":7055,"date":"2013-09-30T10:27:12","date_gmt":"2013-09-30T08:27:12","guid":{"rendered":"https:\/\/wp.muchomaas.com\/j-ai-tue-maurice-thorez-au-theatre7055\/"},"modified":"2013-09-30T10:27:12","modified_gmt":"2013-09-30T08:27:12","slug":"j-ai-tue-maurice-thorez-au-theatre7055","status":"publish","type":"post","link":"https:\/\/archives.regards.fr\/?p=7055","title":{"rendered":"J&#8217;ai tu\u00e9 Maurice Thorez ! au th\u00e9\u00e2tre \u00e0 Marseille"},"content":{"rendered":"<ul>\n<li> \u2022 \u00ab J&#8217;ai tu\u00e9 Maurice Thorez ! &#8211; Trag\u00e9die comique contemporaine \u00bb<\/li>\n<li> \u2022 de Gilles Ascaride<\/li>\n<li> \u2022 avec G\u00e9rard Andr\u00e9ani et Gilles Ascaride<\/li>\n<li> \u2022 Mise en sc\u00e8ne de Serge Valletti<\/li>\n<li> \u2022 (texte publi\u00e9 aux <a href=\"http:\/\/www.lefioupelan.com\/\">\u00c9ditions du Fioup\u00e9llan<\/a>)<br clear=\"all\"><br \/>\n<\/li>\n<li> \u2022 Les vendredi 4 et samedi 5 octobre \u00e0 20h30<\/li>\n<li> \u2022 au th\u00e9\u00e2tre du T\u00e9tard<\/li>\n<li> \u2022 33, rue Ferrari<\/li>\n<li> \u2022 13005 Marseille<\/li>\n<li> \u2022 <a href=\"http:\/\/www.letetard.com\/\">www.letetard.com<\/a><br clear=\"all\"><br \/>\n<\/li>\n<li> \u2022 Renseignement et r\u00e9servation: 04 91 47 39 93<\/li>\n<li> \u2022 Possibilit\u00e9 de restauration sur place<\/li>\n<li> \u2022 Plein Tarif 13 \u20ac\/ tarif r\u00e9duit 8\u20ac<br clear=\"all\"><br \/>\n<br \/>\nCe r\u00e9cit loufoque et fantaisiste, nous plonge dans un Marseille des ann\u00e9es 60 et dans une ambiance politico-historico-comico-sociale qui semble bien lointaine de nos jours alors qu&#8217; elle est d&#8217;hier. Dans cette pi\u00e8ce \u00e0 deux personnages un homme d&#8217;une bonne soixantaine se retrouve devant un juge. Il demande \u00e0 \u00eatre jug\u00e9 et surtout condamn\u00e9 avec la plus grande s\u00e9v\u00e9rit\u00e9.<br clear=\"all\"><br \/>\n<br \/>\nIl s\u2019accuse d&#8217;\u00eatre un criminel. son crime? Avoir tu\u00e9 Maurice Thorez, secr\u00e9taire g\u00e9n\u00e9ral du Parti Communiste Fran\u00e7ais de 1930 \u00e0 1964. Apriori ce n\u2019est pas possible puisque le dirigeant communiste est mort subitement et de sa &#8220;belle mort&#8221; \u00e0 bord d&#8217;un paquebot de croisi\u00e8re sovi\u00e9tique en M\u00e9diterran\u00e9e.<br clear=\"all\"><br \/>\n<br \/>\nL\u2019\u00e9change va s\u2019\u00e9tablir entre le r\u00e9cit d&#8217;un assassin improbable et un juge partag\u00e9 entre amusement, stup\u00e9faction et curiosit\u00e9? A t il affaire \u00e0 un mythomane, un fou furieux, un hallucin\u00e9 ou un v\u00e9ritable assassin?\n <\/li>\n<\/ul>\n","protected":false},"excerpt":{"rendered":"<p>\u2022 \u00ab J&#8217;ai tu\u00e9 Maurice Thorez ! &#8211; Trag\u00e9die comique contemporaine \u00bb \u2022 de Gilles Ascaride \u2022 avec G\u00e9rard Andr\u00e9ani et Gilles Ascaride \u2022 Mise en sc\u00e8ne de Serge Valletti \u2022 (texte publi\u00e9 aux \u00c9ditions du Fioup\u00e9llan) \u2022 Les vendredi 4 et samedi 5 octobre \u00e0 20h30 \u2022 au th\u00e9\u00e2tre du T\u00e9tard \u2022 33, rue [&hellip;]<\/p>\n","protected":false},"author":643,"featured_media":19059,"comment_status":"open","ping_status":"open","sticky":false,"template":"","format":"standard","meta":{"_themeisle_gutenberg_block_has_review":false,"footnotes":""},"categories":[111],"tags":[405],"class_list":["post-7055","post","type-post","status-publish","format-standard","has-post-thumbnail","hentry","category-nos-selections","tag-theatre"],"_links":{"self":[{"href":"https:\/\/archives.regards.fr\/index.php?rest_route=\/wp\/v2\/posts\/7055","targetHints":{"allow":["GET"]}}],"collection":[{"href":"https:\/\/archives.regards.fr\/index.php?rest_route=\/wp\/v2\/posts"}],"about":[{"href":"https:\/\/archives.regards.fr\/index.php?rest_route=\/wp\/v2\/types\/post"}],"author":[{"embeddable":true,"href":"https:\/\/archives.regards.fr\/index.php?rest_route=\/wp\/v2\/users\/643"}],"replies":[{"embeddable":true,"href":"https:\/\/archives.regards.fr\/index.php?rest_route=%2Fwp%2Fv2%2Fcomments&post=7055"}],"version-history":[{"count":0,"href":"https:\/\/archives.regards.fr\/index.php?rest_route=\/wp\/v2\/posts\/7055\/revisions"}],"wp:featuredmedia":[{"embeddable":true,"href":"https:\/\/archives.regards.fr\/index.php?rest_route=\/wp\/v2\/media\/19059"}],"wp:attachment":[{"href":"https:\/\/archives.regards.fr\/index.php?rest_route=%2Fwp%2Fv2%2Fmedia&parent=7055"}],"wp:term":[{"taxonomy":"category","embeddable":true,"href":"https:\/\/archives.regards.fr\/index.php?rest_route=%2Fwp%2Fv2%2Fcategories&post=7055"},{"taxonomy":"post_tag","embeddable":true,"href":"https:\/\/archives.regards.fr\/index.php?rest_route=%2Fwp%2Fv2%2Ftags&post=7055"}],"curies":[{"name":"wp","href":"https:\/\/api.w.org\/{rel}","templated":true}]}}