{"id":7046,"date":"2013-09-26T10:40:27","date_gmt":"2013-09-26T08:40:27","guid":{"rendered":"https:\/\/wp.muchomaas.com\/la-vie-domestique-24h-dans-la-vie7046\/"},"modified":"2023-06-23T23:15:31","modified_gmt":"2023-06-23T21:15:31","slug":"la-vie-domestique-24h-dans-la-vie7046","status":"publish","type":"post","link":"https:\/\/archives.regards.fr\/?p=7046","title":{"rendered":"La Vie domestique, 24h dans la vie d\u2019une femme"},"content":{"rendered":"<p>Ce film est un bijou. De r\u00e9alit\u00e9. La r\u00e9alisatrice Isabelle Cjazka, remarqu\u00e9e en 2010 pour son premier long m\u00e9trage <em>D\u2019amour et d\u2019eau fraiche<\/em>, signe aujourd\u2019hui <em>La Vie domestique<\/em>, une adaptation du best seller anglais de Rachel Cusk (<em>Arlington Park<\/em>). Le film se passe dans une banlieue parisienne, autour de quelques femmes de milieux favoris\u00e9s ayant suspendu leur activit\u00e9 professionnelle pour \u00e9lever leurs enfants. Le personnage principal, joliment incarn\u00e9 par Emmanuelle Devos, tente de d\u00e9crocher un entretien pour un emploi dans une maison d\u2019\u00e9dition. Nous la suivons pendant 24h, au c\u0153ur de sa vie familiale et domestique, aux c\u00f4t\u00e9s de ses voisines \u2013 Julie Ferrier, Natacha R\u00e9gnier, Helena Noguerra &#8211; qui vivent un quotidien du m\u00eame tonneau. Le spectateur, la spectatrice sont embarqu\u00e9s dans ses difficult\u00e9s mat\u00e9rielles, ses tensions int\u00e9rieures et ext\u00e9rieures, ses d\u00e9sirs contradictoires, son enfermement dans la maison. L\u2019approche est particuli\u00e8rement r\u00e9ussie parce qu\u2019elle n\u2019est ni simpliste ni caricaturale, \u00e9vitant de distribuer les mauvais points aux \u00ab\u00a0salauds\u00a0\u00bb masculins et les bons points aux femmes opprim\u00e9es. C\u2019est tout l\u2019enjeu de l\u2019int\u00e9riorisation des rapports de domination qui est ici mise en sc\u00e8ne. Les hommes semblent ailleurs (de la maison). Et eux aussi insatisfaits\u2026 de voir leur femme insatisfaite. <\/p>\n<p><iframe loading=\"lazy\" width=\"460\" height=\"259\" src=\"\/\/www.youtube.com\/embed\/C3j9q1SscF8\" frameborder=\"0\" allowfullscreen><\/iframe><\/p>\n<p><em>La Vie domestique<\/em> permet d\u2019entrevoir les marges de progression pour parvenir \u00e0 l\u2019\u00e9mancipation individuelle et collective. Il montre le jeu de r\u00f4les dans lequel hommes et femmes sont enferm\u00e9s et nous parle de ce moment de l\u2019histoire, le n\u00f4tre, o\u00f9 les identit\u00e9s masculine et f\u00e9minine sont troubl\u00e9es, bouscul\u00e9es par les avanc\u00e9es du droit des femmes. \u00c0 sa fa\u00e7on, le film nous emm\u00e8ne l\u00e0 o\u00f9 nous pouvons d\u00e9faire le genre pour r\u00e9inventer les places et les d\u00e9sirs de chacune et chacun. Intimiste, \u00e0 la fois dramatique et dr\u00f4le, le film d\u2019Isabelle Cjazka sonne comme un anti <em>Desperate Housewives<\/em>, cette s\u00e9rie am\u00e9ricaine qui mettait en sc\u00e8ne quatre femmes de banlieue chic de fa\u00e7on normative et irr\u00e9elle. On respire.<div id='gallery-1' class='gallery galleryid-7046 gallery-columns-3 gallery-size-thumbnail'><figure class='gallery-item'>\n\t\t\t<div class='gallery-icon landscape'>\n\t\t\t\t<a href='https:\/\/archives.regards.fr\/wp-content\/uploads\/2013\/09\/lavie-7ae.jpg'><img loading=\"lazy\" decoding=\"async\" width=\"150\" height=\"150\" src=\"https:\/\/archives.regards.fr\/wp-content\/uploads\/2013\/09\/lavie-7ae-150x150.jpg\" class=\"attachment-thumbnail size-thumbnail\" alt=\"lavie.jpg\" \/><\/a>\n\t\t\t<\/div><\/figure>\n\t\t<\/div>\n<\/p>\n","protected":false},"excerpt":{"rendered":"<p>Ce film est un bijou. De r\u00e9alit\u00e9. La r\u00e9alisatrice Isabelle Cjazka, remarqu\u00e9e en 2010 pour son premier long m\u00e9trage D\u2019amour et d\u2019eau fraiche, signe aujourd\u2019hui La Vie domestique, une adaptation du best seller anglais de Rachel Cusk (Arlington Park). Le film se passe dans une banlieue parisienne, autour de quelques femmes de milieux favoris\u00e9s ayant [&hellip;]<\/p>\n","protected":false},"author":570,"featured_media":19051,"comment_status":"open","ping_status":"open","sticky":false,"template":"","format":"standard","meta":{"_themeisle_gutenberg_block_has_review":false,"footnotes":""},"categories":[157],"tags":[299],"class_list":["post-7046","post","type-post","status-publish","format-standard","has-post-thumbnail","hentry","category-web","tag-cinema"],"_links":{"self":[{"href":"https:\/\/archives.regards.fr\/index.php?rest_route=\/wp\/v2\/posts\/7046","targetHints":{"allow":["GET"]}}],"collection":[{"href":"https:\/\/archives.regards.fr\/index.php?rest_route=\/wp\/v2\/posts"}],"about":[{"href":"https:\/\/archives.regards.fr\/index.php?rest_route=\/wp\/v2\/types\/post"}],"author":[{"embeddable":true,"href":"https:\/\/archives.regards.fr\/index.php?rest_route=\/wp\/v2\/users\/570"}],"replies":[{"embeddable":true,"href":"https:\/\/archives.regards.fr\/index.php?rest_route=%2Fwp%2Fv2%2Fcomments&post=7046"}],"version-history":[{"count":0,"href":"https:\/\/archives.regards.fr\/index.php?rest_route=\/wp\/v2\/posts\/7046\/revisions"}],"wp:featuredmedia":[{"embeddable":true,"href":"https:\/\/archives.regards.fr\/index.php?rest_route=\/wp\/v2\/media\/19051"}],"wp:attachment":[{"href":"https:\/\/archives.regards.fr\/index.php?rest_route=%2Fwp%2Fv2%2Fmedia&parent=7046"}],"wp:term":[{"taxonomy":"category","embeddable":true,"href":"https:\/\/archives.regards.fr\/index.php?rest_route=%2Fwp%2Fv2%2Fcategories&post=7046"},{"taxonomy":"post_tag","embeddable":true,"href":"https:\/\/archives.regards.fr\/index.php?rest_route=%2Fwp%2Fv2%2Ftags&post=7046"}],"curies":[{"name":"wp","href":"https:\/\/api.w.org\/{rel}","templated":true}]}}