{"id":7042,"date":"2013-09-25T13:27:03","date_gmt":"2013-09-25T11:27:03","guid":{"rendered":"https:\/\/wp.muchomaas.com\/le-depart-de-noel-mamere-scelle-la7042\/"},"modified":"2013-09-25T13:27:03","modified_gmt":"2013-09-25T11:27:03","slug":"le-depart-de-noel-mamere-scelle-la7042","status":"publish","type":"post","link":"https:\/\/archives.regards.fr\/?p=7042","title":{"rendered":"Le d\u00e9part de No\u00ebl Mam\u00e8re scelle la normalisation d\u2019EELV"},"content":{"rendered":"<p class=\"post_excerpt\">Apr\u00e8s l\u2019\u00e9viction de Pascal Durand de la direction du parti \u00e9cologiste, No\u00ebl Mam\u00e8re quitte Europe Ecologie-Les Verts. Le d\u00e9put\u00e9-maire de B\u00e8gles pointe la responsabilit\u00e9 de l\u2019\u00e9quipe Duflot dans la mise au pas de la deuxi\u00e8me formation de la majorit\u00e9 gouvernementale.<\/p>\n<p>Ce n\u2019est pas une surprise. Mais \u00e0 quelques encablures de son congr\u00e8s, c\u2019est la nouvelle dont Europe Ecologie-Les Verts (EELV) se serait bien pass\u00e9e\u00a0: No\u00ebl Mam\u00e8re annonce qu\u2019il quitte la formation qu\u2019il a contribu\u00e9 \u00e0 cr\u00e9er. Le seul candidat vert \u00e0 avoir d\u00e9pass\u00e9 la barre de 5\u00a0% \u00e0 une \u00e9lection pr\u00e9sidentielle (2002) a confirm\u00e9 sa position dans un entretien accord\u00e9 au journal <a href=\"http:\/\/www.lemonde.fr\/politique\/article\/2013\/09\/25\/mamere-je-ne-vois-pas-tres-bien-l-utilite-des-ecologistes-dans-la-majorite_3483974_823448.html\"><em>Le Monde<\/em><\/a>. Outre la critique du fonctionnement de son organisation, il est difficile de ne pas lire que No\u00ebl Mam\u00e8re s\u2019oppose de plus en plus \u00e0 la politique d\u2019aust\u00e9rit\u00e9 du gouvernement.<\/p>\n<p>La ligne Hollande-Ayrault divise profond\u00e9ment le parti \u00e9cologiste. EELV a affirm\u00e9 un d\u00e9saccord frontal sur le projet d\u2019a\u00e9roport de Notre-Dame-des-Landes. Le parti a lanc\u00e9 un ultimatum \u00e0 ses partenaires socialistes sur la fiscalit\u00e9 \u00e9cologique. Et les \u00e9colos ne peuvent masquer leurs inqui\u00e9tudes quant \u00e0 l\u2019exploitation des gaz de schiste, r\u00e9guli\u00e8rement remise sur le devant de la sc\u00e8ne par Arnaud Montebourg. Les \u00e9cologistes voient leur participation au gouvernement sans cesse remise en cause par une succession des conflits avec la rue de Solf\u00e9rino. <\/p>\n<p>No\u00ebl Mam\u00e8re a fait entendre sa petite musique d\u00e8s les premiers mois. Il a menac\u00e9 de ne pas voter la confiance au gouvernement en juillet 2012, ne se ralliant qu\u2019au dernier moment apr\u00e8s avoir re\u00e7u des assurances sur le devenir du r\u00e9acteur nucl\u00e9aire Astrid. L\u2019\u00e9viction de Delphine Batho en juin dernier l\u2019a amen\u00e9 \u00e0 hausser encore le ton et \u00e0 d\u00e9fendre la sortie du gouvernement. Une position que l\u2019eurod\u00e9put\u00e9 EELV Yannick Jadot, dans nos colonnes, a qualifi\u00e9 d\u2019<em>\u00ab\u00a0extr\u00eamement minoritaire\u00a0\u00bb<\/em> bien qu\u2019Yves Cochet l\u2019ait lui aussi d\u00e9fendue. <em>\u00ab\u00a0M\u00eame les courants plus critiques ne demandent pas la sortie du gouvernement. Ceci \u00e9tant, la question est pos\u00e9e parce que nous savons que cet automne est un moment de v\u00e9rit\u00e9\u00a0\u00bb<\/em>, nous a encore expliqu\u00e9 le parlementaire.<\/p>\n<p>Le moment de v\u00e9rit\u00e9 est visiblement \u00e0 l\u2019ordre du jour au sein d\u2019Europe Ecologie-Les Verts. La crise larv\u00e9e a d\u00e9bouch\u00e9 sur le d\u00e9part de Pascal Durand, un d\u00e9part en forme d\u2019\u00e9viction men\u00e9e par l\u2019\u00e9quipe de C\u00e9cile Duflot. C\u2019est en tous cas la vision d\u00e9fendue par No\u00ebl Mam\u00e8re\u00a0: <em>\u00ab\u00a0Pascal Durand est une variable d&#8217;ajustement. On le nomme en 2012 parce qu&#8217;il est compatible entre Europe Ecologie et Les Verts. La preuve est faite aujourd&#8217;hui que la greffe n&#8217;a pas pris. La mani\u00e8re dont il a \u00e9t\u00e9 trait\u00e9 est humiliante.\u00a0\u00bb<\/em> C\u2019est d\u2019ailleurs une proche de la ministre du Logement, Emmanuelle Cosse, qui est pressentie pour prendre la t\u00eate d\u2019un parti consid\u00e9rablement affaibli.<\/p>\n<p>Sergio Coronado, interrog\u00e9 sur une cha\u00eene d\u2019information, a affirm\u00e9 <em>\u00ab\u00a0partager en grande partie\u00a0\u00bb<\/em> le diagnostic dress\u00e9 par No\u00ebl Mam\u00e8re. Alain Lipietz a \u00e9t\u00e9 plus loin en accusant \u00ab\u00a0la firme (l\u2019\u00e9quipe de C\u00e9cile Duflot \u2013\u00a0NDLR)\u00a0\u00bb de <em>\u00ab\u00a0tuer EELV\u00a0\u00bb<\/em>. Le parti EELV qui a fait ces derni\u00e8res ann\u00e9es figure de trublion de la vie politique fran\u00e7aise, en pr\u00e9sentant Eva Joly \u00e0 la pr\u00e9sidentielle, rentre donc dans le rang. Dans cet attelage entre militants issus de la soci\u00e9t\u00e9 civile et vieux routiers de la politique, ce sont visiblement les plus habitu\u00e9s aux man\u0153uvres d\u2019appareil qui reprennent les choses en main. C\u2019est le message paradoxal qu\u2019envoie le d\u00e9part du roublard No\u00ebl Mam\u00e8re.<\/p>\n","protected":false},"excerpt":{"rendered":"<p>Apr\u00e8s l\u2019\u00e9viction de Pascal Durand de la direction du parti \u00e9cologiste, No\u00ebl Mam\u00e8re quitte Europe Ecologie-Les Verts. Le d\u00e9put\u00e9-maire de B\u00e8gles pointe la responsabilit\u00e9 de l\u2019\u00e9quipe Duflot dans la mise au pas de la deuxi\u00e8me formation de la majorit\u00e9 gouvernementale.<\/p>\n","protected":false},"author":1149,"featured_media":0,"comment_status":"open","ping_status":"open","sticky":false,"template":"","format":"standard","meta":{"_themeisle_gutenberg_block_has_review":false,"footnotes":""},"categories":[157],"tags":[457],"class_list":["post-7042","post","type-post","status-publish","format-standard","hentry","category-web","tag-eelv"],"_links":{"self":[{"href":"https:\/\/archives.regards.fr\/index.php?rest_route=\/wp\/v2\/posts\/7042","targetHints":{"allow":["GET"]}}],"collection":[{"href":"https:\/\/archives.regards.fr\/index.php?rest_route=\/wp\/v2\/posts"}],"about":[{"href":"https:\/\/archives.regards.fr\/index.php?rest_route=\/wp\/v2\/types\/post"}],"author":[{"embeddable":true,"href":"https:\/\/archives.regards.fr\/index.php?rest_route=\/wp\/v2\/users\/1149"}],"replies":[{"embeddable":true,"href":"https:\/\/archives.regards.fr\/index.php?rest_route=%2Fwp%2Fv2%2Fcomments&post=7042"}],"version-history":[{"count":0,"href":"https:\/\/archives.regards.fr\/index.php?rest_route=\/wp\/v2\/posts\/7042\/revisions"}],"wp:attachment":[{"href":"https:\/\/archives.regards.fr\/index.php?rest_route=%2Fwp%2Fv2%2Fmedia&parent=7042"}],"wp:term":[{"taxonomy":"category","embeddable":true,"href":"https:\/\/archives.regards.fr\/index.php?rest_route=%2Fwp%2Fv2%2Fcategories&post=7042"},{"taxonomy":"post_tag","embeddable":true,"href":"https:\/\/archives.regards.fr\/index.php?rest_route=%2Fwp%2Fv2%2Ftags&post=7042"}],"curies":[{"name":"wp","href":"https:\/\/api.w.org\/{rel}","templated":true}]}}