{"id":7030,"date":"2013-09-21T09:05:59","date_gmt":"2013-09-21T07:05:59","guid":{"rendered":"https:\/\/wp.muchomaas.com\/jean-luc-melenchon-l-autonomie-par7030\/"},"modified":"2013-09-21T09:05:59","modified_gmt":"2013-09-21T07:05:59","slug":"jean-luc-melenchon-l-autonomie-par7030","status":"publish","type":"post","link":"https:\/\/archives.regards.fr\/?p=7030","title":{"rendered":"Jean-Luc M\u00e9lenchon, les municipales et l&#8217;avenir du Front de gauche"},"content":{"rendered":"<p class=\"post_excerpt\">La question des alliances PC \u2013 PS au premier tour des \u00e9lections municipales enflamme le Front de Gauche. Alors que le feu couvait depuis plusieurs mois et \u00e0 quelques jours du vote des militants communistes Jean-Luc M\u00e9lenchon fait monter la pression et en fait une question d\u00e9cisive pour l\u2019avenir du Front de Gauche. Sur son blog, il \u00e9crit\u00a0: <em>\u00ab\u00a0Il y aura une liste autonome de l\u2019autre gauche \u00e0 Paris\u00a0comme partout ailleurs, au premier tour. A Paris, Danielle Simonnet en a lanc\u00e9 la campagne la semaine pass\u00e9e\u00a0! Que devient alors le \u00ab\u00a0Front de Gauche\u00a0\u00bb si une partie de l\u2019une de ses composantes pr\u00e9f\u00e8re l\u2019alliance avec les socialistes\u00a0? C\u2019est la question que nous sommes en train d\u2019\u00e9tudier.\u00a0Dans les faits, un Front d\u2019un type nouveau sera pr\u00e9sent\u00a0: certains communistes l\u2019auront quitt\u00e9, pas tous, loin de l\u00e0, d\u2019autres composantes l\u2019auront rejoint peut-\u00eatre. Mais plus rien ne sera comme avant.\u00bb<\/em> Nous l\u2019avons rencontr\u00e9 pour une explication de texte.<\/p>\n<p><strong>Regards.fr.<\/strong><em> <strong> Vous semblez anticiper une d\u00e9cision des communistes parisiens en faveur de l\u2019alliance avec les socialistes au premier tour. Pourquoi le pensez-vous ?<\/strong> <\/em><\/p>\n<p><strong>Jean-Luc M\u00e9lenchon.<\/strong> Parce que les n\u00e9gociations entre communistes et socialistes sont tr\u00e8s avanc\u00e9es\u00a0! Nos partenaires du Front de gauche ne nous informent de rien mais on apprend incidemment, au d\u00e9tour d\u2019un article dans l\u2019Humanit\u00e9, \u00e0 propos de Dieppe que des n\u00e9gociations sont en cours entre les deux partis \u00e0 Paris. Fin ao\u00fbt, quand le journaliste de Lib\u00e9ration interroge Pierre Laurent sur les pr\u00e9tentions du Front de gauche \u00e0 obtenir 15 \u00e9lus parisiens il confirme que la nouvelle repr\u00e9sentativit\u00e9 du Front de gauche doit \u00eatre prise en compte par les socialistes. Pourtant il n\u2019a pas de mandat du Front de gauche pour cette n\u00e9gociation. Serions-nous le deuxi\u00e8me choix du PCF en cas d\u2019\u00e9chec des n\u00e9gociations avec les socialistes\u00a0? Ce n\u2019est pas acceptable.<\/p>\n<p><em> <strong>Mais le vote des militants communistes n\u2019interviendra qu\u2019en octobre\u2026<\/strong> <\/em><\/p>\n<p>Je leur lance une alerte solennelle\u00a0: ce vote n\u2019a pas seulement une dimension locale. La question est de savoir si le Front de Gauche s\u2019assume comme une alternative. Pour nous les discussions \u00e0 Paris avec la f\u00e9d\u00e9 du PCF sont suspendues tant que les militants ne se seront pas prononc\u00e9s. Nous avons commenc\u00e9 la campagne.<\/p>\n<p><em> <strong>Ne dramatisez-vous pas\u00a0?<\/strong> <\/em><\/p>\n<p>Je refuse de masquer le danger\u00a0! Nous tirerons les cons\u00e9quences d\u2019un accord avec les socialistes \u00e0 Paris, \u00e0 \u00c9vry \u2013 la ville de Manuel Valls, \u00e0 Nantes &#8211; celle de Jean-Marc Ayrault, \u00e0 Lyon, \u00e0 Toulouse\u2026 Car alors il y aurait un s\u00e9rieux probl\u00e8me de coh\u00e9rence et de visibilit\u00e9 pour le Front de Gauche. On ne peut pas manifester le samedi contre la politique du gouvernement et voter le dimanche pour un de ses ministres. Cette confusion rend le Front de Gauche inaudible, alors m\u00eame que le d\u00e9bat se polarise dans les m\u00e9dias  autour du Front National.<\/p>\n<p><em> <strong>Vous savez bien que Toulouse, Nantes, Lyon sont des f\u00e9d\u00e9rations autrefois \u00ab\u00a0huistes\u00a0\u00bb (en accord avec Robert Hue) hors de contr\u00f4le de l\u2019actuelle direction du Parti communiste\u2026<\/strong> <\/em><\/p>\n<p>Ce d\u00e9bat n\u2019est pas le mien. Je dis seulement que c\u2019est la clart\u00e9 politique qui unifie et non les compromis entre fractions. La coh\u00e9rence est une responsabilit\u00e9 politique qu\u2019il faut assumer. Il serait \u00e9trange d\u2019avoir un parti avec deux syst\u00e8mes d\u2019alliance alors m\u00eame que la majorit\u00e9 des communistes sera sans nul doute favorable \u00e0 des listes autonomes. Tous les communistes de France, toutes les listes du front de gauche seront d\u00e9cr\u00e9dibilis\u00e9s par le retour de quelques uns au bercail de la gauche plurielle\u00a0! Et cela alors que sept des neuf organisations qui composent le Front de Gauche sont d\u00e9j\u00e0 en faveur de l\u2019autonomie. Quelle est la position du PCF\u00a0? Bref\u00a0: je consid\u00e8re que ce serait une faute politique de s\u2019allier avec le PS. Pierre Laurent milite pour \u2026 et moi contre. Les militants vont trancher. Puis les \u00e9lecteurs.<\/p>\n<p><em> <strong>Le Front de Gauche est un Front et non un parti unique. N\u2019est-il pas normal qu\u2019il y ait des diff\u00e9rences entre ses composantes\u00a0?<\/strong> <\/em> <\/p>\n<p>L\u2019autonomie par rapport au Parti Socialiste est dans notre accord initial. La question des Fronts \u00e0 g\u00e9om\u00e9trie variable a \u00e9t\u00e9 tranch\u00e9e. Le PCF \u00e9tait d\u2019abord pour. Nous, nous voulions un parti unique. Cela n\u2019a \u00e9t\u00e9 ni l\u2019un ni l\u2019autre, mais une alliance durable dont la colonne vert\u00e9brale est l\u2019autonomie. Surtout dans une \u00e9lection \u00e0 deux tours. Disparaitre du premier tour c\u2019est diminuer la gauche. Peut-on imaginer que nous fermions la boutique Front de Gauche jusqu\u2019en avril pour la rouvrir au moment des europ\u00e9ennes en mai. Faudra-t-il la refermer de nouveau en 2015 lors des \u00e9lections pour les conseillers territoriaux\u00a0? <\/p>\n<p><em> <strong>Faut-il alors prendre le risque de faire exploser le Front de gauche\u00a0? <\/strong> <\/em> <\/p>\n<p>Je ne crois pas que le Front de Gauche va se fracasser. Mais de fait il y a un risque d\u2019explosion de son message et de sa cr\u00e9dibilit\u00e9. Il y a deux \u00e9cueils mortels pour le Front de Gauche\u00a0: l\u2019absence de base sociale ou l\u2019absence de strat\u00e9gie. Je ne veux ni de l\u2019un ni de l\u2019autre. Je veux \u00e9largir la base du Front en tranchant le d\u00e9bat strat\u00e9gique. <\/p>\n<p>La question essentielle est celle de d\u00e9passer le leadership socialiste. Nous sommes tous d\u2019accord pour travailler \u00e0 un \u00e9largissement politique du Front de Gauche. Mais il y a deux voies. Pour nous, les \u00e9lections municipales sont l\u2019occasion d\u2019\u00e9largir les alliances politiques vers tous les opposants \u00e0 l\u2019aust\u00e9rit\u00e9. Faire alliance avec le Parti Socialiste conduit \u00e0 se d\u00e9tourner des militants du mouvement social, des socialistes qui n\u2019acceptent pas la politique du gouvernement, des \u00e9cologistes critiques. Nous, nous voulons construire les conditions d\u2019une nouvelle majorit\u00e9 et cela passe par leur tendre la main sans leur demander de dire la m\u00eame chose que nous. Juste de rompre avec l\u2019aust\u00e9rit\u00e9. Si nous ne faisons pas ces listes autonomes, nous leur coupons la route de la sortie du dispositif socialiste. C\u2019est parce que nous serons autonomes que nous pourrons faire coaguler les forces d\u2019alternatives. <\/p>\n<p>Je ne propose pas l\u2019\u00e9pop\u00e9e folle des derniers r\u00e9sistants. Je refuse la bunkerisation dans la vieille alliance de gauche plurielle. Je propose une strat\u00e9gie de conqu\u00eate et d\u2019\u00e9largissement. On m\u2019objecte parfois le risque de perdre. C\u2019est inh\u00e9rent aux \u00e9lections. Je veux aussi prendre le risque de gagner.<\/p>\n<p>Lire aussi l&#8217;article de Roger Martelli, <em><a href=\"http:\/\/www.politis.fr\/Municipales-et-Front-de-gauche-la,23670.html\">Municipales et Front de gauche : la voie de l\u2019entente<\/a><\/em> sur le site de <em>Politis<\/em><\/p>\n","protected":false},"excerpt":{"rendered":"<p>La question des alliances PC \u2013 PS au premier tour des \u00e9lections municipales enflamme le Front de Gauche. Alors que le feu couvait depuis plusieurs mois et \u00e0 quelques jours du vote des militants communistes Jean-Luc M\u00e9lenchon fait monter la pression et en fait une question d\u00e9cisive pour l\u2019avenir du Front de Gauche. Sur son blog, il \u00e9crit\u00a0: <em>\u00ab\u00a0Il y aura une liste autonome de l\u2019autre gauche \u00e0 Paris\u00a0comme partout ailleurs, au premier tour. A Paris, Danielle Simonnet en a lanc\u00e9 la campagne la semaine pass\u00e9e\u00a0! Que devient alors le \u00ab\u00a0Front de Gauche\u00a0\u00bb si une partie de l\u2019une de ses composantes pr\u00e9f\u00e8re l\u2019alliance avec les socialistes\u00a0? C\u2019est la question que nous sommes en train d\u2019\u00e9tudier.\u00a0Dans les faits, un Front d\u2019un type nouveau sera pr\u00e9sent\u00a0: certains communistes l\u2019auront quitt\u00e9, pas tous, loin de l\u00e0, d\u2019autres composantes l\u2019auront rejoint peut-\u00eatre. Mais plus rien ne sera comme avant.\u00bb<\/em> Nous l\u2019avons rencontr\u00e9 pour une explication de texte.<\/p>\n","protected":false},"author":464,"featured_media":0,"comment_status":"open","ping_status":"open","sticky":false,"template":"","format":"standard","meta":{"_themeisle_gutenberg_block_has_review":false,"footnotes":""},"categories":[157],"tags":[293,452],"class_list":["post-7030","post","type-post","status-publish","format-standard","hentry","category-web","tag-entretien","tag-front-de-gauche"],"_links":{"self":[{"href":"https:\/\/archives.regards.fr\/index.php?rest_route=\/wp\/v2\/posts\/7030","targetHints":{"allow":["GET"]}}],"collection":[{"href":"https:\/\/archives.regards.fr\/index.php?rest_route=\/wp\/v2\/posts"}],"about":[{"href":"https:\/\/archives.regards.fr\/index.php?rest_route=\/wp\/v2\/types\/post"}],"author":[{"embeddable":true,"href":"https:\/\/archives.regards.fr\/index.php?rest_route=\/wp\/v2\/users\/464"}],"replies":[{"embeddable":true,"href":"https:\/\/archives.regards.fr\/index.php?rest_route=%2Fwp%2Fv2%2Fcomments&post=7030"}],"version-history":[{"count":0,"href":"https:\/\/archives.regards.fr\/index.php?rest_route=\/wp\/v2\/posts\/7030\/revisions"}],"wp:attachment":[{"href":"https:\/\/archives.regards.fr\/index.php?rest_route=%2Fwp%2Fv2%2Fmedia&parent=7030"}],"wp:term":[{"taxonomy":"category","embeddable":true,"href":"https:\/\/archives.regards.fr\/index.php?rest_route=%2Fwp%2Fv2%2Fcategories&post=7030"},{"taxonomy":"post_tag","embeddable":true,"href":"https:\/\/archives.regards.fr\/index.php?rest_route=%2Fwp%2Fv2%2Ftags&post=7030"}],"curies":[{"name":"wp","href":"https:\/\/api.w.org\/{rel}","templated":true}]}}