{"id":7023,"date":"2013-09-19T16:08:10","date_gmt":"2013-09-19T14:08:10","guid":{"rendered":"https:\/\/wp.muchomaas.com\/protestation-des-sages-femmes-de7023\/"},"modified":"2013-09-19T16:08:10","modified_gmt":"2013-09-19T14:08:10","slug":"protestation-des-sages-femmes-de7023","status":"publish","type":"post","link":"https:\/\/archives.regards.fr\/?p=7023","title":{"rendered":"Protestation des sages-femmes de la maternit\u00e9 des Lilas"},"content":{"rendered":"<p class=\"post_excerpt\">Les Sages-femmes de la maternit\u00e9 des Lilas se mettent \u00e0 nu pour leur maternit\u00e9. Lire aussi notre article <a href=\"6811\"><em>Maternit\u00e9 des Lilas \u00ab On va vers une standardisation de la naissance \u00bb<\/em><\/a>.\n<\/p>\n<p><iframe loading=\"lazy\" width=\"460\" height=\"345\" src=\"\/\/www.youtube.com\/embed\/4zTznyD2wVs?rel=0\" frameborder=\"0\" allowfullscreen><\/iframe><\/p>\n<p>La maternit\u00e9 des Lilas pour qui le cauchemar continue n&#8217;en finit pas de faire parler d&#8217;elle.<\/p>\n<p>Alors que l&#8217;ARS poursuit son programme de destruction de cet \u00e9tablissement, les sages femmes de la maternit\u00e9 ont d\u00e9cid\u00e9 de poser d\u00e9nud\u00e9es afin de faire entendre leur voix.<\/p>\n<p>Cet \u00e9tablissement pionnier de l&#8217;accouchement sans douleur, haut lieu de respect du droit des femmes \u00e0 disposer de leurs corps, se voit proposer d&#8217;int\u00e9grer des locaux d\u00e9saffect\u00e9s \u00e0 Montreuil.<\/p>\n<p>C&#8217;est \u00e0 court terme la mort de l&#8217;\u00e9tablissement et de son projet m\u00e9dical que propose l&#8217;ARS avec ce nouveau projet \u00ab alternatif \u00bb.<\/p>\n<p>Les sages-femmes ont donc d\u00e9cid\u00e9 d&#8217;\u00eatre pr\u00e9sentes dans le d\u00e9bat et de d\u00e9fendre les valeurs pour lesquelles elles viennent travailler ici et nulle par ailleurs. Elles sont claires, elles se battront jusqu&#8217;au bout.<\/p>\n<p>Avec ces photos, elles appellent \u00e0 les soutenir et \u00e0 venir manifester pour leur maternit\u00e9 le 21 septembre, \u00e0 11 heures aux Lilas. Le rendez-vous est fix\u00e9 devant la mairie.<\/p>\n<ul>\n<li> \u2022 Mairie des Lilas<\/li>\n<li> \u2022 96 rue de Paris<\/li>\n<li> \u2022 Les Lilas (93)<\/li>\n<li> \u2022 M\u00e9tro Mairie-des-Lilas\n<p>Une p\u00e9tition est \u00e9galement en ligne :<br \/>\nhttp:\/\/www.change.org\/maternitedeslilas\n<\/li>\n<\/ul>\n","protected":false},"excerpt":{"rendered":"<p>Les Sages-femmes de la maternit\u00e9 des Lilas se mettent \u00e0 nu pour leur maternit\u00e9. Lire aussi notre article <a href=\"6811\"><em>Maternit\u00e9 des Lilas \u00ab On va vers une standardisation de la naissance \u00bb<\/em><\/a>.<\/p>\n","protected":false},"author":643,"featured_media":19021,"comment_status":"open","ping_status":"open","sticky":false,"template":"","format":"standard","meta":{"_themeisle_gutenberg_block_has_review":false,"footnotes":""},"categories":[152],"tags":[],"class_list":["post-7023","post","type-post","status-publish","format-standard","has-post-thumbnail","hentry","category-agenda-militant"],"_links":{"self":[{"href":"https:\/\/archives.regards.fr\/index.php?rest_route=\/wp\/v2\/posts\/7023","targetHints":{"allow":["GET"]}}],"collection":[{"href":"https:\/\/archives.regards.fr\/index.php?rest_route=\/wp\/v2\/posts"}],"about":[{"href":"https:\/\/archives.regards.fr\/index.php?rest_route=\/wp\/v2\/types\/post"}],"author":[{"embeddable":true,"href":"https:\/\/archives.regards.fr\/index.php?rest_route=\/wp\/v2\/users\/643"}],"replies":[{"embeddable":true,"href":"https:\/\/archives.regards.fr\/index.php?rest_route=%2Fwp%2Fv2%2Fcomments&post=7023"}],"version-history":[{"count":0,"href":"https:\/\/archives.regards.fr\/index.php?rest_route=\/wp\/v2\/posts\/7023\/revisions"}],"wp:featuredmedia":[{"embeddable":true,"href":"https:\/\/archives.regards.fr\/index.php?rest_route=\/wp\/v2\/media\/19021"}],"wp:attachment":[{"href":"https:\/\/archives.regards.fr\/index.php?rest_route=%2Fwp%2Fv2%2Fmedia&parent=7023"}],"wp:term":[{"taxonomy":"category","embeddable":true,"href":"https:\/\/archives.regards.fr\/index.php?rest_route=%2Fwp%2Fv2%2Fcategories&post=7023"},{"taxonomy":"post_tag","embeddable":true,"href":"https:\/\/archives.regards.fr\/index.php?rest_route=%2Fwp%2Fv2%2Ftags&post=7023"}],"curies":[{"name":"wp","href":"https:\/\/api.w.org\/{rel}","templated":true}]}}