{"id":7016,"date":"2013-09-23T09:55:53","date_gmt":"2013-09-23T07:55:53","guid":{"rendered":"https:\/\/wp.muchomaas.com\/conference-internationale-sur-rosa7016\/"},"modified":"2013-09-23T09:55:53","modified_gmt":"2013-09-23T07:55:53","slug":"conference-internationale-sur-rosa7016","status":"publish","type":"post","link":"https:\/\/archives.regards.fr\/?p=7016","title":{"rendered":"Conf\u00e9rence Internationale sur Rosa Luxemburg"},"content":{"rendered":"<p class=\"post_excerpt\">Paris, Sorbonne, 4-5 Octobre 2013<\/p>\n<p><strong>\u00ab D\u00e9mocratie et R\u00e9volution chez Rosa Luxemburg \u00bb <\/strong> &#8211; Une des plus importantes contributions de Rosa Luxemburg \u00e0 la pens\u00e9e marxiste moderne est son refus de s\u00e9parer les notions de \u00ab d\u00e9mocratie \u00bb et \u00ab r\u00e9volution \u00bb. Cela se traduit dans <\/p>\n<ul>\n<li> a) sa critique des limites de la d\u00e9mocratie bourgeoise, <\/li>\n<li> b) dans sa conception du combat r\u00e9volutionnaire comme auto-\u00e9mancipation d\u00e9mocratique des grandes masses, <\/li>\n<li> c) sa vision de la d\u00e9mocratie socialiste et ses formes d\u2019organisation, et <\/li>\n<li> d) dans sa ferme insistance &#8211; en discussion avec les r\u00e9volutionnaires russes &#8211; sur l\u2019importance des libert\u00e9s d\u00e9mocratiques dans la transition vers le socialisme. <\/li>\n<\/ul>\n<p>Nous allons nous int\u00e9resser aussi \u00e0 la question de la d\u00e9mocratie dans ses \u00e9crits sur le marxisme, sur l\u2019\u00e9conomie politique ou sur la question nationale (auto-administration locale et autonomie nationale comme solutions d\u00e9mocratiques). <\/p>\n<p>Ce sont des questions qui restent d\u2019une actualit\u00e9 \u00e9vidente au d\u00e9but du 21\u00e8me si\u00e8cle. Le but de la Conf\u00e9rence sera \u00e0 la fois d\u2019analyser les aspects historiques et les textes eux-m\u00eames, et la signification politique pr\u00e9sente de cette probl\u00e9matique, \u00e0 une \u00e9poque de crise de la d\u00e9mocratie, dans un contexte de crise de la civilisation capitaliste.<\/p>\n<p>Inscription \u00e0 Maxime Benatouil : <a href=\"mailto:benatouil@transform-network.net\">benatouil@transform-network.net<\/a><\/p>\n<h2>PROGRAMME DES JOURNEES <\/h2>\n<p><strong>Vendredi 4 octobre<\/strong><br \/>\nSorbonne, amphith\u00e9\u00e2tre Lefebvre<\/p>\n<ul>\n<li> \u2022 <strong>15h00 \u2013 17h30<\/strong>  : Table ronde 1 : pr\u00e9sentation des \u00e9ditions nouvelles des \u0152uvres de Rosa Luxemburg en allemand, anglais et fran\u00e7ais<\/li>\n<li> Peter Hudis, Eric Sevault, Annelies Laschitza, Holger Politt, Jacqueline Bois<\/li>\n<li> \u2022 <strong>17h30-18h30<\/strong> : petite r\u00e9ception informelle <\/li>\n<li> \u2022 <strong>18h30-21h00<\/strong> : Ouverture \u00ab grand public \u00bb de la Conf\u00e9rence<\/li>\n<\/ul>\n<ul>\n<li> I) Introduction [18h30 \u2013 19h00]<\/li>\n<li> Pr\u00e9sidence :  Elisabeth Gauthier. <\/li>\n<li> Discours de bienvenue: Narihiko Ito, Evelin Wittich.<\/li>\n<\/ul>\n<ul>\n<li> II) Table Ronde 2. Ouverture  [19h00 \u2013 21h00]<\/li>\n<li> Isabel Loureiro, Claudie Weill, Mylene Gaulard, Michael L\u00f6wy, Rory Castle<br \/>\n<br clear=\"all\"><br \/>\n<\/li>\n<\/ul>\n<p><strong>Samedi 5 octobre<\/strong><br \/>\nSorbonne, la Salle 6 du Panth\u00e9on<br clear=\"all\"><br \/>\n<\/p>\n<ul>\n<li> \u2022 <strong>10h00 \u2013 12h15<\/strong> : Table ronde 3 : Socialisme et d\u00e9mocratie <\/li>\n<li> Michael Brie, Ottokar Luban, Jean-Numa Ducange, Pablo Slavin, Feliks Tych <\/li>\n<li> \u2022 <strong>12h15 \u2013 14h00<\/strong> : pause d\u00e9jeuner<\/li>\n<li> \u2022<strong> 14h00 \u2013 16h15<\/strong> : Table Ronde 4 : D\u00e9mocratie bourgeoise, d\u00e9mocratie r\u00e9volutionnaire, avec J\u00f6rg Wollenberg, Sobhanlal Datta Gupta, Ingo Schmidt, David Muhlman, Michael Kraetke.<\/li>\n<li> \u2022 <strong>16h15-16h45<\/strong> : pause caf\u00e9<\/li>\n<li> \u2022 <strong>16h45 \u2013 19h00<\/strong> : Table Ronde 5 : Rosa Luxemburg et d\u2019autres<\/li>\n<li> Frigga Haug, Sandra Rein, Alexey Gusev, Ben Lewis, Philippe Corcuff<br \/>\n <br clear=\"all\"><br \/>\n<br \/>\nNous remercions nos coll\u00e8gues \u00e0 Paris &#8211; particuli\u00e8rement Elisabeth Gauthier, Michael L\u00f6wy, Jean-Numa Ducange, Claudie Weill, Jacqueline Bois, Maxime Benatouil, Eric Sevault &#8211; pour le travail intensif qu\u2019ils ont consacr\u00e9 \u00e0 l\u2019organisation de cette conf\u00e9rence.<br \/>\n<br clear=\"all\"><br \/>\n<br \/>\nConf\u00e9rence organis\u00e9e et\/ou soutenue par :<\/li>\n<li> \u2022 Soci\u00e9t\u00e9 Internationale Rosa Luxemburg<\/li>\n<li> \u2022 Universit\u00e9 de Paris I Panth\u00e9on-La Sorbonne\/Centre d\u2019histoire des syst\u00e8mes de pens\u00e9e moderne (CHSPM)<\/li>\n<li> \u2022 Espaces Marx<\/li>\n<li> \u2022 Fondation Rosa Luxemburg<\/li>\n<li> \u2022 Gerda und Hermann Weber Stiftung<\/li>\n<li> \u2022 Transform!Europe<\/li>\n<\/ul>\n","protected":false},"excerpt":{"rendered":"<p>Paris, Sorbonne, 4-5 Octobre 2013<\/p>\n","protected":false},"author":643,"featured_media":0,"comment_status":"open","ping_status":"open","sticky":false,"template":"","format":"standard","meta":{"_themeisle_gutenberg_block_has_review":false,"footnotes":""},"categories":[152],"tags":[],"class_list":["post-7016","post","type-post","status-publish","format-standard","hentry","category-agenda-militant"],"_links":{"self":[{"href":"https:\/\/archives.regards.fr\/index.php?rest_route=\/wp\/v2\/posts\/7016","targetHints":{"allow":["GET"]}}],"collection":[{"href":"https:\/\/archives.regards.fr\/index.php?rest_route=\/wp\/v2\/posts"}],"about":[{"href":"https:\/\/archives.regards.fr\/index.php?rest_route=\/wp\/v2\/types\/post"}],"author":[{"embeddable":true,"href":"https:\/\/archives.regards.fr\/index.php?rest_route=\/wp\/v2\/users\/643"}],"replies":[{"embeddable":true,"href":"https:\/\/archives.regards.fr\/index.php?rest_route=%2Fwp%2Fv2%2Fcomments&post=7016"}],"version-history":[{"count":0,"href":"https:\/\/archives.regards.fr\/index.php?rest_route=\/wp\/v2\/posts\/7016\/revisions"}],"wp:attachment":[{"href":"https:\/\/archives.regards.fr\/index.php?rest_route=%2Fwp%2Fv2%2Fmedia&parent=7016"}],"wp:term":[{"taxonomy":"category","embeddable":true,"href":"https:\/\/archives.regards.fr\/index.php?rest_route=%2Fwp%2Fv2%2Fcategories&post=7016"},{"taxonomy":"post_tag","embeddable":true,"href":"https:\/\/archives.regards.fr\/index.php?rest_route=%2Fwp%2Fv2%2Ftags&post=7016"}],"curies":[{"name":"wp","href":"https:\/\/api.w.org\/{rel}","templated":true}]}}