{"id":7011,"date":"2013-09-17T15:17:01","date_gmt":"2013-09-17T13:17:01","guid":{"rendered":"https:\/\/wp.muchomaas.com\/yannick-jadot-eurodepute-eelv7011\/"},"modified":"2023-06-23T23:15:27","modified_gmt":"2023-06-23T21:15:27","slug":"yannick-jadot-eurodepute-eelv7011","status":"publish","type":"post","link":"https:\/\/archives.regards.fr\/?p=7011","title":{"rendered":"Yannick Jadot, eurod\u00e9put\u00e9 EELV, \u00ab Notre bilan n&#8217;est pas totalement n\u00e9gatif \u00bb"},"content":{"rendered":"<p class=\"post_excerpt\">Ce ne sont plus des couleuvres que les \u00e9cologistes avalent mais des boas. Dimanche soir sur TF1, Fran\u00e7ois Hollande a douch\u00e9 leurs espoirs d\u2019une taxe sur le diesel, les \u00e9lus EELV devront se contenter d\u2019un cr\u00e9dit d\u2019imp\u00f4t sur la r\u00e9novation thermique. Toujours selon les d\u00e9clarations du Pr\u00e9sident, la future contribution climat \u00e9nergie montera en puissance \u00ab\u00a0de mani\u00e8re limit\u00e9e\u00a0\u00bb et n&#8217;aura \u00ab\u00a0pas d&#8217;effet en 2014\u00a0\u00bb. De quoi f\u00e2cher s\u00e9rieusement les \u00e9colos. Jusqu\u2019\u00e0 envisager une sortie\u00a0du gouvernement\u00a0? Qu\u2019en pense l\u2019eurod\u00e9put\u00e9 EELV Yannick Jadot\u00a0? Entretien.<\/p>\n<p><strong>Regards.fr.<\/strong> <em> <strong> Apr\u00e8s l\u2019intervention de Fran\u00e7ois Hollande sur TF1, la question du d\u00e9part d\u2019EELV du gouvernement est-elle relanc\u00e9e\u00a0?<\/strong> <\/em><\/p>\n<p><strong>Yannick Jadot.<\/strong> Tant que nous pensons pouvoir faire bouger les choses, nous serons l\u00e0. Je ne sais pas ce que sera le budget sur la fiscalit\u00e9 \u00e9cologique. Je ne peux donc pas me prononcer aujourd\u2019hui. Notre r\u00e9alit\u00e9, c\u2019est que nous savons que cette affaire est compliqu\u00e9e. Mais s\u2019il y a de la fiscalit\u00e9 \u00e9colo dans le budget 2014, ce sera gr\u00e2ce \u00e0 nous. Et d\u2019ores et d\u00e9j\u00e0, au moins, un d\u00e9bat existe sur la fiscalit\u00e9 \u00e9colo. Si nous n\u2019\u00e9tions pas au gouvernement, il n\u2019y aurait m\u00eame pas ce d\u00e9bat. D&#8217;ailleurs, nous avons gagn\u00e9 une r\u00e9solution \u00e0 l\u2019Assembl\u00e9e nationale qui d\u00e9fend cette fiscalit\u00e9. Un comit\u00e9 permanent d\u2019experts a \u00e9t\u00e9 install\u00e9 apr\u00e8s la conf\u00e9rence environnementale l\u2019ann\u00e9e derni\u00e8re. Notre responsabilit\u00e9, c\u2019est de peser sur les choix gouvernementaux et le budget 2014. Si on ne vote pas le budget, on sait ce que cela signifiera en terme de coalition gouvernementale. Mais aujourd\u2019hui, nous n\u2019avons pas les \u00e9l\u00e9ments pour nous prononcer. <\/p>\n<p><em> <strong>O\u00f9 placez-vous le curseur\u00a0?<\/strong> <\/em><\/p>\n<p>La participation au gouvernement est compliqu\u00e9e. Nous avons dit notre d\u00e9ception, m\u00eame si le d\u00e9bat sur le gaz de schiste est clos, que la construction de l\u2019a\u00e9roport Notre-Dame-des-Landes est diff\u00e9r\u00e9e et que nous avons une loi sur le logement. Notre bilan n\u2019est pas totalement n\u00e9gatif. Pour le budget 2014, nous nous battons pour la baisse de la TVA sur l\u2019ensemble de la r\u00e9novation thermique, sur le soutien aux \u00e9nergies renouvelables, contre l\u2019extension des porcheries industrielles. Nous nous battons et nous \u00e9valuerons dans les semaines qui viennent. Il est difficile de placer un curseur\u00a0: nous jugerons ce qui sera soumis au vote. Ce qui n\u2019est pas au rendez-vous c\u2019est la fa\u00e7on de fonctionner. Le cap de la transition \u00e9cologique et la m\u00e9thode de travail doivent \u00eatre repris. Un accord entre partis politiques dans cette Ve R\u00e9publique n\u2019a aucune valeur pour le Pr\u00e9sident. Cela conduit \u00e0 une sorte de rapport de force permanent qui est mauvais pour le gouvernement comme pour les id\u00e9es que nous portons. <\/p>\n<p><em> <strong>On vous a vu dans rue avec les syndicats et le Front de Gauche contre la r\u00e9forme des retraites. N\u2019y a-t-il pas l\u00e0 un motif de rupture\u00a0pour EELV ?<\/strong> <\/em><\/p>\n<p>Nous avons clairement dit que ce projet \u00e9tait insuffisant. Cette loi n\u2019est pas scandaleuse, \u00e0 part sur la dur\u00e9e de cotisation. Mais elle ne pose aucune r\u00e9forme s\u00e9rieuse sur la p\u00e9nibilit\u00e9, la progressivit\u00e9, la participation des entreprises au r\u00e9gime. Ceci \u00e9tant, pour l\u2019instant, ce n\u2019est pas un casus belli.<\/p>\n<p><em> <strong>Que diriez-vous de l\u2019ambiance, du d\u00e9bat interne \u00e0 EELV\u00a0?<\/strong> <\/em><\/p>\n<p>On est tous frustr\u00e9s. Nous avons souhait\u00e9 participer \u00e0 ce gouvernement mais il y a de la d\u00e9ception. On est tous d\u2019accord sur le fait que nous ne voulons pas commenter la politique gouvernementale mais nous voulons la faire \u00e9voluer. On attend des actes. Ceux qui d\u00e9fendent la sortie du gouvernement sont extr\u00eamement minoritaires au sein d\u2019EELV. Seul Noel Mam\u00e8re a pris cette position. M\u00eame les courants plus critiques ne demandent pas la sortie du gouvernement. Ceci \u00e9tant, la question est pos\u00e9e parce que nous savons que cet automne est un moment de v\u00e9rit\u00e9.<\/p>\n<p><em> <strong>Dans les sondages sur les intentions de vote pour les prochaines \u00e9lections, on voit une \u00e9rosion nette du vote EELV. Qu\u2019en tirez-vous comme enseignement\u00a0?<\/strong> <\/em><\/p>\n<p>On doit toujours s\u2019interroger sur notre capacit\u00e9 \u00e0 convaincre l\u2019opinion sur nos propositions. La tr\u00e8s grande majorit\u00e9 des partis politiques relayant les lobbies ont plut\u00f4t r\u00e9ussi \u00e0 convaincre que la fiscalit\u00e9 \u00e9colo \u00e9tait forc\u00e9ment n\u00e9gative. Cela montre que nous avons du mal \u00e0 faire passer nos id\u00e9es en ce moment dans le contexte de crise. C\u2019est l\u2019ensemble de la question \u00e9colo qui est en r\u00e9gression. La p\u00e9riode est aussi difficile pour les associations \u00e9cologistes. On doit en prendre acte et d\u00e9montrer notre capacit\u00e9 \u00e0 r\u00e9pondre \u00e0 la question environnementale, sociale et \u00e9conomique.<\/p>\n<p><em> <strong>Que pensez-vous de l\u2019id\u00e9e de constituer une autre majorit\u00e9, notamment avec le Front de Gauche et une partie des socialistes\u00a0?<\/strong> <\/em><\/p>\n<p>Je ne me pose pas des questions qui ne se posent pas. Ce n\u2019est tout simplement dans d\u2019actualit\u00e9 car il n\u2019y a pas de r\u00e9alit\u00e9 qui corresponde \u00e0 un tel projet.<\/p>\n<div id='gallery-1' class='gallery galleryid-7011 gallery-columns-3 gallery-size-thumbnail'><figure class='gallery-item'>\n\t\t\t<div class='gallery-icon landscape'>\n\t\t\t\t<a href='https:\/\/archives.regards.fr\/wp-content\/uploads\/2013\/09\/jadot-726.jpg'><img loading=\"lazy\" decoding=\"async\" width=\"150\" height=\"150\" src=\"https:\/\/archives.regards.fr\/wp-content\/uploads\/2013\/09\/jadot-726-150x150.jpg\" class=\"attachment-thumbnail size-thumbnail\" alt=\"jadot.jpg\" \/><\/a>\n\t\t\t<\/div><\/figure>\n\t\t<\/div>\n\n","protected":false},"excerpt":{"rendered":"<p>Ce ne sont plus des couleuvres que les \u00e9cologistes avalent mais des boas. Dimanche soir sur TF1, Fran\u00e7ois Hollande a douch\u00e9 leurs espoirs d\u2019une taxe sur le diesel, les \u00e9lus EELV devront se contenter d\u2019un cr\u00e9dit d\u2019imp\u00f4t sur la r\u00e9novation thermique. Toujours selon les d\u00e9clarations du Pr\u00e9sident, la future contribution climat \u00e9nergie montera en puissance \u00ab\u00a0de mani\u00e8re limit\u00e9e\u00a0\u00bb et n&#8217;aura \u00ab\u00a0pas d&#8217;effet en 2014\u00a0\u00bb. De quoi f\u00e2cher s\u00e9rieusement les \u00e9colos. Jusqu\u2019\u00e0 envisager une sortie\u00a0du gouvernement\u00a0? Qu\u2019en pense l\u2019eurod\u00e9put\u00e9 EELV Yannick Jadot\u00a0? Entretien.<\/p>\n","protected":false},"author":570,"featured_media":18993,"comment_status":"open","ping_status":"open","sticky":false,"template":"","format":"standard","meta":{"_themeisle_gutenberg_block_has_review":false,"footnotes":""},"categories":[157],"tags":[457,293],"class_list":["post-7011","post","type-post","status-publish","format-standard","has-post-thumbnail","hentry","category-web","tag-eelv","tag-entretien"],"_links":{"self":[{"href":"https:\/\/archives.regards.fr\/index.php?rest_route=\/wp\/v2\/posts\/7011","targetHints":{"allow":["GET"]}}],"collection":[{"href":"https:\/\/archives.regards.fr\/index.php?rest_route=\/wp\/v2\/posts"}],"about":[{"href":"https:\/\/archives.regards.fr\/index.php?rest_route=\/wp\/v2\/types\/post"}],"author":[{"embeddable":true,"href":"https:\/\/archives.regards.fr\/index.php?rest_route=\/wp\/v2\/users\/570"}],"replies":[{"embeddable":true,"href":"https:\/\/archives.regards.fr\/index.php?rest_route=%2Fwp%2Fv2%2Fcomments&post=7011"}],"version-history":[{"count":0,"href":"https:\/\/archives.regards.fr\/index.php?rest_route=\/wp\/v2\/posts\/7011\/revisions"}],"wp:featuredmedia":[{"embeddable":true,"href":"https:\/\/archives.regards.fr\/index.php?rest_route=\/wp\/v2\/media\/18993"}],"wp:attachment":[{"href":"https:\/\/archives.regards.fr\/index.php?rest_route=%2Fwp%2Fv2%2Fmedia&parent=7011"}],"wp:term":[{"taxonomy":"category","embeddable":true,"href":"https:\/\/archives.regards.fr\/index.php?rest_route=%2Fwp%2Fv2%2Fcategories&post=7011"},{"taxonomy":"post_tag","embeddable":true,"href":"https:\/\/archives.regards.fr\/index.php?rest_route=%2Fwp%2Fv2%2Ftags&post=7011"}],"curies":[{"name":"wp","href":"https:\/\/api.w.org\/{rel}","templated":true}]}}