{"id":7006,"date":"2013-09-17T09:22:19","date_gmt":"2013-09-17T07:22:19","guid":{"rendered":"https:\/\/wp.muchomaas.com\/avec-marx-contre-le-mauvais-marx7006\/"},"modified":"2023-06-23T23:15:25","modified_gmt":"2023-06-23T21:15:25","slug":"avec-marx-contre-le-mauvais-marx7006","status":"publish","type":"post","link":"https:\/\/archives.regards.fr\/?p=7006","title":{"rendered":"Avec Marx, contre le \u00ab mauvais\u202f\u00bb Marx"},"content":{"rendered":"<p><em>La R\u00e9volution selon Karl Marx<\/em> est<br \/>\nun livre important, utile pour toutes<br \/>\ncelles et ceux qui n\u2019ont pas renonc\u00e9 \u00e0<br \/>\ntransformer en profondeur cette soci\u00e9t\u00e9<br \/>\net sur les moyens d\u2019y parvenir. L\u2019auteur<br \/>\nnous invite \u00e0 repenser la r\u00e9volution en<br \/>\ndes termes nouveaux. Le parti pris n\u2019est<br \/>\npas de renouer le fil avec une pens\u00e9e<br \/>\nmarxiste inachev\u00e9e, voire d\u00e9natur\u00e9e,<br \/>\nmais d\u2019explorer le corpus th\u00e9orique des<br \/>\nfondateurs du marxisme en se posant<br \/>\ncette question : n\u2019existe-t-il pas depuis<br \/>\nle d\u00e9but des failles, des impens\u00e9s qui<br \/>\nont pu nourrir les \u00e9checs des diff\u00e9rentes<br \/>\nr\u00e9volutions ? La probl\u00e9matique est<br \/>\nainsi pr\u00e9cis\u00e9e dans l\u2019introduction<br \/>\nd\u2019Isaac Johsua : <em>\u00ab Ce livre est une<br \/>\ninterrogation sur la r\u00e9volution, celle<br \/>\n\u00e0 faire, mais surtout celle qui aurait<br \/>\nd\u00e9j\u00e0 d\u00fb \u00eatre faite. Que s\u2019est-il pass\u00e9,<br \/>\nqui a emp\u00each\u00e9 un tel aboutissement ?<br \/>\nPourquoi tant d\u2019\u00e9checs, de tentatives<br \/>\nr\u00e9volutionnaires avort\u00e9es ? En cas<br \/>\nde succ\u00e8s, pourquoi ensuite tant de<br \/>\nd\u00e9ceptions ? \u00bb<\/em> L\u2019approche qui se r\u00e9v\u00e8le<br \/>\nextr\u00eamement f\u00e9conde ne consiste donc<br \/>\npas \u00e0 r\u00e9habiliter le \u00ab bon \u00bb Marx mais<br \/>\nplut\u00f4t \u00e0 d\u00e9busquer le \u00ab mauvais \u00bb.<\/p>\n<p>Abordant des sujets aussi vastes que<br \/>\n<em>\u00ab les forces productives ne sont pas le<br \/>\nmoteur de l\u2019histoire \u00bb<\/em>, <em>\u00ab la paysannerie<br \/>\nou la classe en trop \u00bb <\/em> , arr\u00eatons-nous ici<br \/>\n\u00e0 deux aspects \u00e9troitement imbriqu\u00e9s et<br \/>\nqui sont parmi les plus probl\u00e9matiques<br \/>\ndans la pens\u00e9e de Marx : <em>\u00ab l\u2019escamotage<br \/>\nde la politique \u00bb<\/em> et <em>\u00ab l\u2019illusion du<br \/>\nd\u00e9p\u00e9rissement de l\u2019\u00c9tat \u00bb<\/em>. Au terme<br \/>\nd\u2019une argumentation convaincante,<br \/>\nIsaac Johsua montre que la vision du<br \/>\ncommunisme, de la soci\u00e9t\u00e9 id\u00e9ale<br \/>\nd\u00e9velopp\u00e9e par Marx est en r\u00e9alit\u00e9, \u00e0<br \/>\npeu de chose pr\u00e8s, inchang\u00e9e depuis le livre de Thomas More, <em>Utopie<\/em> paru\u2026<br \/>\nen 1516. Pourtant, cette utopie avec<br \/>\nson ordre moral, dirig\u00e9 par des sages<br \/>\n(donc des vieux), ignore le droit, les<br \/>\nlibert\u00e9s et la politique. En arri\u00e8re-plan,<br \/>\nc\u2019est bien cette approche <em>\u00ab remplacer<br \/>\nle gouvernement des hommes par<br \/>\nl\u2019administration des choses \u00bb<\/em> qui fait<br \/>\nprobl\u00e8me. Pas de contradiction dans la<br \/>\nsoci\u00e9t\u00e9, pas de d\u00e9bat et donc pas de<br \/>\npolitique, et finalement la conclusion<br \/>\nlogique s\u2019impose : pas d\u2019\u00c9tat. Or la<br \/>\ndisparition des contradictions m\u00eame<br \/>\ndans une soci\u00e9t\u00e9 sans classe est un<br \/>\nleurre. Il y aura donc de la politique,<br \/>\nc\u2019est-\u00e0-dire de la strat\u00e9gie consciente<br \/>\npar nature discutable. Cela suppose<br \/>\ndes d\u00e9bats, des proc\u00e9dures de<br \/>\nd\u00e9cisions, la protection des minorit\u00e9s<br \/>\njusqu\u2019aux individus, donc un \u00c9tat.<\/p>\n<p>Cette question, comme bien d\u2019autres<br \/>\nsujets abord\u00e9s par l\u2019auteur, fait et<br \/>\nfera d\u00e9bat. Mais le livre contribue \u00e0<br \/>\nr\u00e9orienter les discutions strat\u00e9giques<br \/>\nnon dans la recherche d\u2019un \u00c9den perdu<br \/>\net illusoire du marxisme mais vers un<br \/>\nprojet \u00e9mancipateur tourn\u00e9 vers l\u2019avenir.<br \/>\nC\u2019est d\u00e9j\u00e0 beaucoup.<\/p>\n<p><em>La R\u00e9volution selon Karl Marx<\/em>, d\u2019Isaac<br \/>\nJoshua, \u00e9d. Page Deux, 298 p., 17\u20ac.<div id='gallery-1' class='gallery galleryid-7006 gallery-columns-3 gallery-size-thumbnail'><figure class='gallery-item'>\n\t\t\t<div class='gallery-icon landscape'>\n\t\t\t\t<a href='https:\/\/archives.regards.fr\/wp-content\/uploads\/2013\/09\/marx-2-8f0.jpg'><img loading=\"lazy\" decoding=\"async\" width=\"150\" height=\"150\" src=\"https:\/\/archives.regards.fr\/wp-content\/uploads\/2013\/09\/marx-2-8f0-150x150.jpg\" class=\"attachment-thumbnail size-thumbnail\" alt=\"marx-2.jpg\" \/><\/a>\n\t\t\t<\/div><\/figure>\n\t\t<\/div>\n<\/p>\n","protected":false},"excerpt":{"rendered":"<p>La R\u00e9volution selon Karl Marx est un livre important, utile pour toutes celles et ceux qui n\u2019ont pas renonc\u00e9 \u00e0 transformer en profondeur cette soci\u00e9t\u00e9 et sur les moyens d\u2019y parvenir. L\u2019auteur nous invite \u00e0 repenser la r\u00e9volution en des termes nouveaux. Le parti pris n\u2019est pas de renouer le fil avec une pens\u00e9e marxiste [&hellip;]<\/p>\n","protected":false},"author":1097,"featured_media":18965,"comment_status":"open","ping_status":"open","sticky":false,"template":"","format":"standard","meta":{"_themeisle_gutenberg_block_has_review":false,"footnotes":""},"categories":[1],"tags":[],"class_list":["post-7006","post","type-post","status-publish","format-standard","has-post-thumbnail","hentry","category-non-classe"],"_links":{"self":[{"href":"https:\/\/archives.regards.fr\/index.php?rest_route=\/wp\/v2\/posts\/7006","targetHints":{"allow":["GET"]}}],"collection":[{"href":"https:\/\/archives.regards.fr\/index.php?rest_route=\/wp\/v2\/posts"}],"about":[{"href":"https:\/\/archives.regards.fr\/index.php?rest_route=\/wp\/v2\/types\/post"}],"author":[{"embeddable":true,"href":"https:\/\/archives.regards.fr\/index.php?rest_route=\/wp\/v2\/users\/1097"}],"replies":[{"embeddable":true,"href":"https:\/\/archives.regards.fr\/index.php?rest_route=%2Fwp%2Fv2%2Fcomments&post=7006"}],"version-history":[{"count":0,"href":"https:\/\/archives.regards.fr\/index.php?rest_route=\/wp\/v2\/posts\/7006\/revisions"}],"wp:featuredmedia":[{"embeddable":true,"href":"https:\/\/archives.regards.fr\/index.php?rest_route=\/wp\/v2\/media\/18965"}],"wp:attachment":[{"href":"https:\/\/archives.regards.fr\/index.php?rest_route=%2Fwp%2Fv2%2Fmedia&parent=7006"}],"wp:term":[{"taxonomy":"category","embeddable":true,"href":"https:\/\/archives.regards.fr\/index.php?rest_route=%2Fwp%2Fv2%2Fcategories&post=7006"},{"taxonomy":"post_tag","embeddable":true,"href":"https:\/\/archives.regards.fr\/index.php?rest_route=%2Fwp%2Fv2%2Ftags&post=7006"}],"curies":[{"name":"wp","href":"https:\/\/api.w.org\/{rel}","templated":true}]}}