{"id":6997,"date":"2013-09-12T16:42:40","date_gmt":"2013-09-12T14:42:40","guid":{"rendered":"https:\/\/wp.muchomaas.com\/journees-europeennes-du-patrimoine6997\/"},"modified":"2013-09-12T16:42:40","modified_gmt":"2013-09-12T14:42:40","slug":"journees-europeennes-du-patrimoine6997","status":"publish","type":"post","link":"https:\/\/archives.regards.fr\/?p=6997","title":{"rendered":"Journ\u00e9es europ\u00e9ennes du patrimoine"},"content":{"rendered":"<p>Les samedi 14 et dimanche 15 septembre, ce sont les 30e Journ\u00e9es europ\u00e9ennes du patrimoine, l&#8217;occasion de visiter mus\u00e9es, monuments et lieux habituellement ferm\u00e9s au public. Le th\u00e8me, cette ann\u00e9e, est la comm\u00e9moration de 100 ans de protection. Bonnes visites !<\/p>\n<p><a href=\"http:\/\/www.journeesdupatrimoine.culture.fr\"><img decoding=\"async\" src=\"IMG\/jpg\/france-2.jpg\" alt=\"france-2.jpg\" align=\"center\" \/><\/a><\/p>\n","protected":false},"excerpt":{"rendered":"<p>Les samedi 14 et dimanche 15 septembre, ce sont les 30e Journ\u00e9es europ\u00e9ennes du patrimoine, l&#8217;occasion de visiter mus\u00e9es, monuments et lieux habituellement ferm\u00e9s au public. Le th\u00e8me, cette ann\u00e9e, est la comm\u00e9moration de 100 ans de protection. Bonnes visites !<\/p>\n","protected":false},"author":643,"featured_media":0,"comment_status":"open","ping_status":"open","sticky":false,"template":"","format":"standard","meta":{"_themeisle_gutenberg_block_has_review":false,"footnotes":""},"categories":[111],"tags":[],"class_list":["post-6997","post","type-post","status-publish","format-standard","hentry","category-nos-selections"],"_links":{"self":[{"href":"https:\/\/archives.regards.fr\/index.php?rest_route=\/wp\/v2\/posts\/6997","targetHints":{"allow":["GET"]}}],"collection":[{"href":"https:\/\/archives.regards.fr\/index.php?rest_route=\/wp\/v2\/posts"}],"about":[{"href":"https:\/\/archives.regards.fr\/index.php?rest_route=\/wp\/v2\/types\/post"}],"author":[{"embeddable":true,"href":"https:\/\/archives.regards.fr\/index.php?rest_route=\/wp\/v2\/users\/643"}],"replies":[{"embeddable":true,"href":"https:\/\/archives.regards.fr\/index.php?rest_route=%2Fwp%2Fv2%2Fcomments&post=6997"}],"version-history":[{"count":0,"href":"https:\/\/archives.regards.fr\/index.php?rest_route=\/wp\/v2\/posts\/6997\/revisions"}],"wp:attachment":[{"href":"https:\/\/archives.regards.fr\/index.php?rest_route=%2Fwp%2Fv2%2Fmedia&parent=6997"}],"wp:term":[{"taxonomy":"category","embeddable":true,"href":"https:\/\/archives.regards.fr\/index.php?rest_route=%2Fwp%2Fv2%2Fcategories&post=6997"},{"taxonomy":"post_tag","embeddable":true,"href":"https:\/\/archives.regards.fr\/index.php?rest_route=%2Fwp%2Fv2%2Ftags&post=6997"}],"curies":[{"name":"wp","href":"https:\/\/api.w.org\/{rel}","templated":true}]}}