{"id":6996,"date":"2013-09-12T15:31:20","date_gmt":"2013-09-12T13:31:20","guid":{"rendered":"https:\/\/wp.muchomaas.com\/fete-des-10-ans-des-jardins6996\/"},"modified":"2023-06-23T23:15:24","modified_gmt":"2023-06-23T21:15:24","slug":"fete-des-10-ans-des-jardins6996","status":"publish","type":"post","link":"https:\/\/archives.regards.fr\/?p=6996","title":{"rendered":"F\u00eate des 10 ans des jardins partag\u00e9s de Repainville"},"content":{"rendered":"<p>Les jardins partag\u00e9s de Repainville, pr\u00e8s de Rouen, miracul\u00e9s de l&#8217;urbanisation galopante apr\u00e8s une lutte aboutie, f\u00eatent leurs 10 ans dans la joie et la bonne humeur.<\/p>\n<p>De nombreuses animations vous attendent tels que :<\/p>\n<ul>\n<li> &#8211; Reconstitution de l&#8217;histoire de Repainville<\/li>\n<li> &#8211; Chorale alternative<\/li>\n<li> &#8211; Clown jardinier pour les enfants<\/li>\n<li> &#8211; Plantation d&#8217;un arbre<\/li>\n<li> &#8211; Atelier jardinage pour la r\u00e9colte de graines<\/li>\n<li> &#8211; Atelier pour la d\u00e9couverte de plantes comestibles<\/li>\n<li> &#8211; Initiation \u00e0 l&#8217;apiculture<\/li>\n<li> &#8211; bourse locale d&#8217;\u00e9change : chacun est invit\u00e9 \u00e0 amener des objets\/ v\u00eatements dont il n&#8217;a plus l&#8217;utilit\u00e9<\/li>\n<\/ul>\n<p>Venez nombreux !<\/p>\n<p><a href=\"http:\/\/apsnrepainville.free.fr\/accueil.html\">apsnrepainville.free.fr<\/a><div id='gallery-1' class='gallery galleryid-6996 gallery-columns-3 gallery-size-thumbnail'><figure class='gallery-item'>\n\t\t\t<div class='gallery-icon portrait'>\n\t\t\t\t<a href='https:\/\/archives.regards.fr\/wp-content\/uploads\/2013\/09\/2dc8b28a5b9a28d2acf37ddf9d8b7b72-524.png'><img loading=\"lazy\" decoding=\"async\" width=\"150\" height=\"150\" src=\"https:\/\/archives.regards.fr\/wp-content\/uploads\/2013\/09\/2dc8b28a5b9a28d2acf37ddf9d8b7b72-524-150x150.png\" class=\"attachment-thumbnail size-thumbnail\" alt=\"2dc8b28a5b9a28d2acf37ddf9d8b7b72.png\" \/><\/a>\n\t\t\t<\/div><\/figure>\n\t\t<\/div>\n<\/p>\n","protected":false},"excerpt":{"rendered":"<p>Les jardins partag\u00e9s de Repainville, pr\u00e8s de Rouen, miracul\u00e9s de l&#8217;urbanisation galopante apr\u00e8s une lutte aboutie, f\u00eatent leurs 10 ans dans la joie et la bonne humeur. De nombreuses animations vous attendent tels que : &#8211; Reconstitution de l&#8217;histoire de Repainville &#8211; Chorale alternative &#8211; Clown jardinier pour les enfants &#8211; Plantation d&#8217;un arbre &#8211; [&hellip;]<\/p>\n","protected":false},"author":643,"featured_media":18940,"comment_status":"open","ping_status":"open","sticky":false,"template":"","format":"standard","meta":{"_themeisle_gutenberg_block_has_review":false,"footnotes":""},"categories":[152],"tags":[],"class_list":["post-6996","post","type-post","status-publish","format-standard","has-post-thumbnail","hentry","category-agenda-militant"],"_links":{"self":[{"href":"https:\/\/archives.regards.fr\/index.php?rest_route=\/wp\/v2\/posts\/6996","targetHints":{"allow":["GET"]}}],"collection":[{"href":"https:\/\/archives.regards.fr\/index.php?rest_route=\/wp\/v2\/posts"}],"about":[{"href":"https:\/\/archives.regards.fr\/index.php?rest_route=\/wp\/v2\/types\/post"}],"author":[{"embeddable":true,"href":"https:\/\/archives.regards.fr\/index.php?rest_route=\/wp\/v2\/users\/643"}],"replies":[{"embeddable":true,"href":"https:\/\/archives.regards.fr\/index.php?rest_route=%2Fwp%2Fv2%2Fcomments&post=6996"}],"version-history":[{"count":0,"href":"https:\/\/archives.regards.fr\/index.php?rest_route=\/wp\/v2\/posts\/6996\/revisions"}],"wp:featuredmedia":[{"embeddable":true,"href":"https:\/\/archives.regards.fr\/index.php?rest_route=\/wp\/v2\/media\/18940"}],"wp:attachment":[{"href":"https:\/\/archives.regards.fr\/index.php?rest_route=%2Fwp%2Fv2%2Fmedia&parent=6996"}],"wp:term":[{"taxonomy":"category","embeddable":true,"href":"https:\/\/archives.regards.fr\/index.php?rest_route=%2Fwp%2Fv2%2Fcategories&post=6996"},{"taxonomy":"post_tag","embeddable":true,"href":"https:\/\/archives.regards.fr\/index.php?rest_route=%2Fwp%2Fv2%2Ftags&post=6996"}],"curies":[{"name":"wp","href":"https:\/\/api.w.org\/{rel}","templated":true}]}}