{"id":6986,"date":"2013-09-10T10:31:10","date_gmt":"2013-09-10T08:31:10","guid":{"rendered":"https:\/\/wp.muchomaas.com\/pierre-dharreville-la-laicite-n6986\/"},"modified":"2013-09-10T10:31:10","modified_gmt":"2013-09-10T08:31:10","slug":"pierre-dharreville-la-laicite-n6986","status":"publish","type":"post","link":"https:\/\/archives.regards.fr\/?p=6986","title":{"rendered":"Pierre Dharr\u00e9ville, La la\u00efcit\u00e9 n\u2019est pas ce que vous croyez"},"content":{"rendered":"<p>Voici un livre sympathique, cultiv\u00e9 et utile. Pierre Dharr\u00e9ville est \u00e0 la fois un dirigeant communiste, un \u00e9crivain sensible et un homme de foi. Pour lui, la la\u00efcit\u00e9 n\u2019est pas une doctrine philosophique, mais un principe d\u2019action politique. Elle ne vaut pleinement que dans son double lien avec la d\u00e9mocratie et avec la d\u00e9sali\u00e9nation des personnes. Elle ne se confond donc pas plus avec le la\u00efcisme, que la foi religieuse ne s\u2019identifie au cl\u00e9ricalisme. Si elle d\u00e9teste ce qui ali\u00e8ne les humains, c\u2019est autant le pouvoir de l\u2019argent que l\u2019intol\u00e9rance. Et si elle veut rassembler, ce ne peut \u00eatre d\u2019abord en excluant (le port du voile\u2026). Cette vision complexe et respectueuse est la seule qui permet l\u2019apaisement. Une n\u00e9cessit\u00e9 majeure, dans un monde de violence, de cloisonnement et de m\u00e9pris\u2026<\/p>\n","protected":false},"excerpt":{"rendered":"<p>Voici un livre sympathique, cultiv\u00e9 et utile. Pierre Dharr\u00e9ville est \u00e0 la fois un dirigeant communiste, un \u00e9crivain sensible et un homme de foi. Pour lui, la la\u00efcit\u00e9 n\u2019est pas une doctrine philosophique, mais un principe d\u2019action politique. Elle ne vaut pleinement que dans son double lien avec la d\u00e9mocratie et avec la d\u00e9sali\u00e9nation des [&hellip;]<\/p>\n","protected":false},"author":328,"featured_media":18925,"comment_status":"open","ping_status":"open","sticky":false,"template":"","format":"standard","meta":{"_themeisle_gutenberg_block_has_review":false,"footnotes":""},"categories":[157],"tags":[357],"class_list":["post-6986","post","type-post","status-publish","format-standard","has-post-thumbnail","hentry","category-web","tag-chronique"],"_links":{"self":[{"href":"https:\/\/archives.regards.fr\/index.php?rest_route=\/wp\/v2\/posts\/6986","targetHints":{"allow":["GET"]}}],"collection":[{"href":"https:\/\/archives.regards.fr\/index.php?rest_route=\/wp\/v2\/posts"}],"about":[{"href":"https:\/\/archives.regards.fr\/index.php?rest_route=\/wp\/v2\/types\/post"}],"author":[{"embeddable":true,"href":"https:\/\/archives.regards.fr\/index.php?rest_route=\/wp\/v2\/users\/328"}],"replies":[{"embeddable":true,"href":"https:\/\/archives.regards.fr\/index.php?rest_route=%2Fwp%2Fv2%2Fcomments&post=6986"}],"version-history":[{"count":0,"href":"https:\/\/archives.regards.fr\/index.php?rest_route=\/wp\/v2\/posts\/6986\/revisions"}],"wp:featuredmedia":[{"embeddable":true,"href":"https:\/\/archives.regards.fr\/index.php?rest_route=\/wp\/v2\/media\/18925"}],"wp:attachment":[{"href":"https:\/\/archives.regards.fr\/index.php?rest_route=%2Fwp%2Fv2%2Fmedia&parent=6986"}],"wp:term":[{"taxonomy":"category","embeddable":true,"href":"https:\/\/archives.regards.fr\/index.php?rest_route=%2Fwp%2Fv2%2Fcategories&post=6986"},{"taxonomy":"post_tag","embeddable":true,"href":"https:\/\/archives.regards.fr\/index.php?rest_route=%2Fwp%2Fv2%2Ftags&post=6986"}],"curies":[{"name":"wp","href":"https:\/\/api.w.org\/{rel}","templated":true}]}}