{"id":6984,"date":"2013-09-09T20:40:36","date_gmt":"2013-09-09T18:40:36","guid":{"rendered":"https:\/\/wp.muchomaas.com\/les-sans-papiers-marchent-sur-le6984\/"},"modified":"2013-09-09T20:40:36","modified_gmt":"2013-09-09T18:40:36","slug":"les-sans-papiers-marchent-sur-le6984","status":"publish","type":"post","link":"https:\/\/archives.regards.fr\/?p=6984","title":{"rendered":"Les Sans-papiers marchent  sur le Grand Paris"},"content":{"rendered":"<p class=\"post_excerpt\">Le 7 septembre dernier, les militants Sans-papiers ont commenc\u00e9 leur grande marche \u00e0 travers l&#8217;agglom\u00e9ration parisienne du Grand Paris \u00e0 la rencontre de ses \u00e9lus et de ses habitants. <\/p>\n<p>Samedi midi, l&#8217;union nationale des Sans-papiers (UNSP) inaugurait \u00e0 sa mani\u00e8re la nouvelle place de la R\u00e9publique \u00e0 Paris. Regroup\u00e9s devant la statue, une centaine de militants \u00e9quip\u00e9s de banderoles et de m\u00e9gaphones se pr\u00e9paraient \u00e0 partir pour une longue marche en Ile-de-France. De fait, pendant un mois, migrants et Sans-papiers parcourront les villes du Grand Paris \u00e0 la rencontre des \u00e9lus et des habitants des quartiers. Objectif? <em>\u00ab\u00a0Questionner les pouvoirs en place sur les r\u00e9percussions que peut avoir sur notre avenir la transformation \u00e0 l&#8217;\u00e9chelle d&#8217;une vingtaine d&#8217;ann\u00e9es de l&#8217;agglom\u00e9ration parisienne en une m\u00e9tropole \u00e0 dimension europ\u00e9enne et mondiale,<\/em> indique le texte de l&#8217;appel \u00e0 la marche. [\u2026] <em>Attirer l&#8217;attention de tous, et des pouvoirs publics en particulier, sur les interstices, les zones fragiles, les angles morts, les parts d&#8217;ombres, les hors-champ, tout ce monde des \u201csans\u201d que le projet aura n\u00e9glig\u00e9s, oubli\u00e9s.\u00a0\u00bb <\/em> <\/p>\n<p>Pour ce faire, les militants ont pr\u00e9vu d&#8217;organiser des d\u00e9bats avec les habitants des quartiers et notamment aupr\u00e8s des jeunes. <em>\u00ab\u00a0Depuis 20 ans, les partis politiques ne trouvent pas de solution aux probl\u00e8mes des banlieues. Nous, nous avons des id\u00e9es. Nous avons beaucoup de choses \u00e0 \u00e9changer avec les jeunes des cit\u00e9s, et nous sommes bien plac\u00e9s, parce que ce sont nos enfants, nos petits-enfants, les enfants de nos fr\u00e8res\u00a0\u00bb,<\/em> d\u00e9clare  Sissoko Anzoumane, porte-parole de la coordination parisienne des Sans-papiers.  Et d&#8217;ajouter : <em>\u00ab\u00a0Une cit\u00e9 dans une ville, c&#8217;est comme un village. Les habitants doivent s&#8217;organiser entre-eux en s&#8217;inspirant de la gestion villageoise qui existe en Afrique pour participer aux d\u00e9bats et mettre la pression sur les politiques.\u00a0\u00bb<\/em> <\/p>\n<p>Afin de pr\u00e9parer au mieux leur p\u00e9riple \u00e0 travers le Grand Paris, les membres de l&#8217;UNSP ont envoy\u00e9 des courriers aux \u00e9lus locaux afin de les rencontrer pour \u00e9changer mais aussi pour travailler   l&#8217;organisation des d\u00e9bats et \u00eatre accueillis. Bilan : z\u00e9ro r\u00e9ponse. Dans certains d\u00e9partements, comme celui de la Seine-Saint-Denis, les militants pourront compter sur le r\u00e9seau associatif. Dans d&#8217;autres, ils devront se d\u00e9brouiller seuls. <em>\u00ab\u00a0Nous camperons devant les mairies en esp\u00e9rant que les \u00e9lus comme les habitants viendront \u00e0 notre rencontre, explique Sissoko Anzoumane. Nous organiserons des d\u00e9bats devant les centres de r\u00e9tention, les sous-pr\u00e9fectures et les pr\u00e9fectures pour expliquer le sens de cette marche et convaincre les Fran\u00e7ais\u00a0\u00bb<\/em><\/p>\n<p>Car de fait, l&#8217;enjeu de cette action est aussi <em>\u00ab\u00a0D\u00e9noncer la politique du gouvernement \u00e0 l&#8217;\u00e9gard des Sans-papiers \u00a0\u00bb<\/em>. Les membres de l&#8217;UNSP envisagent d&#8217;ailleurs de r\u00e9colter un maximum de signatures au bas de la p\u00e9tition r\u00e9dig\u00e9e pour l&#8217;occasion, avant de la d\u00e9poser \u00e0 l&#8217;Elys\u00e9e,  point d&#8217;arriv\u00e9e de la marche pr\u00e9vue le 6 octobre prochain. Parmi les revendications inscrites \u00e0 l&#8217;ordre du jour, on retrouve p\u00eale-m\u00eale, la r\u00e9gularisation de tous les Sans-papiers, la fermeture des centres de r\u00e9tention, l&#8217;arr\u00eat des expulsions, le respect du droit d&#8217;asile et\u2026la promulgation du droit de vote pour les \u00e9trangers. Une mesure phare du programme de campagne de Fran\u00e7ois Hollande tomb\u00e9e dans les oubliettes du Palais pr\u00e9sidentiel. <em>\u00ab\u00a0 Jamais un gouvernement PS n&#8217;a appliqu\u00e9 des lois aussi extr\u00eames \u00e0 l&#8217;\u00e9gard des Sans-papiers, constate Sissoko Anzoumane. Nous avons vot\u00e9 Fran\u00e7ois Hollande, nous voulons une politique de gauche.\u00a0\u00bb <\/em> <\/p>\n","protected":false},"excerpt":{"rendered":"<p>Le 7 septembre dernier, les militants Sans-papiers ont commenc\u00e9 leur grande marche \u00e0 travers l&#8217;agglom\u00e9ration parisienne du Grand Paris \u00e0 la rencontre de ses \u00e9lus et de ses habitants. <\/p>\n","protected":false},"author":777,"featured_media":0,"comment_status":"open","ping_status":"open","sticky":false,"template":"","format":"standard","meta":{"_themeisle_gutenberg_block_has_review":false,"footnotes":""},"categories":[157],"tags":[388],"class_list":["post-6984","post","type-post","status-publish","format-standard","hentry","category-web","tag-sans-papiers"],"_links":{"self":[{"href":"https:\/\/archives.regards.fr\/index.php?rest_route=\/wp\/v2\/posts\/6984","targetHints":{"allow":["GET"]}}],"collection":[{"href":"https:\/\/archives.regards.fr\/index.php?rest_route=\/wp\/v2\/posts"}],"about":[{"href":"https:\/\/archives.regards.fr\/index.php?rest_route=\/wp\/v2\/types\/post"}],"author":[{"embeddable":true,"href":"https:\/\/archives.regards.fr\/index.php?rest_route=\/wp\/v2\/users\/777"}],"replies":[{"embeddable":true,"href":"https:\/\/archives.regards.fr\/index.php?rest_route=%2Fwp%2Fv2%2Fcomments&post=6984"}],"version-history":[{"count":0,"href":"https:\/\/archives.regards.fr\/index.php?rest_route=\/wp\/v2\/posts\/6984\/revisions"}],"wp:attachment":[{"href":"https:\/\/archives.regards.fr\/index.php?rest_route=%2Fwp%2Fv2%2Fmedia&parent=6984"}],"wp:term":[{"taxonomy":"category","embeddable":true,"href":"https:\/\/archives.regards.fr\/index.php?rest_route=%2Fwp%2Fv2%2Fcategories&post=6984"},{"taxonomy":"post_tag","embeddable":true,"href":"https:\/\/archives.regards.fr\/index.php?rest_route=%2Fwp%2Fv2%2Ftags&post=6984"}],"curies":[{"name":"wp","href":"https:\/\/api.w.org\/{rel}","templated":true}]}}