{"id":6928,"date":"2013-08-17T10:00:00","date_gmt":"2013-08-17T08:00:00","guid":{"rendered":"https:\/\/wp.muchomaas.com\/capabilite-un-nouveau-concept6928\/"},"modified":"2023-06-23T23:15:13","modified_gmt":"2023-06-23T21:15:13","slug":"capabilite-un-nouveau-concept6928","status":"publish","type":"post","link":"https:\/\/archives.regards.fr\/?p=6928","title":{"rendered":"Capabilit\u00e9, un nouveau concept d\u00e9crypt\u00e9 par Cl\u00e9mentine Autain"},"content":{"rendered":"<p>Capabilit\u00e9. Le mot n\u2019a pas encore p\u00e9n\u00e9tr\u00e9 le langage courant mais l\u2019id\u00e9e progresse.<br \/>\nCe concept a \u00e9t\u00e9 forg\u00e9 par l\u2019\u00e9conomiste Amartya Sen, sp\u00e9cialiste de<br \/>\nla pauvret\u00e9 et du d\u00e9veloppement humain qui a re\u00e7u le Prix Nobel en 1998.<br \/>\nLa pauvret\u00e9, explique l\u2019intellectuel indien, n\u2019est pas seulement le manque de<br \/>\nrevenus. C\u2019est plus globalement la capabalit\u00e9 des individus qui est en jeu,<br \/>\nc\u2019est-\u00e0-dire leur insuffisante libert\u00e9 pour mener une vie convenable.<\/p>\n<p>La mani\u00e8re de convertir des biens en libert\u00e9 suppose la prise en compte<br \/>\nd\u2019un ensemble de crit\u00e8res tels que le genre, le lieu d\u2019habitation, l\u2019origine,<br \/>\nles handicaps, etc. Autrement dit, pour fa\u00e7onner une soci\u00e9t\u00e9 d\u2019individus<br \/>\nlibres et \u00e9gaux, il ne suffit pas que chacun ait un peu d\u2019argent. Satisfaire<br \/>\nles besoins vitaux des personnes n\u00e9cessite de prendre en compte la globalit\u00e9<br \/>\nde l\u2019organisation sociale. Non seulement les m\u00e9canismes de redistribution<br \/>\nclassique \u2013 fiscalit\u00e9, salaires, minima sociaux \u2013 doivent \u00eatre mobilis\u00e9s,<br \/>\nmais il en va aussi de la qualit\u00e9 et de l\u2019\u00e9gal acc\u00e8s aux services publics, de<br \/>\nla lutte contre toutes les formes de racisme ou de la juste conception des<br \/>\nterritoires. Avoir un toit, manger \u00e0 sa faim et sainement, pouvoir se soigner,<br \/>\navoir acc\u00e8s \u00e0 la formation, \u00e0 l\u2019\u00e9ducation, \u00e0 l\u2019emploi et \u00e0 la culture constituent<br \/>\nles bases pour vivre dignement.<\/p>\n<p>L\u2019approche par la capabilit\u00e9, ou les capabilit\u00e9s comme le pr\u00e9f\u00e8re Martha C.<br \/>\nNussbaum, vise \u00e0 \u00e9tablir une nouvelle th\u00e9orie de la justice sociale et des<br \/>\ndroits humains. La philosophe am\u00e9ricaine ne s\u2019int\u00e9resse pas seulement au<br \/>\nbien-\u00eatre total ou moyen mais aux possibilit\u00e9s offertes \u00e0 chaque personne<br \/>\nd\u2019\u00eatre libre. Elle soutient que les capabilit\u00e9s dont les individus ont besoin<br \/>\ndiff\u00e8rent en qualit\u00e9, et pas simplement en quantit\u00e9, ce qui suppose une attention<br \/>\nport\u00e9e \u00e0 la capacit\u00e9 d\u2019autod\u00e9finition des individus. Elle pr\u00f4ne une t\u00e2che<br \/>\npressante pour les politiques publiques : am\u00e9liorer la qualit\u00e9 de vie de tous<br \/>\nles individus, c\u2019est-\u00e0-dire l\u2019ensemble de leurs capabilit\u00e9s, soit les conditions<br \/>\nde leur libert\u00e9 v\u00e9ritable.<div id='gallery-1' class='gallery galleryid-6928 gallery-columns-3 gallery-size-thumbnail'><figure class='gallery-item'>\n\t\t\t<div class='gallery-icon landscape'>\n\t\t\t\t<a href='https:\/\/archives.regards.fr\/wp-content\/uploads\/2013\/07\/cr-ef9.png'><img loading=\"lazy\" decoding=\"async\" width=\"150\" height=\"150\" src=\"https:\/\/archives.regards.fr\/wp-content\/uploads\/2013\/07\/cr-ef9-150x150.png\" class=\"attachment-thumbnail size-thumbnail\" alt=\"cr.png\" \/><\/a>\n\t\t\t<\/div><\/figure>\n\t\t<\/div>\n<\/p>\n","protected":false},"excerpt":{"rendered":"<p>Capabilit\u00e9. Le mot n\u2019a pas encore p\u00e9n\u00e9tr\u00e9 le langage courant mais l\u2019id\u00e9e progresse. Ce concept a \u00e9t\u00e9 forg\u00e9 par l\u2019\u00e9conomiste Amartya Sen, sp\u00e9cialiste de la pauvret\u00e9 et du d\u00e9veloppement humain qui a re\u00e7u le Prix Nobel en 1998. La pauvret\u00e9, explique l\u2019intellectuel indien, n\u2019est pas seulement le manque de revenus. C\u2019est plus globalement la capabalit\u00e9 [&hellip;]<\/p>\n","protected":false},"author":570,"featured_media":18798,"comment_status":"open","ping_status":"open","sticky":false,"template":"","format":"standard","meta":{"_themeisle_gutenberg_block_has_review":false,"footnotes":""},"categories":[8],"tags":[],"class_list":["post-6928","post","type-post","status-publish","format-standard","has-post-thumbnail","hentry","category-economie"],"_links":{"self":[{"href":"https:\/\/archives.regards.fr\/index.php?rest_route=\/wp\/v2\/posts\/6928","targetHints":{"allow":["GET"]}}],"collection":[{"href":"https:\/\/archives.regards.fr\/index.php?rest_route=\/wp\/v2\/posts"}],"about":[{"href":"https:\/\/archives.regards.fr\/index.php?rest_route=\/wp\/v2\/types\/post"}],"author":[{"embeddable":true,"href":"https:\/\/archives.regards.fr\/index.php?rest_route=\/wp\/v2\/users\/570"}],"replies":[{"embeddable":true,"href":"https:\/\/archives.regards.fr\/index.php?rest_route=%2Fwp%2Fv2%2Fcomments&post=6928"}],"version-history":[{"count":0,"href":"https:\/\/archives.regards.fr\/index.php?rest_route=\/wp\/v2\/posts\/6928\/revisions"}],"wp:featuredmedia":[{"embeddable":true,"href":"https:\/\/archives.regards.fr\/index.php?rest_route=\/wp\/v2\/media\/18798"}],"wp:attachment":[{"href":"https:\/\/archives.regards.fr\/index.php?rest_route=%2Fwp%2Fv2%2Fmedia&parent=6928"}],"wp:term":[{"taxonomy":"category","embeddable":true,"href":"https:\/\/archives.regards.fr\/index.php?rest_route=%2Fwp%2Fv2%2Fcategories&post=6928"},{"taxonomy":"post_tag","embeddable":true,"href":"https:\/\/archives.regards.fr\/index.php?rest_route=%2Fwp%2Fv2%2Ftags&post=6928"}],"curies":[{"name":"wp","href":"https:\/\/api.w.org\/{rel}","templated":true}]}}