{"id":6917,"date":"2013-07-12T16:45:42","date_gmt":"2013-07-12T14:45:42","guid":{"rendered":"https:\/\/wp.muchomaas.com\/besoin-de-vitamines6917\/"},"modified":"2023-06-23T23:15:11","modified_gmt":"2023-06-23T21:15:11","slug":"besoin-de-vitamines6917","status":"publish","type":"post","link":"https:\/\/archives.regards.fr\/?p=6917","title":{"rendered":"Besoin de vitamines"},"content":{"rendered":"<p class=\"post_excerpt\">Retrouvez <a href=\"6919\">la version vid\u00e9o ici<\/a>.<\/p>\n<p>Maintenant que nous savons\u2026<br \/>\nQue les riches sont plus riches : 500 fortunes fran\u00e7aises ont vu leur richesse augmenter de 25% en un an, selon le magazine <em>Challenges<\/em> qui est tout sauf un br\u00fblot gauchiste ;<br \/>\nQue si les Etats-Unis nous espionnent, la France prot\u00e8gera\u2026 les Etats-Unis ;<br \/>\nQue nos retraites vont \u00eatre pass\u00e9es \u00e0 la machine ;<br \/>\nQue si un ministre critique le cap gouvernemental, il prend la porte ;<br \/>\nQue Bernard Tapie a dit sa v\u00e9rit\u00e9 et que Sarkozy revient\u2026<br \/>\nNous pouvons prendre un peu de repos bien m\u00e9rit\u00e9. D\u2019autant que les bonnes nouvelles n\u2019arrivent pas toujours de l\u00e0 o\u00f9 l\u2019on peut l\u2019esp\u00e9rer puisque l\u2019\u00e9t\u00e9 s\u2019annonce, sur un plan m\u00e9t\u00e9orologique, moins pourri que pr\u00e9vu. L\u2019\u00e9quipe de <em>Regards<\/em> vous soumettra jour apr\u00e8s jour ses coups de c\u0153urs et vous souhaite un \u00e9t\u00e9 plein de vitamines. Car la rentr\u00e9e devrait \u00eatre tonique.<div id='gallery-1' class='gallery galleryid-6917 gallery-columns-3 gallery-size-thumbnail'><figure class='gallery-item'>\n\t\t\t<div class='gallery-icon landscape'>\n\t\t\t\t<a href='https:\/\/archives.regards.fr\/wp-content\/uploads\/2013\/07\/plam-f76.png'><img loading=\"lazy\" decoding=\"async\" width=\"150\" height=\"150\" src=\"https:\/\/archives.regards.fr\/wp-content\/uploads\/2013\/07\/plam-f76-150x150.png\" class=\"attachment-thumbnail size-thumbnail\" alt=\"plam.png\" \/><\/a>\n\t\t\t<\/div><\/figure>\n\t\t<\/div>\n<\/p>\n","protected":false},"excerpt":{"rendered":"<p>Retrouvez <a href=\"6919\">la version vid\u00e9o ici<\/a>.<\/p>\n","protected":false},"author":570,"featured_media":18780,"comment_status":"open","ping_status":"open","sticky":false,"template":"","format":"standard","meta":{"_themeisle_gutenberg_block_has_review":false,"footnotes":""},"categories":[157],"tags":[328],"class_list":["post-6917","post","type-post","status-publish","format-standard","has-post-thumbnail","hentry","category-web","tag-editorial"],"_links":{"self":[{"href":"https:\/\/archives.regards.fr\/index.php?rest_route=\/wp\/v2\/posts\/6917","targetHints":{"allow":["GET"]}}],"collection":[{"href":"https:\/\/archives.regards.fr\/index.php?rest_route=\/wp\/v2\/posts"}],"about":[{"href":"https:\/\/archives.regards.fr\/index.php?rest_route=\/wp\/v2\/types\/post"}],"author":[{"embeddable":true,"href":"https:\/\/archives.regards.fr\/index.php?rest_route=\/wp\/v2\/users\/570"}],"replies":[{"embeddable":true,"href":"https:\/\/archives.regards.fr\/index.php?rest_route=%2Fwp%2Fv2%2Fcomments&post=6917"}],"version-history":[{"count":0,"href":"https:\/\/archives.regards.fr\/index.php?rest_route=\/wp\/v2\/posts\/6917\/revisions"}],"wp:featuredmedia":[{"embeddable":true,"href":"https:\/\/archives.regards.fr\/index.php?rest_route=\/wp\/v2\/media\/18780"}],"wp:attachment":[{"href":"https:\/\/archives.regards.fr\/index.php?rest_route=%2Fwp%2Fv2%2Fmedia&parent=6917"}],"wp:term":[{"taxonomy":"category","embeddable":true,"href":"https:\/\/archives.regards.fr\/index.php?rest_route=%2Fwp%2Fv2%2Fcategories&post=6917"},{"taxonomy":"post_tag","embeddable":true,"href":"https:\/\/archives.regards.fr\/index.php?rest_route=%2Fwp%2Fv2%2Ftags&post=6917"}],"curies":[{"name":"wp","href":"https:\/\/api.w.org\/{rel}","templated":true}]}}